{"id":3979,"date":"2026-04-29T21:14:40","date_gmt":"2026-04-29T19:14:40","guid":{"rendered":"https:\/\/www.maga.gob.gt\/sitios\/visar\/?p=3979"},"modified":"2026-04-29T21:14:40","modified_gmt":"2026-04-29T19:14:40","slug":"capacitan-a-personal-de-salud-de-alta-verapaz-en-prevencion-del-gusano-barrenador","status":"publish","type":"post","link":"https:\/\/www.maga.gob.gt\/sitios\/visar\/2026\/04\/29\/capacitan-a-personal-de-salud-de-alta-verapaz-en-prevencion-del-gusano-barrenador\/","title":{"rendered":"Capacitan a personal de salud de Alta Verapaz en prevenci\u00f3n del Gusano Barrenador"},"content":{"rendered":"<p style=\"text-align: justify;\">Un total de 41 auxiliares de enfermer\u00eda y t\u00e9cnicos del Centro de Atenci\u00f3n Integral Materno Infantil (CAIMI), de San Crist\u00f3bal Verapaz, Alta Verapaz, fueron capacitados en acciones de contenci\u00f3n, prevenci\u00f3n y control del Gusano Barrenador.<\/p>\n<p style=\"text-align: justify;\">La jornada se realiz\u00f3 el 13 de abril y estuvo a cargo del personal del Programa Nacional de Contenci\u00f3n, Control y Erradicaci\u00f3n del Gusano Barrenador, del Ministerio de Agricultura, Ganader\u00eda y Alimentaci\u00f3n (MAGA).<\/p>\n<p style=\"text-align: justify;\"><img loading=\"lazy\" decoding=\"async\" class=\"alignnone size-full wp-image-659677\" src=\"https:\/\/www.maga.gob.gt\/wp-content\/uploads\/2026\/04\/Capacitan-a-personal-de-salud-de-Alta-Verapaz3.jpeg\" sizes=\"auto, (max-width: 1152px) 100vw, 1152px\" srcset=\"https:\/\/www.maga.gob.gt\/wp-content\/uploads\/2026\/04\/Capacitan-a-personal-de-salud-de-Alta-Verapaz3.jpeg 1152w, https:\/\/www.maga.gob.gt\/wp-content\/uploads\/2026\/04\/Capacitan-a-personal-de-salud-de-Alta-Verapaz3-300x217.jpeg 300w, https:\/\/www.maga.gob.gt\/wp-content\/uploads\/2026\/04\/Capacitan-a-personal-de-salud-de-Alta-Verapaz3-1024x740.jpeg 1024w, https:\/\/www.maga.gob.gt\/wp-content\/uploads\/2026\/04\/Capacitan-a-personal-de-salud-de-Alta-Verapaz3-768x555.jpeg 768w, https:\/\/www.maga.gob.gt\/wp-content\/uploads\/2026\/04\/Capacitan-a-personal-de-salud-de-Alta-Verapaz3-500x362.jpeg 500w\" alt=\"\" width=\"1152\" height=\"833\" \/><\/p>\n<p style=\"text-align: justify;\">Esta es una acci\u00f3n que es parte del fortalecimiento de la educaci\u00f3n sanitaria y la respuesta interinstitucional ante esta enfermedad y que fortalece al sector salud, al contribuir con la reducci\u00f3n de los efectos que esta genera en la producci\u00f3n pecuaria y en las personas.<\/p>\n<p style=\"text-align: justify;\">Con estas acciones, la instituci\u00f3n fortalece las capacidades del recurso humano sanitario, promoviendo la detecci\u00f3n oportuna y la coordinaci\u00f3n de esfuerzos para disminuir su impacto a nivel nacional (EJ\/ea).<\/p>\n<p style=\"text-align: justify;\"><img loading=\"lazy\" decoding=\"async\" class=\"alignnone size-full wp-image-659676\" src=\"https:\/\/www.maga.gob.gt\/wp-content\/uploads\/2026\/04\/Capacitan-a-personal-de-salud-de-Alta-Verapaz2.jpeg\" sizes=\"auto, (max-width: 1152px) 100vw, 1152px\" srcset=\"https:\/\/www.maga.gob.gt\/wp-content\/uploads\/2026\/04\/Capacitan-a-personal-de-salud-de-Alta-Verapaz2.jpeg 1152w, https:\/\/www.maga.gob.gt\/wp-content\/uploads\/2026\/04\/Capacitan-a-personal-de-salud-de-Alta-Verapaz2-300x179.jpeg 300w, https:\/\/www.maga.gob.gt\/wp-content\/uploads\/2026\/04\/Capacitan-a-personal-de-salud-de-Alta-Verapaz2-1024x612.jpeg 1024w, https:\/\/www.maga.gob.gt\/wp-content\/uploads\/2026\/04\/Capacitan-a-personal-de-salud-de-Alta-Verapaz2-768x459.jpeg 768w, https:\/\/www.maga.gob.gt\/wp-content\/uploads\/2026\/04\/Capacitan-a-personal-de-salud-de-Alta-Verapaz2-500x299.jpeg 500w\" alt=\"\" width=\"1152\" height=\"689\" \/><\/p>\n","protected":false},"excerpt":{"rendered":"<p>Un total de 41 auxiliares de enfermer\u00eda y t\u00e9cnicos del Centro de Atenci\u00f3n Integral Materno Infantil (CAIMI), de San Crist\u00f3bal Verapaz, Alta Verapaz, fueron capacitados en acciones de contenci\u00f3n, prevenci\u00f3n y control del Gusano Barrenador. La jornada se realiz\u00f3 el 13 de abril y estuvo a cargo del personal del Programa Nacional de Contenci\u00f3n, Control [&hellip;]<\/p>\n","protected":false},"author":2,"featured_media":3980,"comment_status":"closed","ping_status":"closed","sticky":false,"template":"","format":"standard","meta":{"footnotes":""},"categories":[3],"tags":[],"class_list":["post-3979","post","type-post","status-publish","format-standard","has-post-thumbnail","hentry","category-principal"],"_links":{"self":[{"href":"https:\/\/www.maga.gob.gt\/sitios\/visar\/wp-json\/wp\/v2\/posts\/3979","targetHints":{"allow":["GET"]}}],"collection":[{"href":"https:\/\/www.maga.gob.gt\/sitios\/visar\/wp-json\/wp\/v2\/posts"}],"about":[{"href":"https:\/\/www.maga.gob.gt\/sitios\/visar\/wp-json\/wp\/v2\/types\/post"}],"author":[{"embeddable":true,"href":"https:\/\/www.maga.gob.gt\/sitios\/visar\/wp-json\/wp\/v2\/users\/2"}],"replies":[{"embeddable":true,"href":"https:\/\/www.maga.gob.gt\/sitios\/visar\/wp-json\/wp\/v2\/comments?post=3979"}],"version-history":[{"count":1,"href":"https:\/\/www.maga.gob.gt\/sitios\/visar\/wp-json\/wp\/v2\/posts\/3979\/revisions"}],"predecessor-version":[{"id":3981,"href":"https:\/\/www.maga.gob.gt\/sitios\/visar\/wp-json\/wp\/v2\/posts\/3979\/revisions\/3981"}],"wp:featuredmedia":[{"embeddable":true,"href":"https:\/\/www.maga.gob.gt\/sitios\/visar\/wp-json\/wp\/v2\/media\/3980"}],"wp:attachment":[{"href":"https:\/\/www.maga.gob.gt\/sitios\/visar\/wp-json\/wp\/v2\/media?parent=3979"}],"wp:term":[{"taxonomy":"category","embeddable":true,"href":"https:\/\/www.maga.gob.gt\/sitios\/visar\/wp-json\/wp\/v2\/categories?post=3979"},{"taxonomy":"post_tag","embeddable":true,"href":"https:\/\/www.maga.gob.gt\/sitios\/visar\/wp-json\/wp\/v2\/tags?post=3979"}],"curies":[{"name":"wp","href":"https:\/\/api.w.org\/{rel}","templated":true}]}}