{"id":3634,"date":"2026-03-10T21:35:46","date_gmt":"2026-03-10T20:35:46","guid":{"rendered":"https:\/\/www.maga.gob.gt\/sitios\/visar\/?p=3634"},"modified":"2026-03-10T21:35:46","modified_gmt":"2026-03-10T20:35:46","slug":"soldados-capacitados-para-prevenir-el-gusano-barrenador","status":"publish","type":"post","link":"https:\/\/www.maga.gob.gt\/sitios\/visar\/2026\/03\/10\/soldados-capacitados-para-prevenir-el-gusano-barrenador\/","title":{"rendered":"Soldados capacitados para prevenir el Gusano Barrenador"},"content":{"rendered":"<p style=\"text-align: justify;\">Como parte de las acciones de educaci\u00f3n y divulgaci\u00f3n sanitaria para reforzar la prevenci\u00f3n y el control del Gusano Barrenador, soldados de la Quinta Brigada de Infanter\u00eda en Huehuetenango, participaron en una jornada de capacitaci\u00f3n respecto a esta plaga.<\/p>\n<p style=\"text-align: justify;\">El objetivo es ampliar el alcance de la informaci\u00f3n entre las comunidades y fortalecer el trabajo interinstitucional en favor de la sanidad animal y la salud p\u00fablica.<\/p>\n<p style=\"text-align: justify;\"><img loading=\"lazy\" decoding=\"async\" class=\"alignnone size-full wp-image-656434\" src=\"https:\/\/www.maga.gob.gt\/wp-content\/uploads\/2026\/03\/Soldados-capacitados-para-prevenir-el-Gusano-Barrenador2.jpeg\" sizes=\"auto, (max-width: 1600px) 100vw, 1600px\" srcset=\"https:\/\/www.maga.gob.gt\/wp-content\/uploads\/2026\/03\/Soldados-capacitados-para-prevenir-el-Gusano-Barrenador2.jpeg 1600w, https:\/\/www.maga.gob.gt\/wp-content\/uploads\/2026\/03\/Soldados-capacitados-para-prevenir-el-Gusano-Barrenador2-300x225.jpeg 300w, https:\/\/www.maga.gob.gt\/wp-content\/uploads\/2026\/03\/Soldados-capacitados-para-prevenir-el-Gusano-Barrenador2-1024x768.jpeg 1024w, https:\/\/www.maga.gob.gt\/wp-content\/uploads\/2026\/03\/Soldados-capacitados-para-prevenir-el-Gusano-Barrenador2-768x576.jpeg 768w, https:\/\/www.maga.gob.gt\/wp-content\/uploads\/2026\/03\/Soldados-capacitados-para-prevenir-el-Gusano-Barrenador2-1536x1152.jpeg 1536w, https:\/\/www.maga.gob.gt\/wp-content\/uploads\/2026\/03\/Soldados-capacitados-para-prevenir-el-Gusano-Barrenador2-500x375.jpeg 500w\" alt=\"\" width=\"1600\" height=\"1200\" \/><\/p>\n<p style=\"text-align: justify;\">Fueron capacitados 54 soldados de la Quinta Brigada de Infanter\u00eda en Huehuetenango y tres representantes de la brigada destacada en San Marcos, quienes recibieron conocimientos clave para apoyar la difusi\u00f3n de informaci\u00f3n sobre sanidad animal y contribuir a la detecci\u00f3n oportuna de posibles casos en sus \u00e1reas de influencia.<\/p>\n<p style=\"text-align: justify;\">Como parte de la actividad tambi\u00e9n se realiz\u00f3 la entrega de material b\u00e1sico para la curaci\u00f3n de heridas, insumos para la toma de muestras destinadas al env\u00edo al laboratorio y material divulgativo, herramientas que permitir\u00e1n fortalecer las acciones de vigilancia y respuesta ante la presencia del gusano barrenador.<\/p>\n<p style=\"text-align: justify;\"><img loading=\"lazy\" decoding=\"async\" class=\"alignnone size-full wp-image-656435\" src=\"https:\/\/www.maga.gob.gt\/wp-content\/uploads\/2026\/03\/Soldados-capacitados-para-prevenir-el-Gusano-Barrenador3.jpeg\" sizes=\"auto, (max-width: 1600px) 100vw, 1600px\" srcset=\"https:\/\/www.maga.gob.gt\/wp-content\/uploads\/2026\/03\/Soldados-capacitados-para-prevenir-el-Gusano-Barrenador3.jpeg 1600w, https:\/\/www.maga.gob.gt\/wp-content\/uploads\/2026\/03\/Soldados-capacitados-para-prevenir-el-Gusano-Barrenador3-300x225.jpeg 300w, https:\/\/www.maga.gob.gt\/wp-content\/uploads\/2026\/03\/Soldados-capacitados-para-prevenir-el-Gusano-Barrenador3-1024x768.jpeg 1024w, https:\/\/www.maga.gob.gt\/wp-content\/uploads\/2026\/03\/Soldados-capacitados-para-prevenir-el-Gusano-Barrenador3-768x576.jpeg 768w, https:\/\/www.maga.gob.gt\/wp-content\/uploads\/2026\/03\/Soldados-capacitados-para-prevenir-el-Gusano-Barrenador3-1536x1152.jpeg 1536w, https:\/\/www.maga.gob.gt\/wp-content\/uploads\/2026\/03\/Soldados-capacitados-para-prevenir-el-Gusano-Barrenador3-500x375.jpeg 500w\" alt=\"\" width=\"1600\" height=\"1200\" \/><\/p>\n<p style=\"text-align: justify;\">La actividad fue impulsada por profesionales del Ministerio de Agricultura, Ganader\u00eda y Alimentaci\u00f3n (MAGA), por medio del Programa de Control del Gusano Barrenador, quienes brindaron una presentaci\u00f3n t\u00e9cnica y actualizada sobre la prevenci\u00f3n, identificaci\u00f3n y notificaci\u00f3n de casos de esta enfermedad que afecta tanto a animales como a humanos.<\/p>\n<p style=\"text-align: justify;\"><img loading=\"lazy\" decoding=\"async\" class=\"alignnone size-full wp-image-656436\" src=\"https:\/\/www.maga.gob.gt\/wp-content\/uploads\/2026\/03\/Soldados-capacitados-para-prevenir-el-Gusano-Barrenador4.jpeg\" sizes=\"auto, (max-width: 1152px) 100vw, 1152px\" srcset=\"https:\/\/www.maga.gob.gt\/wp-content\/uploads\/2026\/03\/Soldados-capacitados-para-prevenir-el-Gusano-Barrenador4.jpeg 1152w, https:\/\/www.maga.gob.gt\/wp-content\/uploads\/2026\/03\/Soldados-capacitados-para-prevenir-el-Gusano-Barrenador4-300x181.jpeg 300w, https:\/\/www.maga.gob.gt\/wp-content\/uploads\/2026\/03\/Soldados-capacitados-para-prevenir-el-Gusano-Barrenador4-1024x618.jpeg 1024w, https:\/\/www.maga.gob.gt\/wp-content\/uploads\/2026\/03\/Soldados-capacitados-para-prevenir-el-Gusano-Barrenador4-768x463.jpeg 768w, https:\/\/www.maga.gob.gt\/wp-content\/uploads\/2026\/03\/Soldados-capacitados-para-prevenir-el-Gusano-Barrenador4-500x302.jpeg 500w\" alt=\"\" width=\"1152\" height=\"695\" \/><\/p>\n<p style=\"text-align: justify;\">Las autoridades destacaron que la participaci\u00f3n de la instituci\u00f3n militar contribuye a ampliar el alcance de las acciones preventivas, especialmente en comunidades rurales en donde la informaci\u00f3n y la atenci\u00f3n temprana son fundamentales para evitar la propagaci\u00f3n de la enfermedad.<\/p>\n<p style=\"text-align: justify;\">Con estas acciones conjuntas se fortalece la coordinaci\u00f3n interinstitucional, se promueve la importancia de la prevenci\u00f3n y el control del gusano barrenador en Guatemala. Con ello se refuerza la vigilancia sanitaria y la protecci\u00f3n del sector pecuario del pa\u00eds (EJ\/ea).<\/p>\n<p style=\"text-align: justify;\"><img loading=\"lazy\" decoding=\"async\" class=\"alignnone size-full wp-image-656437\" src=\"https:\/\/www.maga.gob.gt\/wp-content\/uploads\/2026\/03\/Soldados-capacitados-para-prevenir-el-Gusano-Barrenador5.jpeg\" sizes=\"auto, (max-width: 1152px) 100vw, 1152px\" srcset=\"https:\/\/www.maga.gob.gt\/wp-content\/uploads\/2026\/03\/Soldados-capacitados-para-prevenir-el-Gusano-Barrenador5.jpeg 1152w, https:\/\/www.maga.gob.gt\/wp-content\/uploads\/2026\/03\/Soldados-capacitados-para-prevenir-el-Gusano-Barrenador5-300x173.jpeg 300w, https:\/\/www.maga.gob.gt\/wp-content\/uploads\/2026\/03\/Soldados-capacitados-para-prevenir-el-Gusano-Barrenador5-1024x590.jpeg 1024w, https:\/\/www.maga.gob.gt\/wp-content\/uploads\/2026\/03\/Soldados-capacitados-para-prevenir-el-Gusano-Barrenador5-768x443.jpeg 768w, https:\/\/www.maga.gob.gt\/wp-content\/uploads\/2026\/03\/Soldados-capacitados-para-prevenir-el-Gusano-Barrenador5-500x288.jpeg 500w\" alt=\"\" width=\"1152\" height=\"664\" \/><\/p>\n","protected":false},"excerpt":{"rendered":"<p>Como parte de las acciones de educaci\u00f3n y divulgaci\u00f3n sanitaria para reforzar la prevenci\u00f3n y el control del Gusano Barrenador, soldados de la Quinta Brigada de Infanter\u00eda en Huehuetenango, participaron en una jornada de capacitaci\u00f3n respecto a esta plaga. El objetivo es ampliar el alcance de la informaci\u00f3n entre las comunidades y fortalecer el trabajo [&hellip;]<\/p>\n","protected":false},"author":2,"featured_media":3635,"comment_status":"closed","ping_status":"closed","sticky":false,"template":"","format":"standard","meta":{"footnotes":""},"categories":[3],"tags":[],"class_list":["post-3634","post","type-post","status-publish","format-standard","has-post-thumbnail","hentry","category-principal"],"_links":{"self":[{"href":"https:\/\/www.maga.gob.gt\/sitios\/visar\/wp-json\/wp\/v2\/posts\/3634","targetHints":{"allow":["GET"]}}],"collection":[{"href":"https:\/\/www.maga.gob.gt\/sitios\/visar\/wp-json\/wp\/v2\/posts"}],"about":[{"href":"https:\/\/www.maga.gob.gt\/sitios\/visar\/wp-json\/wp\/v2\/types\/post"}],"author":[{"embeddable":true,"href":"https:\/\/www.maga.gob.gt\/sitios\/visar\/wp-json\/wp\/v2\/users\/2"}],"replies":[{"embeddable":true,"href":"https:\/\/www.maga.gob.gt\/sitios\/visar\/wp-json\/wp\/v2\/comments?post=3634"}],"version-history":[{"count":1,"href":"https:\/\/www.maga.gob.gt\/sitios\/visar\/wp-json\/wp\/v2\/posts\/3634\/revisions"}],"predecessor-version":[{"id":3636,"href":"https:\/\/www.maga.gob.gt\/sitios\/visar\/wp-json\/wp\/v2\/posts\/3634\/revisions\/3636"}],"wp:featuredmedia":[{"embeddable":true,"href":"https:\/\/www.maga.gob.gt\/sitios\/visar\/wp-json\/wp\/v2\/media\/3635"}],"wp:attachment":[{"href":"https:\/\/www.maga.gob.gt\/sitios\/visar\/wp-json\/wp\/v2\/media?parent=3634"}],"wp:term":[{"taxonomy":"category","embeddable":true,"href":"https:\/\/www.maga.gob.gt\/sitios\/visar\/wp-json\/wp\/v2\/categories?post=3634"},{"taxonomy":"post_tag","embeddable":true,"href":"https:\/\/www.maga.gob.gt\/sitios\/visar\/wp-json\/wp\/v2\/tags?post=3634"}],"curies":[{"name":"wp","href":"https:\/\/api.w.org\/{rel}","templated":true}]}}