{"id":3627,"date":"2026-03-09T18:35:19","date_gmt":"2026-03-09T17:35:19","guid":{"rendered":"https:\/\/www.maga.gob.gt\/sitios\/visar\/?p=3627"},"modified":"2026-03-09T18:35:19","modified_gmt":"2026-03-09T17:35:19","slug":"jornada-sanitaria-fortalece-la-produccion-porcina-familiar-en-villa-nueva","status":"publish","type":"post","link":"https:\/\/www.maga.gob.gt\/sitios\/visar\/2026\/03\/09\/jornada-sanitaria-fortalece-la-produccion-porcina-familiar-en-villa-nueva\/","title":{"rendered":"Jornada sanitaria fortalece la producci\u00f3n porcina familiar en Villa Nueva"},"content":{"rendered":"<p style=\"text-align: justify;\">Un grupo de 25 peque\u00f1os productores de porcinos familiares de la aldea B\u00e1rcena, municipio de Villa Nueva, Guatemala, participaron en una jornada de vigilancia sanitaria, educaci\u00f3n y asistencia t\u00e9cnica orientada a fortalecer la sanidad animal y mejorar la productividad de sus unidades pecuarias.<\/p>\n<p style=\"text-align: justify;\">La actividad fue desarrollada por brigadas de campo del Programa Nacional de Sanidad Porcina (PRONASPORC) y del Programa del Gusano Barrenador del Ministerio de Agricultura, Ganader\u00eda y Alimentaci\u00f3n (MAGA).<\/p>\n<p style=\"text-align: justify;\"><img loading=\"lazy\" decoding=\"async\" class=\"alignnone size-full wp-image-656185\" src=\"https:\/\/www.maga.gob.gt\/wp-content\/uploads\/2026\/03\/Jornada-sanitaria-fortalece-la-produccion-porcina-familiar-en-Villa-Nueva2.jpeg\" sizes=\"auto, (max-width: 1152px) 100vw, 1152px\" srcset=\"https:\/\/www.maga.gob.gt\/wp-content\/uploads\/2026\/03\/Jornada-sanitaria-fortalece-la-produccion-porcina-familiar-en-Villa-Nueva2.jpeg 1152w, https:\/\/www.maga.gob.gt\/wp-content\/uploads\/2026\/03\/Jornada-sanitaria-fortalece-la-produccion-porcina-familiar-en-Villa-Nueva2-300x190.jpeg 300w, https:\/\/www.maga.gob.gt\/wp-content\/uploads\/2026\/03\/Jornada-sanitaria-fortalece-la-produccion-porcina-familiar-en-Villa-Nueva2-1024x648.jpeg 1024w, https:\/\/www.maga.gob.gt\/wp-content\/uploads\/2026\/03\/Jornada-sanitaria-fortalece-la-produccion-porcina-familiar-en-Villa-Nueva2-768x486.jpeg 768w, https:\/\/www.maga.gob.gt\/wp-content\/uploads\/2026\/03\/Jornada-sanitaria-fortalece-la-produccion-porcina-familiar-en-Villa-Nueva2-500x316.jpeg 500w\" alt=\"\" width=\"1152\" height=\"729\" \/><\/p>\n<p style=\"text-align: justify;\">El objetivo fue reforzar la vigilancia epidemiol\u00f3gica de enfermedades porcinas, principalmente la Peste Porcina Cl\u00e1sica (PPC), as\u00ed como promover buenas pr\u00e1cticas de manejo sanitario en explotaciones familiares y comerciales.<\/p>\n<p style=\"text-align: justify;\">Durante la jornada se expusieron temas como la PPC, problemas respiratorios en cerdos y manejo de partos, adem\u00e1s de explicar a los productores los s\u00edntomas de estas enfermedades y las p\u00e9rdidas econ\u00f3micas que pueden ocasionar si no se reportan oportunamente a un m\u00e9dico veterinario.<\/p>\n<p style=\"text-align: justify;\"><img loading=\"lazy\" decoding=\"async\" class=\"alignnone size-full wp-image-656186\" src=\"https:\/\/www.maga.gob.gt\/wp-content\/uploads\/2026\/03\/Jornada-sanitaria-fortalece-la-produccion-porcina-familiar-en-Villa-Nueva3.jpeg\" sizes=\"auto, (max-width: 1152px) 100vw, 1152px\" srcset=\"https:\/\/www.maga.gob.gt\/wp-content\/uploads\/2026\/03\/Jornada-sanitaria-fortalece-la-produccion-porcina-familiar-en-Villa-Nueva3.jpeg 1152w, https:\/\/www.maga.gob.gt\/wp-content\/uploads\/2026\/03\/Jornada-sanitaria-fortalece-la-produccion-porcina-familiar-en-Villa-Nueva3-300x225.jpeg 300w, https:\/\/www.maga.gob.gt\/wp-content\/uploads\/2026\/03\/Jornada-sanitaria-fortalece-la-produccion-porcina-familiar-en-Villa-Nueva3-1024x768.jpeg 1024w, https:\/\/www.maga.gob.gt\/wp-content\/uploads\/2026\/03\/Jornada-sanitaria-fortalece-la-produccion-porcina-familiar-en-Villa-Nueva3-768x576.jpeg 768w, https:\/\/www.maga.gob.gt\/wp-content\/uploads\/2026\/03\/Jornada-sanitaria-fortalece-la-produccion-porcina-familiar-en-Villa-Nueva3-500x375.jpeg 500w\" alt=\"\" width=\"1152\" height=\"864\" \/><\/p>\n<p style=\"text-align: justify;\">Como parte de las acciones sanitarias se administraron vitaminas y desparasitantes a 90 cerdos de engorde y 20 bovinos, adem\u00e1s de proporcionar asistencia t\u00e9cnica relativas al manejo, nutrici\u00f3n y prevenci\u00f3n de enfermedades tanto en porcinos como en bovinos.<\/p>\n<p style=\"text-align: justify;\">Tambi\u00e9n habl\u00f3 acerca del Gusano Barrenador, se explic\u00f3 el procedimiento a seguir ante la presencia de gusaneras, incluyendo el tratamiento adecuado de heridas infestadas, manejo de larvas, inspecci\u00f3n diaria de animales y la importancia de no movilizar animales afectados, as\u00ed como el proceso para remitir muestras al programa correspondiente (EJ\/ea).<\/p>\n<p style=\"text-align: justify;\"><img loading=\"lazy\" decoding=\"async\" class=\"alignnone size-full wp-image-656187\" src=\"https:\/\/www.maga.gob.gt\/wp-content\/uploads\/2026\/03\/Jornada-sanitaria-fortalece-la-produccion-porcina-familiar-en-Villa-Nueva4.jpeg\" sizes=\"auto, (max-width: 1008px) 100vw, 1008px\" srcset=\"https:\/\/www.maga.gob.gt\/wp-content\/uploads\/2026\/03\/Jornada-sanitaria-fortalece-la-produccion-porcina-familiar-en-Villa-Nueva4.jpeg 1008w, https:\/\/www.maga.gob.gt\/wp-content\/uploads\/2026\/03\/Jornada-sanitaria-fortalece-la-produccion-porcina-familiar-en-Villa-Nueva4-300x255.jpeg 300w, https:\/\/www.maga.gob.gt\/wp-content\/uploads\/2026\/03\/Jornada-sanitaria-fortalece-la-produccion-porcina-familiar-en-Villa-Nueva4-768x652.jpeg 768w, https:\/\/www.maga.gob.gt\/wp-content\/uploads\/2026\/03\/Jornada-sanitaria-fortalece-la-produccion-porcina-familiar-en-Villa-Nueva4-500x425.jpeg 500w\" alt=\"\" width=\"1008\" height=\"856\" \/><\/p>\n","protected":false},"excerpt":{"rendered":"<p>Un grupo de 25 peque\u00f1os productores de porcinos familiares de la aldea B\u00e1rcena, municipio de Villa Nueva, Guatemala, participaron en una jornada de vigilancia sanitaria, educaci\u00f3n y asistencia t\u00e9cnica orientada a fortalecer la sanidad animal y mejorar la productividad de sus unidades pecuarias. La actividad fue desarrollada por brigadas de campo del Programa Nacional de [&hellip;]<\/p>\n","protected":false},"author":2,"featured_media":3628,"comment_status":"closed","ping_status":"closed","sticky":false,"template":"","format":"standard","meta":{"footnotes":""},"categories":[3],"tags":[],"class_list":["post-3627","post","type-post","status-publish","format-standard","has-post-thumbnail","hentry","category-principal"],"_links":{"self":[{"href":"https:\/\/www.maga.gob.gt\/sitios\/visar\/wp-json\/wp\/v2\/posts\/3627","targetHints":{"allow":["GET"]}}],"collection":[{"href":"https:\/\/www.maga.gob.gt\/sitios\/visar\/wp-json\/wp\/v2\/posts"}],"about":[{"href":"https:\/\/www.maga.gob.gt\/sitios\/visar\/wp-json\/wp\/v2\/types\/post"}],"author":[{"embeddable":true,"href":"https:\/\/www.maga.gob.gt\/sitios\/visar\/wp-json\/wp\/v2\/users\/2"}],"replies":[{"embeddable":true,"href":"https:\/\/www.maga.gob.gt\/sitios\/visar\/wp-json\/wp\/v2\/comments?post=3627"}],"version-history":[{"count":1,"href":"https:\/\/www.maga.gob.gt\/sitios\/visar\/wp-json\/wp\/v2\/posts\/3627\/revisions"}],"predecessor-version":[{"id":3629,"href":"https:\/\/www.maga.gob.gt\/sitios\/visar\/wp-json\/wp\/v2\/posts\/3627\/revisions\/3629"}],"wp:featuredmedia":[{"embeddable":true,"href":"https:\/\/www.maga.gob.gt\/sitios\/visar\/wp-json\/wp\/v2\/media\/3628"}],"wp:attachment":[{"href":"https:\/\/www.maga.gob.gt\/sitios\/visar\/wp-json\/wp\/v2\/media?parent=3627"}],"wp:term":[{"taxonomy":"category","embeddable":true,"href":"https:\/\/www.maga.gob.gt\/sitios\/visar\/wp-json\/wp\/v2\/categories?post=3627"},{"taxonomy":"post_tag","embeddable":true,"href":"https:\/\/www.maga.gob.gt\/sitios\/visar\/wp-json\/wp\/v2\/tags?post=3627"}],"curies":[{"name":"wp","href":"https:\/\/api.w.org\/{rel}","templated":true}]}}