{"id":3442,"date":"2026-01-23T22:21:24","date_gmt":"2026-01-23T21:21:24","guid":{"rendered":"https:\/\/www.maga.gob.gt\/sitios\/visar\/?p=3442"},"modified":"2026-01-23T22:22:50","modified_gmt":"2026-01-23T21:22:50","slug":"aseguran-plan-regional-2026para-el-control-de-la-mosca-del-mediterraneo","status":"publish","type":"post","link":"https:\/\/www.maga.gob.gt\/sitios\/visar\/2026\/01\/23\/aseguran-plan-regional-2026para-el-control-de-la-mosca-del-mediterraneo\/","title":{"rendered":"Aseguran plan regional 2026 para el control de la mosca del Mediterr\u00e1neo"},"content":{"rendered":"<p style=\"text-align: justify;\">Guatemala consolid\u00f3 los avances en el control de la mosca del Mediterr\u00e1neo, con la validaci\u00f3n de resultados t\u00e9cnicos, la aprobaci\u00f3n del plan operativo y la formalizaci\u00f3n de acuerdos que regir\u00e1n el trabajo durante 2026.<\/p>\n<p style=\"text-align: justify;\">Este fue el resultado de la XI Reuni\u00f3n Multilateral de los Comisionados de Guatemala, M\u00e9xico y Estados Unidos de Am\u00e9rica y Honorable representaci\u00f3n de Belice, del Programa MOSCAMED, la cual fue realizada en Ciudad de M\u00e9xico el 21 y 22 de enero de este a\u00f1o.<\/p>\n<p style=\"text-align: justify;\"><img loading=\"lazy\" decoding=\"async\" class=\"alignnone size-full wp-image-652738\" src=\"https:\/\/www.maga.gob.gt\/wp-content\/uploads\/2026\/01\/Aseguran-plan-regional-2026para-el-control-de-la-mosca-del-Mediterraneo2.jpeg\" sizes=\"auto, (max-width: 1280px) 100vw, 1280px\" srcset=\"https:\/\/www.maga.gob.gt\/wp-content\/uploads\/2026\/01\/Aseguran-plan-regional-2026para-el-control-de-la-mosca-del-Mediterraneo2.jpeg 1280w, https:\/\/www.maga.gob.gt\/wp-content\/uploads\/2026\/01\/Aseguran-plan-regional-2026para-el-control-de-la-mosca-del-Mediterraneo2-300x225.jpeg 300w, https:\/\/www.maga.gob.gt\/wp-content\/uploads\/2026\/01\/Aseguran-plan-regional-2026para-el-control-de-la-mosca-del-Mediterraneo2-1024x768.jpeg 1024w, https:\/\/www.maga.gob.gt\/wp-content\/uploads\/2026\/01\/Aseguran-plan-regional-2026para-el-control-de-la-mosca-del-Mediterraneo2-768x576.jpeg 768w, https:\/\/www.maga.gob.gt\/wp-content\/uploads\/2026\/01\/Aseguran-plan-regional-2026para-el-control-de-la-mosca-del-Mediterraneo2-500x375.jpeg 500w\" alt=\"\" width=\"1280\" height=\"960\" \/><\/p>\n<p style=\"text-align: justify;\">La viceministra de Sanidad Agropecuaria y Regulaciones del Ministerio de Agricultura, Ganader\u00eda y Alimentaci\u00f3n (MAGA), Mayra Motta, particip\u00f3 en el proceso de evaluaci\u00f3n y toma de decisiones, en el cual se presentaron los resultados del programa, tanto de Guatemala como de M\u00e9xico. Adem\u00e1s se revisaron y alinearon el plan operativo y el presupuesto del presente a\u00f1o.<\/p>\n<p style=\"text-align: justify;\"><img loading=\"lazy\" decoding=\"async\" class=\"alignnone size-full wp-image-652739\" src=\"https:\/\/www.maga.gob.gt\/wp-content\/uploads\/2026\/01\/Aseguran-plan-regional-2026para-el-control-de-la-mosca-del-Mediterraneo3.jpeg\" sizes=\"auto, (max-width: 1280px) 100vw, 1280px\" srcset=\"https:\/\/www.maga.gob.gt\/wp-content\/uploads\/2026\/01\/Aseguran-plan-regional-2026para-el-control-de-la-mosca-del-Mediterraneo3.jpeg 1280w, https:\/\/www.maga.gob.gt\/wp-content\/uploads\/2026\/01\/Aseguran-plan-regional-2026para-el-control-de-la-mosca-del-Mediterraneo3-300x225.jpeg 300w, https:\/\/www.maga.gob.gt\/wp-content\/uploads\/2026\/01\/Aseguran-plan-regional-2026para-el-control-de-la-mosca-del-Mediterraneo3-1024x768.jpeg 1024w, https:\/\/www.maga.gob.gt\/wp-content\/uploads\/2026\/01\/Aseguran-plan-regional-2026para-el-control-de-la-mosca-del-Mediterraneo3-768x576.jpeg 768w, https:\/\/www.maga.gob.gt\/wp-content\/uploads\/2026\/01\/Aseguran-plan-regional-2026para-el-control-de-la-mosca-del-Mediterraneo3-500x375.jpeg 500w\" alt=\"\" width=\"1280\" height=\"960\" \/><\/p>\n<p style=\"text-align: justify;\">Destac\u00f3 la presentaci\u00f3n de la auditor\u00eda del programa, la cual no present\u00f3 ning\u00fan hallazgo, situaci\u00f3n que confirma el cumplimiento de los est\u00e1ndares t\u00e9cnicos y administrativos establecidos. Este resultado respalda la efectividad de las acciones implementadas y refuerza la confianza regional en el sistema de prevenci\u00f3n y control de la mosca.<\/p>\n<p style=\"text-align: justify;\"><img loading=\"lazy\" decoding=\"async\" class=\"alignnone size-full wp-image-652740\" src=\"https:\/\/www.maga.gob.gt\/wp-content\/uploads\/2026\/01\/Aseguran-plan-regional-2026para-el-control-de-la-mosca-del-Mediterraneo4.jpeg\" sizes=\"auto, (max-width: 1280px) 100vw, 1280px\" srcset=\"https:\/\/www.maga.gob.gt\/wp-content\/uploads\/2026\/01\/Aseguran-plan-regional-2026para-el-control-de-la-mosca-del-Mediterraneo4.jpeg 1280w, https:\/\/www.maga.gob.gt\/wp-content\/uploads\/2026\/01\/Aseguran-plan-regional-2026para-el-control-de-la-mosca-del-Mediterraneo4-300x225.jpeg 300w, https:\/\/www.maga.gob.gt\/wp-content\/uploads\/2026\/01\/Aseguran-plan-regional-2026para-el-control-de-la-mosca-del-Mediterraneo4-1024x768.jpeg 1024w, https:\/\/www.maga.gob.gt\/wp-content\/uploads\/2026\/01\/Aseguran-plan-regional-2026para-el-control-de-la-mosca-del-Mediterraneo4-768x576.jpeg 768w, https:\/\/www.maga.gob.gt\/wp-content\/uploads\/2026\/01\/Aseguran-plan-regional-2026para-el-control-de-la-mosca-del-Mediterraneo4-500x375.jpeg 500w\" alt=\"\" width=\"1280\" height=\"960\" \/><\/p>\n<p style=\"text-align: justify;\">Tambi\u00e9n se formalizaron los acuerdos de trabajo para 2026, que orientar\u00e1n las acciones conjuntas entre Guatemala, M\u00e9xico, Estados Unidos y Belice. Esto permite asegurar la continuidad de las medidas de vigilancia, control y erradicaci\u00f3n que protegen la producci\u00f3n agr\u00edcola y facilitan el comercio seguro de productos agropecuarios.<\/p>\n<p style=\"text-align: justify;\">El MAGA reafirma su compromiso con la sanidad vegetal y la cooperaci\u00f3n internacional, pilares fundamentales para resguardar la agricultura nacional y fortalecer la competitividad del pa\u00eds en los mercados regionales e internacionales (EJ\/ea).<\/p>\n<p style=\"text-align: justify;\"><img loading=\"lazy\" decoding=\"async\" class=\"alignnone size-full wp-image-652741\" src=\"https:\/\/www.maga.gob.gt\/wp-content\/uploads\/2026\/01\/Aseguran-plan-regional-2026para-el-control-de-la-mosca-del-Mediterraneo5.jpeg\" sizes=\"auto, (max-width: 1280px) 100vw, 1280px\" srcset=\"https:\/\/www.maga.gob.gt\/wp-content\/uploads\/2026\/01\/Aseguran-plan-regional-2026para-el-control-de-la-mosca-del-Mediterraneo5.jpeg 1280w, https:\/\/www.maga.gob.gt\/wp-content\/uploads\/2026\/01\/Aseguran-plan-regional-2026para-el-control-de-la-mosca-del-Mediterraneo5-300x225.jpeg 300w, https:\/\/www.maga.gob.gt\/wp-content\/uploads\/2026\/01\/Aseguran-plan-regional-2026para-el-control-de-la-mosca-del-Mediterraneo5-1024x768.jpeg 1024w, https:\/\/www.maga.gob.gt\/wp-content\/uploads\/2026\/01\/Aseguran-plan-regional-2026para-el-control-de-la-mosca-del-Mediterraneo5-768x576.jpeg 768w, https:\/\/www.maga.gob.gt\/wp-content\/uploads\/2026\/01\/Aseguran-plan-regional-2026para-el-control-de-la-mosca-del-Mediterraneo5-500x375.jpeg 500w\" alt=\"\" width=\"1280\" height=\"960\" \/><\/p>\n","protected":false},"excerpt":{"rendered":"<p>Guatemala consolid\u00f3 los avances en el control de la mosca del Mediterr\u00e1neo, con la validaci\u00f3n de resultados t\u00e9cnicos, la aprobaci\u00f3n del plan operativo y la formalizaci\u00f3n de acuerdos que regir\u00e1n el trabajo durante 2026. Este fue el resultado de la XI Reuni\u00f3n Multilateral de los Comisionados de Guatemala, M\u00e9xico y Estados Unidos de Am\u00e9rica y [&hellip;]<\/p>\n","protected":false},"author":2,"featured_media":3443,"comment_status":"closed","ping_status":"closed","sticky":false,"template":"","format":"standard","meta":{"footnotes":""},"categories":[3],"tags":[],"class_list":["post-3442","post","type-post","status-publish","format-standard","has-post-thumbnail","hentry","category-principal"],"_links":{"self":[{"href":"https:\/\/www.maga.gob.gt\/sitios\/visar\/wp-json\/wp\/v2\/posts\/3442","targetHints":{"allow":["GET"]}}],"collection":[{"href":"https:\/\/www.maga.gob.gt\/sitios\/visar\/wp-json\/wp\/v2\/posts"}],"about":[{"href":"https:\/\/www.maga.gob.gt\/sitios\/visar\/wp-json\/wp\/v2\/types\/post"}],"author":[{"embeddable":true,"href":"https:\/\/www.maga.gob.gt\/sitios\/visar\/wp-json\/wp\/v2\/users\/2"}],"replies":[{"embeddable":true,"href":"https:\/\/www.maga.gob.gt\/sitios\/visar\/wp-json\/wp\/v2\/comments?post=3442"}],"version-history":[{"count":2,"href":"https:\/\/www.maga.gob.gt\/sitios\/visar\/wp-json\/wp\/v2\/posts\/3442\/revisions"}],"predecessor-version":[{"id":3445,"href":"https:\/\/www.maga.gob.gt\/sitios\/visar\/wp-json\/wp\/v2\/posts\/3442\/revisions\/3445"}],"wp:featuredmedia":[{"embeddable":true,"href":"https:\/\/www.maga.gob.gt\/sitios\/visar\/wp-json\/wp\/v2\/media\/3443"}],"wp:attachment":[{"href":"https:\/\/www.maga.gob.gt\/sitios\/visar\/wp-json\/wp\/v2\/media?parent=3442"}],"wp:term":[{"taxonomy":"category","embeddable":true,"href":"https:\/\/www.maga.gob.gt\/sitios\/visar\/wp-json\/wp\/v2\/categories?post=3442"},{"taxonomy":"post_tag","embeddable":true,"href":"https:\/\/www.maga.gob.gt\/sitios\/visar\/wp-json\/wp\/v2\/tags?post=3442"}],"curies":[{"name":"wp","href":"https:\/\/api.w.org\/{rel}","templated":true}]}}