{"id":3439,"date":"2026-01-23T18:27:07","date_gmt":"2026-01-23T17:27:07","guid":{"rendered":"https:\/\/www.maga.gob.gt\/sitios\/visar\/?p=3439"},"modified":"2026-01-23T18:27:07","modified_gmt":"2026-01-23T17:27:07","slug":"activan-protocolos-sanitarios-en-peten-ante-subita-muerte-de-bovino","status":"publish","type":"post","link":"https:\/\/www.maga.gob.gt\/sitios\/visar\/2026\/01\/23\/activan-protocolos-sanitarios-en-peten-ante-subita-muerte-de-bovino\/","title":{"rendered":"Activan protocolos sanitarios en Pet\u00e9n ante s\u00fabita muerte de bovino"},"content":{"rendered":"<p style=\"text-align: justify;\">La vigilancia epidemiol\u00f3gica permiti\u00f3 activar de manera oportuna los protocolos sanitarios ante la muerte s\u00fabita de un bovino ocurrida en el municipio de Sayaxch\u00e9, Pet\u00e9n, mediante la toma de muestra de cerebro como parte del monitoreo permanente para la protecci\u00f3n del hato ganadero nacional.<\/p>\n<p style=\"text-align: justify;\"><img loading=\"lazy\" decoding=\"async\" class=\"alignnone size-full wp-image-652687\" src=\"https:\/\/www.maga.gob.gt\/wp-content\/uploads\/2026\/01\/Activan-protocolos-sanitarios-en-Peten-ante-subita-muerte-de-bovino2.jpeg\" sizes=\"auto, (max-width: 1152px) 100vw, 1152px\" srcset=\"https:\/\/www.maga.gob.gt\/wp-content\/uploads\/2026\/01\/Activan-protocolos-sanitarios-en-Peten-ante-subita-muerte-de-bovino2.jpeg 1152w, https:\/\/www.maga.gob.gt\/wp-content\/uploads\/2026\/01\/Activan-protocolos-sanitarios-en-Peten-ante-subita-muerte-de-bovino2-300x189.jpeg 300w, https:\/\/www.maga.gob.gt\/wp-content\/uploads\/2026\/01\/Activan-protocolos-sanitarios-en-Peten-ante-subita-muerte-de-bovino2-1024x646.jpeg 1024w, https:\/\/www.maga.gob.gt\/wp-content\/uploads\/2026\/01\/Activan-protocolos-sanitarios-en-Peten-ante-subita-muerte-de-bovino2-768x485.jpeg 768w, https:\/\/www.maga.gob.gt\/wp-content\/uploads\/2026\/01\/Activan-protocolos-sanitarios-en-Peten-ante-subita-muerte-de-bovino2-500x316.jpeg 500w\" alt=\"\" width=\"1152\" height=\"727\" \/><\/p>\n<p style=\"text-align: justify;\">La intervenci\u00f3n se realiz\u00f3 en la comunidad La Reinita del citado municipio, luego de la notificaci\u00f3n que hiciera el productor al ocurrir el deceso del animal. Un profesional del departamento de Vigilancia Epidemiol\u00f3gica y An\u00e1lisis de Riesgo, efectu\u00f3 el procedimiento de acuerdo con los lineamientos sanitarios.<\/p>\n<p style=\"text-align: justify;\"><img loading=\"lazy\" decoding=\"async\" class=\"alignnone size-full wp-image-652688\" src=\"https:\/\/www.maga.gob.gt\/wp-content\/uploads\/2026\/01\/Activan-protocolos-sanitarios-en-Peten-ante-subita-muerte-de-bovino3.jpeg\" sizes=\"auto, (max-width: 1152px) 100vw, 1152px\" srcset=\"https:\/\/www.maga.gob.gt\/wp-content\/uploads\/2026\/01\/Activan-protocolos-sanitarios-en-Peten-ante-subita-muerte-de-bovino3.jpeg 1152w, https:\/\/www.maga.gob.gt\/wp-content\/uploads\/2026\/01\/Activan-protocolos-sanitarios-en-Peten-ante-subita-muerte-de-bovino3-300x192.jpeg 300w, https:\/\/www.maga.gob.gt\/wp-content\/uploads\/2026\/01\/Activan-protocolos-sanitarios-en-Peten-ante-subita-muerte-de-bovino3-1024x654.jpeg 1024w, https:\/\/www.maga.gob.gt\/wp-content\/uploads\/2026\/01\/Activan-protocolos-sanitarios-en-Peten-ante-subita-muerte-de-bovino3-768x491.jpeg 768w, https:\/\/www.maga.gob.gt\/wp-content\/uploads\/2026\/01\/Activan-protocolos-sanitarios-en-Peten-ante-subita-muerte-de-bovino3-500x319.jpeg 500w\" alt=\"\" width=\"1152\" height=\"736\" \/><\/p>\n<p style=\"text-align: justify;\">Estas acciones fortalecen el control, la detecci\u00f3n temprana y el seguimiento de eventos sanitarios, para descartar enfermedades de inter\u00e9s sanitario en el hato bovino. Adem\u00e1s, se logra la generaci\u00f3n de informaci\u00f3n t\u00e9cnica para acciones de prevenci\u00f3n y protecci\u00f3n de la ganader\u00eda.<\/p>\n<p style=\"text-align: justify;\"><img loading=\"lazy\" decoding=\"async\" class=\"alignnone size-full wp-image-652689\" src=\"https:\/\/www.maga.gob.gt\/wp-content\/uploads\/2026\/01\/Activan-protocolos-sanitarios-en-Peten-ante-subita-muerte-de-bovino4.jpeg\" sizes=\"auto, (max-width: 1152px) 100vw, 1152px\" srcset=\"https:\/\/www.maga.gob.gt\/wp-content\/uploads\/2026\/01\/Activan-protocolos-sanitarios-en-Peten-ante-subita-muerte-de-bovino4.jpeg 1152w, https:\/\/www.maga.gob.gt\/wp-content\/uploads\/2026\/01\/Activan-protocolos-sanitarios-en-Peten-ante-subita-muerte-de-bovino4-300x195.jpeg 300w, https:\/\/www.maga.gob.gt\/wp-content\/uploads\/2026\/01\/Activan-protocolos-sanitarios-en-Peten-ante-subita-muerte-de-bovino4-1024x666.jpeg 1024w, https:\/\/www.maga.gob.gt\/wp-content\/uploads\/2026\/01\/Activan-protocolos-sanitarios-en-Peten-ante-subita-muerte-de-bovino4-768x499.jpeg 768w, https:\/\/www.maga.gob.gt\/wp-content\/uploads\/2026\/01\/Activan-protocolos-sanitarios-en-Peten-ante-subita-muerte-de-bovino4-500x325.jpeg 500w\" alt=\"\" width=\"1152\" height=\"749\" \/><\/p>\n<p style=\"text-align: justify;\">El Ministerio de Agricultura, Ganader\u00eda y Alimentaci\u00f3n (MAGA) destaca que la notificaci\u00f3n oportuna por parte de los productores, lo cual es fundamental para brindar una respuesta t\u00e9cnica eficiente. De esta manera se reafirma su compromiso con el monitoreo continuo y la atenci\u00f3n de eventos sanitarios que puedan representar un riesgo para la producci\u00f3n ganadera del pa\u00eds (EJ\/ea).<\/p>\n<p style=\"text-align: justify;\"><img loading=\"lazy\" decoding=\"async\" class=\"alignnone size-full wp-image-652690\" src=\"https:\/\/www.maga.gob.gt\/wp-content\/uploads\/2026\/01\/Activan-protocolos-sanitarios-en-Peten-ante-subita-muerte-de-bovino5.jpeg\" sizes=\"auto, (max-width: 1152px) 100vw, 1152px\" srcset=\"https:\/\/www.maga.gob.gt\/wp-content\/uploads\/2026\/01\/Activan-protocolos-sanitarios-en-Peten-ante-subita-muerte-de-bovino5.jpeg 1152w, https:\/\/www.maga.gob.gt\/wp-content\/uploads\/2026\/01\/Activan-protocolos-sanitarios-en-Peten-ante-subita-muerte-de-bovino5-300x153.jpeg 300w, https:\/\/www.maga.gob.gt\/wp-content\/uploads\/2026\/01\/Activan-protocolos-sanitarios-en-Peten-ante-subita-muerte-de-bovino5-1024x523.jpeg 1024w, https:\/\/www.maga.gob.gt\/wp-content\/uploads\/2026\/01\/Activan-protocolos-sanitarios-en-Peten-ante-subita-muerte-de-bovino5-768x392.jpeg 768w, https:\/\/www.maga.gob.gt\/wp-content\/uploads\/2026\/01\/Activan-protocolos-sanitarios-en-Peten-ante-subita-muerte-de-bovino5-500x255.jpeg 500w\" alt=\"\" width=\"1152\" height=\"588\" \/><\/p>\n","protected":false},"excerpt":{"rendered":"<p>La vigilancia epidemiol\u00f3gica permiti\u00f3 activar de manera oportuna los protocolos sanitarios ante la muerte s\u00fabita de un bovino ocurrida en el municipio de Sayaxch\u00e9, Pet\u00e9n, mediante la toma de muestra de cerebro como parte del monitoreo permanente para la protecci\u00f3n del hato ganadero nacional. La intervenci\u00f3n se realiz\u00f3 en la comunidad La Reinita del citado [&hellip;]<\/p>\n","protected":false},"author":2,"featured_media":3440,"comment_status":"closed","ping_status":"closed","sticky":false,"template":"","format":"standard","meta":{"footnotes":""},"categories":[3],"tags":[],"class_list":["post-3439","post","type-post","status-publish","format-standard","has-post-thumbnail","hentry","category-principal"],"_links":{"self":[{"href":"https:\/\/www.maga.gob.gt\/sitios\/visar\/wp-json\/wp\/v2\/posts\/3439","targetHints":{"allow":["GET"]}}],"collection":[{"href":"https:\/\/www.maga.gob.gt\/sitios\/visar\/wp-json\/wp\/v2\/posts"}],"about":[{"href":"https:\/\/www.maga.gob.gt\/sitios\/visar\/wp-json\/wp\/v2\/types\/post"}],"author":[{"embeddable":true,"href":"https:\/\/www.maga.gob.gt\/sitios\/visar\/wp-json\/wp\/v2\/users\/2"}],"replies":[{"embeddable":true,"href":"https:\/\/www.maga.gob.gt\/sitios\/visar\/wp-json\/wp\/v2\/comments?post=3439"}],"version-history":[{"count":1,"href":"https:\/\/www.maga.gob.gt\/sitios\/visar\/wp-json\/wp\/v2\/posts\/3439\/revisions"}],"predecessor-version":[{"id":3441,"href":"https:\/\/www.maga.gob.gt\/sitios\/visar\/wp-json\/wp\/v2\/posts\/3439\/revisions\/3441"}],"wp:featuredmedia":[{"embeddable":true,"href":"https:\/\/www.maga.gob.gt\/sitios\/visar\/wp-json\/wp\/v2\/media\/3440"}],"wp:attachment":[{"href":"https:\/\/www.maga.gob.gt\/sitios\/visar\/wp-json\/wp\/v2\/media?parent=3439"}],"wp:term":[{"taxonomy":"category","embeddable":true,"href":"https:\/\/www.maga.gob.gt\/sitios\/visar\/wp-json\/wp\/v2\/categories?post=3439"},{"taxonomy":"post_tag","embeddable":true,"href":"https:\/\/www.maga.gob.gt\/sitios\/visar\/wp-json\/wp\/v2\/tags?post=3439"}],"curies":[{"name":"wp","href":"https:\/\/api.w.org\/{rel}","templated":true}]}}