{"id":3433,"date":"2026-01-22T18:57:13","date_gmt":"2026-01-22T17:57:13","guid":{"rendered":"https:\/\/www.maga.gob.gt\/sitios\/visar\/?p=3433"},"modified":"2026-01-22T18:57:13","modified_gmt":"2026-01-22T17:57:13","slug":"guatemala-presenta-a-aphis-los-avances-clave-para-exportar-aguacate-hass-a-eeuu","status":"publish","type":"post","link":"https:\/\/www.maga.gob.gt\/sitios\/visar\/2026\/01\/22\/guatemala-presenta-a-aphis-los-avances-clave-para-exportar-aguacate-hass-a-eeuu\/","title":{"rendered":"Guatemala presenta a APHIS los avances clave para exportar aguacate Hass a EEUU"},"content":{"rendered":"<p style=\"text-align: justify;\">Cumplir con los protocolos fitosanitarios exigidos por el Servicio de Inspecci\u00f3n de Sanidad Animal y Vegetal del Departamento de Agricultura de Estados Unidos (APHIS), es un paso determinante en el proceso de exportaci\u00f3n del aguacate Hass guatemalteco, cuyos avances fueron presentados por la delegaci\u00f3n p\u00fablico-privada guatemalteca durante una gira de trabajo en Washington D. C.<\/p>\n<p style=\"text-align: justify;\">La delegaci\u00f3n, liderada por la viceministra de Sanidad Agropecuaria y Regulaciones del Ministerio de Agricultura, Ganader\u00eda y Alimentaci\u00f3n (MAGA), Mayra Motta, expuso ante las autoridades de APHIS los resultados del trabajo desarrollado en materia de certificaci\u00f3n de fincas y plantas de empaque, as\u00ed como las medidas de control implementadas de acuerdo con los est\u00e1ndares fitosanitarios internacionales.<\/p>\n<p style=\"text-align: justify;\">Durante la jornada, la viceministra Motta reiter\u00f3 el compromiso del pa\u00eds con el fortalecimiento de las capacidades t\u00e9cnicas y el cumplimiento estricto de la normativa internacional, como base para avanzar hacia la apertura del mercado estadounidense.<\/p>\n<p style=\"text-align: justify;\">La delegaci\u00f3n guatemalteca est\u00e1 integrada por autoridades y t\u00e9cnicos del MAGA, as\u00ed como de los ministerios de Relaciones Exteriores (MINEX) y de Econom\u00eda (MINECO), adem\u00e1s de representantes del sector privado por medio de la Asociaci\u00f3n Nacional de Productores de Aguacate de Guatemala (ANAGUACATE).<\/p>\n<p style=\"text-align: justify;\">El MAGA inform\u00f3 que, tras esta etapa t\u00e9cnica, el proceso queda a la espera de la evaluaci\u00f3n y respuesta oficial de APHIS, la cual definir\u00e1 los siguientes pasos para la apertura del mercado estadounidense al aguacate Hass guatemalteco (EJ\/ea).<\/p>\n<p style=\"text-align: justify;\"><img loading=\"lazy\" decoding=\"async\" class=\"alignnone size-full wp-image-652598\" src=\"https:\/\/www.maga.gob.gt\/wp-content\/uploads\/2026\/01\/Guatemala-presenta-a-APHIS-los-avances-clave-para-exportar-aguacate-Hass-a-EEUU2.jpeg\" sizes=\"auto, (max-width: 1426px) 100vw, 1426px\" srcset=\"https:\/\/www.maga.gob.gt\/wp-content\/uploads\/2026\/01\/Guatemala-presenta-a-APHIS-los-avances-clave-para-exportar-aguacate-Hass-a-EEUU2.jpeg 1426w, https:\/\/www.maga.gob.gt\/wp-content\/uploads\/2026\/01\/Guatemala-presenta-a-APHIS-los-avances-clave-para-exportar-aguacate-Hass-a-EEUU2-300x118.jpeg 300w, https:\/\/www.maga.gob.gt\/wp-content\/uploads\/2026\/01\/Guatemala-presenta-a-APHIS-los-avances-clave-para-exportar-aguacate-Hass-a-EEUU2-1024x402.jpeg 1024w, https:\/\/www.maga.gob.gt\/wp-content\/uploads\/2026\/01\/Guatemala-presenta-a-APHIS-los-avances-clave-para-exportar-aguacate-Hass-a-EEUU2-768x302.jpeg 768w, https:\/\/www.maga.gob.gt\/wp-content\/uploads\/2026\/01\/Guatemala-presenta-a-APHIS-los-avances-clave-para-exportar-aguacate-Hass-a-EEUU2-500x196.jpeg 500w\" alt=\"\" width=\"1426\" height=\"560\" \/><\/p>\n","protected":false},"excerpt":{"rendered":"<p>Cumplir con los protocolos fitosanitarios exigidos por el Servicio de Inspecci\u00f3n de Sanidad Animal y Vegetal del Departamento de Agricultura de Estados Unidos (APHIS), es un paso determinante en el proceso de exportaci\u00f3n del aguacate Hass guatemalteco, cuyos avances fueron presentados por la delegaci\u00f3n p\u00fablico-privada guatemalteca durante una gira de trabajo en Washington D. C. [&hellip;]<\/p>\n","protected":false},"author":2,"featured_media":3434,"comment_status":"closed","ping_status":"closed","sticky":false,"template":"","format":"standard","meta":{"footnotes":""},"categories":[3],"tags":[],"class_list":["post-3433","post","type-post","status-publish","format-standard","has-post-thumbnail","hentry","category-principal"],"_links":{"self":[{"href":"https:\/\/www.maga.gob.gt\/sitios\/visar\/wp-json\/wp\/v2\/posts\/3433","targetHints":{"allow":["GET"]}}],"collection":[{"href":"https:\/\/www.maga.gob.gt\/sitios\/visar\/wp-json\/wp\/v2\/posts"}],"about":[{"href":"https:\/\/www.maga.gob.gt\/sitios\/visar\/wp-json\/wp\/v2\/types\/post"}],"author":[{"embeddable":true,"href":"https:\/\/www.maga.gob.gt\/sitios\/visar\/wp-json\/wp\/v2\/users\/2"}],"replies":[{"embeddable":true,"href":"https:\/\/www.maga.gob.gt\/sitios\/visar\/wp-json\/wp\/v2\/comments?post=3433"}],"version-history":[{"count":1,"href":"https:\/\/www.maga.gob.gt\/sitios\/visar\/wp-json\/wp\/v2\/posts\/3433\/revisions"}],"predecessor-version":[{"id":3435,"href":"https:\/\/www.maga.gob.gt\/sitios\/visar\/wp-json\/wp\/v2\/posts\/3433\/revisions\/3435"}],"wp:featuredmedia":[{"embeddable":true,"href":"https:\/\/www.maga.gob.gt\/sitios\/visar\/wp-json\/wp\/v2\/media\/3434"}],"wp:attachment":[{"href":"https:\/\/www.maga.gob.gt\/sitios\/visar\/wp-json\/wp\/v2\/media?parent=3433"}],"wp:term":[{"taxonomy":"category","embeddable":true,"href":"https:\/\/www.maga.gob.gt\/sitios\/visar\/wp-json\/wp\/v2\/categories?post=3433"},{"taxonomy":"post_tag","embeddable":true,"href":"https:\/\/www.maga.gob.gt\/sitios\/visar\/wp-json\/wp\/v2\/tags?post=3433"}],"curies":[{"name":"wp","href":"https:\/\/api.w.org\/{rel}","templated":true}]}}