{"id":3426,"date":"2026-01-21T23:18:47","date_gmt":"2026-01-21T22:18:47","guid":{"rendered":"https:\/\/www.maga.gob.gt\/sitios\/visar\/?p=3426"},"modified":"2026-01-21T23:18:47","modified_gmt":"2026-01-21T22:18:47","slug":"gestiones-en-eeuu-acercan-la-exportacion-de-aguacate-hass-a-dicha-nacion","status":"publish","type":"post","link":"https:\/\/www.maga.gob.gt\/sitios\/visar\/2026\/01\/21\/gestiones-en-eeuu-acercan-la-exportacion-de-aguacate-hass-a-dicha-nacion\/","title":{"rendered":"Gestiones en EEUU acercan la exportaci\u00f3n de aguacate Hass a dicha naci\u00f3n"},"content":{"rendered":"<p style=\"text-align: justify;\">Guatemala avanza en la recta final para concretar la exportaci\u00f3n de aguacate Hass hacia los Estados Unidos de Am\u00e9rica, luego de presentar los avances t\u00e9cnicos y sanitarios del proceso ante autoridades del congreso estadounidense, como parte de una estrategia sostenida para abrir este mercado al producto nacional.<\/p>\n<p style=\"text-align: justify;\">Durante una agenda desarrollada en Washington D. C., una delegaci\u00f3n p\u00fablico-privada guatemalteca sostuvo un encuentro con el congresista Henry Cuellar, en el que se expusieron los resultados alcanzados y el impacto positivo que tendr\u00eda la exportaci\u00f3n del aguacate Hass en el fortalecimiento del comercio agr\u00edcola entre Guatemala y Estados Unidos.<\/p>\n<p style=\"text-align: justify;\"><img loading=\"lazy\" decoding=\"async\" class=\"alignnone size-full wp-image-652559\" src=\"https:\/\/www.maga.gob.gt\/wp-content\/uploads\/2026\/01\/Gestiones-en-EEUU-acercan-la-exportacion-de-aguacate-Hass-a-dicha-nacion2.jpeg\" alt=\"\" width=\"1296\" height=\"778\" \/><\/p>\n<p style=\"text-align: justify;\">En la reuni\u00f3n, la viceministra de Sanidad Agropecuaria y Regulaciones del Ministerio de Agricultura, Ganader\u00eda y Alimentaci\u00f3n (MAGA), Mayra Motta, reiter\u00f3 el compromiso institucional con el cumplimiento de los est\u00e1ndares fitosanitarios, la trazabilidad y la seguridad del producto, elementos clave para avanzar en la apertura del mercado estadounidense.<\/p>\n<p style=\"text-align: justify;\">La delegaci\u00f3n guatemalteca est\u00e1 integrada por autoridades y t\u00e9cnicos del MAGA, el Ministerio de Relaciones Exteriores (MINEX), el Ministerio de Econom\u00eda (MINECO), as\u00ed como representantes del sector privado por medio de la Asociaci\u00f3n Nacional de Productores de Aguacate de Guatemala.<\/p>\n<p style=\"text-align: justify;\">Con estas gestiones, el MAGA fortalece su estrategia de apertura de nuevos mercados, impulsa la competitividad del sector agr\u00edcola y avanza en la generaci\u00f3n de mayores oportunidades econ\u00f3micas para los productores guatemaltecos (EJ\/ea).<\/p>\n<p style=\"text-align: justify;\"><img loading=\"lazy\" decoding=\"async\" class=\"alignnone size-full wp-image-652560\" src=\"https:\/\/www.maga.gob.gt\/wp-content\/uploads\/2026\/01\/Gestiones-en-EEUU-acercan-la-exportacion-de-aguacate-Hass-a-dicha-nacion3.jpeg\" alt=\"\" width=\"1296\" height=\"764\" \/><\/p>\n","protected":false},"excerpt":{"rendered":"<p>Guatemala avanza en la recta final para concretar la exportaci\u00f3n de aguacate Hass hacia los Estados Unidos de Am\u00e9rica, luego de presentar los avances t\u00e9cnicos y sanitarios del proceso ante autoridades del congreso estadounidense, como parte de una estrategia sostenida para abrir este mercado al producto nacional. Durante una agenda desarrollada en Washington D. C., [&hellip;]<\/p>\n","protected":false},"author":2,"featured_media":3427,"comment_status":"closed","ping_status":"closed","sticky":false,"template":"","format":"standard","meta":{"footnotes":""},"categories":[3],"tags":[],"class_list":["post-3426","post","type-post","status-publish","format-standard","has-post-thumbnail","hentry","category-principal"],"_links":{"self":[{"href":"https:\/\/www.maga.gob.gt\/sitios\/visar\/wp-json\/wp\/v2\/posts\/3426","targetHints":{"allow":["GET"]}}],"collection":[{"href":"https:\/\/www.maga.gob.gt\/sitios\/visar\/wp-json\/wp\/v2\/posts"}],"about":[{"href":"https:\/\/www.maga.gob.gt\/sitios\/visar\/wp-json\/wp\/v2\/types\/post"}],"author":[{"embeddable":true,"href":"https:\/\/www.maga.gob.gt\/sitios\/visar\/wp-json\/wp\/v2\/users\/2"}],"replies":[{"embeddable":true,"href":"https:\/\/www.maga.gob.gt\/sitios\/visar\/wp-json\/wp\/v2\/comments?post=3426"}],"version-history":[{"count":1,"href":"https:\/\/www.maga.gob.gt\/sitios\/visar\/wp-json\/wp\/v2\/posts\/3426\/revisions"}],"predecessor-version":[{"id":3428,"href":"https:\/\/www.maga.gob.gt\/sitios\/visar\/wp-json\/wp\/v2\/posts\/3426\/revisions\/3428"}],"wp:featuredmedia":[{"embeddable":true,"href":"https:\/\/www.maga.gob.gt\/sitios\/visar\/wp-json\/wp\/v2\/media\/3427"}],"wp:attachment":[{"href":"https:\/\/www.maga.gob.gt\/sitios\/visar\/wp-json\/wp\/v2\/media?parent=3426"}],"wp:term":[{"taxonomy":"category","embeddable":true,"href":"https:\/\/www.maga.gob.gt\/sitios\/visar\/wp-json\/wp\/v2\/categories?post=3426"},{"taxonomy":"post_tag","embeddable":true,"href":"https:\/\/www.maga.gob.gt\/sitios\/visar\/wp-json\/wp\/v2\/tags?post=3426"}],"curies":[{"name":"wp","href":"https:\/\/api.w.org\/{rel}","templated":true}]}}