{"id":3423,"date":"2026-01-21T22:35:59","date_gmt":"2026-01-21T21:35:59","guid":{"rendered":"https:\/\/www.maga.gob.gt\/sitios\/visar\/?p=3423"},"modified":"2026-01-21T22:35:59","modified_gmt":"2026-01-21T21:35:59","slug":"consolidan-estrategia-sanitaria-frente-a-la-influenza-aviar","status":"publish","type":"post","link":"https:\/\/www.maga.gob.gt\/sitios\/visar\/2026\/01\/21\/consolidan-estrategia-sanitaria-frente-a-la-influenza-aviar\/","title":{"rendered":"Consolidan estrategia sanitaria frente a la influenza aviar"},"content":{"rendered":"<p style=\"text-align: justify;\">Guatemala fortalece sus acciones de prevenci\u00f3n, vigilancia y control, manteniendo su estatus de pa\u00eds libre de influenza aviar de alta patogenicidad gracias a un trabajo t\u00e9cnico sostenido y alineado a los est\u00e1ndares internacionales de sanidad animal.<\/p>\n<p style=\"text-align: justify;\">Este avance fue respaldado durante una capacitaci\u00f3n internacional de alto nivel, realizada de forma virtual, en la que expertos m\u00e9dicos veterinarios y productores de Francia y el Reino Unido, compartieron experiencias relativas al manejo de la influenza aviar de alta patogenicidad, especialmente de los subtipos H5N1 y H7.<\/p>\n<p style=\"text-align: justify;\"><img loading=\"lazy\" decoding=\"async\" class=\"alignnone size-full wp-image-652544\" src=\"https:\/\/www.maga.gob.gt\/wp-content\/uploads\/2026\/01\/Consolidan-estrategia-sanitaria-frente-a-la-influenza-aviar2.jpeg\" sizes=\"auto, (max-width: 1280px) 100vw, 1280px\" srcset=\"https:\/\/www.maga.gob.gt\/wp-content\/uploads\/2026\/01\/Consolidan-estrategia-sanitaria-frente-a-la-influenza-aviar2.jpeg 1280w, https:\/\/www.maga.gob.gt\/wp-content\/uploads\/2026\/01\/Consolidan-estrategia-sanitaria-frente-a-la-influenza-aviar2-300x200.jpeg 300w, https:\/\/www.maga.gob.gt\/wp-content\/uploads\/2026\/01\/Consolidan-estrategia-sanitaria-frente-a-la-influenza-aviar2-1024x683.jpeg 1024w, https:\/\/www.maga.gob.gt\/wp-content\/uploads\/2026\/01\/Consolidan-estrategia-sanitaria-frente-a-la-influenza-aviar2-768x512.jpeg 768w, https:\/\/www.maga.gob.gt\/wp-content\/uploads\/2026\/01\/Consolidan-estrategia-sanitaria-frente-a-la-influenza-aviar2-500x334.jpeg 500w\" alt=\"\" width=\"1280\" height=\"854\" \/><\/p>\n<p style=\"text-align: justify;\">El intercambio permiti\u00f3 validar las estrategias que el pa\u00eds implementa actualmente y reforzar el enfoque preventivo del sector av\u00edcola nacional. En este particip\u00f3 personal t\u00e9cnico del Ministerio de Agricultura, Ganader\u00eda y Alimentaci\u00f3n (MAGA), del Viceministerio de Sanidad Agropecuaria y Regulaciones (VISAR), la Direcci\u00f3n de Sanidad Animal mediante el Programa Nacional de Sanidad Av\u00edcola (PROSA), la Gremial de Avicultores de Guatemala (GREAVI), la Asociaci\u00f3n Nacional de Avicultores de Guatemala (ANAVI) y del Organismo Internacional Regional de Sanidad Agropecuaria (OIRSA).<\/p>\n<p style=\"text-align: justify;\">Los especialistas coincidieron en que la bioseguridad, la vigilancia epidemiol\u00f3gica y la vacunaci\u00f3n constituyen pilares fundamentales para la prevenci\u00f3n y el control de la enfermedad. Estas pr\u00e1cticas Guatemala las ejecuta de manera sistem\u00e1tica y de acuerdo con las normas de la Organizaci\u00f3n Mundial de Sanidad Animal (OMSA).<\/p>\n<p style=\"text-align: justify;\"><img loading=\"lazy\" decoding=\"async\" class=\"alignnone size-full wp-image-652545\" src=\"https:\/\/www.maga.gob.gt\/wp-content\/uploads\/2026\/01\/Consolidan-estrategia-sanitaria-frente-a-la-influenza-aviar3.jpeg\" sizes=\"auto, (max-width: 1280px) 100vw, 1280px\" srcset=\"https:\/\/www.maga.gob.gt\/wp-content\/uploads\/2026\/01\/Consolidan-estrategia-sanitaria-frente-a-la-influenza-aviar3.jpeg 1280w, https:\/\/www.maga.gob.gt\/wp-content\/uploads\/2026\/01\/Consolidan-estrategia-sanitaria-frente-a-la-influenza-aviar3-300x200.jpeg 300w, https:\/\/www.maga.gob.gt\/wp-content\/uploads\/2026\/01\/Consolidan-estrategia-sanitaria-frente-a-la-influenza-aviar3-1024x682.jpeg 1024w, https:\/\/www.maga.gob.gt\/wp-content\/uploads\/2026\/01\/Consolidan-estrategia-sanitaria-frente-a-la-influenza-aviar3-768x512.jpeg 768w, https:\/\/www.maga.gob.gt\/wp-content\/uploads\/2026\/01\/Consolidan-estrategia-sanitaria-frente-a-la-influenza-aviar3-500x333.jpeg 500w\" alt=\"\" width=\"1280\" height=\"853\" \/><\/p>\n<p style=\"text-align: justify;\">Se hizo \u00e9nfasis en la importancia del control de la movilizaci\u00f3n de aves y productos av\u00edcolas, como una medida clave para garantizar la trazabilidad sanitaria.<\/p>\n<p style=\"text-align: justify;\">Actualmente, Guatemala mantiene un estricto sistema de control que exige que las granjas est\u00e9n registradas, monitoreadas y con resultados negativos a influenza aviar, previo a la emisi\u00f3n de licencias de transporte, fortaleciendo as\u00ed la prevenci\u00f3n a nivel nacional.<\/p>\n<p style=\"text-align: justify;\">En cuanto a la situaci\u00f3n sanitaria, se reiter\u00f3 que el pa\u00eds est\u00e1 libre de influenza aviar de alta patogenicidad. Durante el a\u00f1o anterior se detectaron dos casos aislados: uno en aves silvestres en Livingston, Izabal, y otro en aves de traspatio en Tejutla, San Marcos.<\/p>\n<p style=\"text-align: justify;\"><img loading=\"lazy\" decoding=\"async\" class=\"alignnone size-full wp-image-652546\" src=\"https:\/\/www.maga.gob.gt\/wp-content\/uploads\/2026\/01\/Consolidan-estrategia-sanitaria-frente-a-la-influenza-aviar4.jpeg\" sizes=\"auto, (max-width: 1280px) 100vw, 1280px\" srcset=\"https:\/\/www.maga.gob.gt\/wp-content\/uploads\/2026\/01\/Consolidan-estrategia-sanitaria-frente-a-la-influenza-aviar4.jpeg 1280w, https:\/\/www.maga.gob.gt\/wp-content\/uploads\/2026\/01\/Consolidan-estrategia-sanitaria-frente-a-la-influenza-aviar4-300x200.jpeg 300w, https:\/\/www.maga.gob.gt\/wp-content\/uploads\/2026\/01\/Consolidan-estrategia-sanitaria-frente-a-la-influenza-aviar4-1024x682.jpeg 1024w, https:\/\/www.maga.gob.gt\/wp-content\/uploads\/2026\/01\/Consolidan-estrategia-sanitaria-frente-a-la-influenza-aviar4-768x512.jpeg 768w, https:\/\/www.maga.gob.gt\/wp-content\/uploads\/2026\/01\/Consolidan-estrategia-sanitaria-frente-a-la-influenza-aviar4-500x333.jpeg 500w\" alt=\"\" width=\"1280\" height=\"853\" \/><\/p>\n<p style=\"text-align: justify;\">Los an\u00e1lisis de secuenciaci\u00f3n viral confirmaron un alto parentesco con cepas detectadas en Canad\u00e1, lo que evidenci\u00f3 la capacidad diagn\u00f3stica y la efectividad del sistema de vigilancia epidemiol\u00f3gica nacional.<\/p>\n<p style=\"text-align: justify;\">El Programa Nacional de Sanidad Av\u00edcola opera bajo un acuerdo de cooperaci\u00f3n t\u00e9cnica y financiera entre el MAGA, ANAVI y OIRSA, lo que permite una respuesta inmediata y coordinada ante cualquier evento sanitario.<\/p>\n<p style=\"text-align: justify;\">El MAGA destac\u00f3 que la gesti\u00f3n de la influenza aviar se desarrolla bajo el enfoque de Una Sola Salud (One Health), en coordinaci\u00f3n con los sectores de salud humana y ambiental, con el objetivo de prevenir riesgos a la poblaci\u00f3n y proteger la producci\u00f3n av\u00edcola nacional (EJ\/ea).<\/p>\n<p style=\"text-align: justify;\"><img loading=\"lazy\" decoding=\"async\" class=\"alignnone size-full wp-image-652547\" src=\"https:\/\/www.maga.gob.gt\/wp-content\/uploads\/2026\/01\/Consolidan-estrategia-sanitaria-frente-a-la-influenza-aviar5.jpeg\" sizes=\"auto, (max-width: 1280px) 100vw, 1280px\" srcset=\"https:\/\/www.maga.gob.gt\/wp-content\/uploads\/2026\/01\/Consolidan-estrategia-sanitaria-frente-a-la-influenza-aviar5.jpeg 1280w, https:\/\/www.maga.gob.gt\/wp-content\/uploads\/2026\/01\/Consolidan-estrategia-sanitaria-frente-a-la-influenza-aviar5-300x200.jpeg 300w, https:\/\/www.maga.gob.gt\/wp-content\/uploads\/2026\/01\/Consolidan-estrategia-sanitaria-frente-a-la-influenza-aviar5-1024x682.jpeg 1024w, https:\/\/www.maga.gob.gt\/wp-content\/uploads\/2026\/01\/Consolidan-estrategia-sanitaria-frente-a-la-influenza-aviar5-768x512.jpeg 768w, https:\/\/www.maga.gob.gt\/wp-content\/uploads\/2026\/01\/Consolidan-estrategia-sanitaria-frente-a-la-influenza-aviar5-500x333.jpeg 500w\" alt=\"\" width=\"1280\" height=\"853\" \/><\/p>\n","protected":false},"excerpt":{"rendered":"<p>Guatemala fortalece sus acciones de prevenci\u00f3n, vigilancia y control, manteniendo su estatus de pa\u00eds libre de influenza aviar de alta patogenicidad gracias a un trabajo t\u00e9cnico sostenido y alineado a los est\u00e1ndares internacionales de sanidad animal. Este avance fue respaldado durante una capacitaci\u00f3n internacional de alto nivel, realizada de forma virtual, en la que expertos [&hellip;]<\/p>\n","protected":false},"author":2,"featured_media":3424,"comment_status":"closed","ping_status":"closed","sticky":false,"template":"","format":"standard","meta":{"footnotes":""},"categories":[3],"tags":[],"class_list":["post-3423","post","type-post","status-publish","format-standard","has-post-thumbnail","hentry","category-principal"],"_links":{"self":[{"href":"https:\/\/www.maga.gob.gt\/sitios\/visar\/wp-json\/wp\/v2\/posts\/3423","targetHints":{"allow":["GET"]}}],"collection":[{"href":"https:\/\/www.maga.gob.gt\/sitios\/visar\/wp-json\/wp\/v2\/posts"}],"about":[{"href":"https:\/\/www.maga.gob.gt\/sitios\/visar\/wp-json\/wp\/v2\/types\/post"}],"author":[{"embeddable":true,"href":"https:\/\/www.maga.gob.gt\/sitios\/visar\/wp-json\/wp\/v2\/users\/2"}],"replies":[{"embeddable":true,"href":"https:\/\/www.maga.gob.gt\/sitios\/visar\/wp-json\/wp\/v2\/comments?post=3423"}],"version-history":[{"count":1,"href":"https:\/\/www.maga.gob.gt\/sitios\/visar\/wp-json\/wp\/v2\/posts\/3423\/revisions"}],"predecessor-version":[{"id":3425,"href":"https:\/\/www.maga.gob.gt\/sitios\/visar\/wp-json\/wp\/v2\/posts\/3423\/revisions\/3425"}],"wp:featuredmedia":[{"embeddable":true,"href":"https:\/\/www.maga.gob.gt\/sitios\/visar\/wp-json\/wp\/v2\/media\/3424"}],"wp:attachment":[{"href":"https:\/\/www.maga.gob.gt\/sitios\/visar\/wp-json\/wp\/v2\/media?parent=3423"}],"wp:term":[{"taxonomy":"category","embeddable":true,"href":"https:\/\/www.maga.gob.gt\/sitios\/visar\/wp-json\/wp\/v2\/categories?post=3423"},{"taxonomy":"post_tag","embeddable":true,"href":"https:\/\/www.maga.gob.gt\/sitios\/visar\/wp-json\/wp\/v2\/tags?post=3423"}],"curies":[{"name":"wp","href":"https:\/\/api.w.org\/{rel}","templated":true}]}}