{"id":3417,"date":"2026-01-20T23:37:47","date_gmt":"2026-01-20T22:37:47","guid":{"rendered":"https:\/\/www.maga.gob.gt\/sitios\/visar\/?p=3417"},"modified":"2026-01-20T23:37:47","modified_gmt":"2026-01-20T22:37:47","slug":"impulsan-gestiones-tecnicas-para-abrir-el-mercado-de-eeuu-al-aguacate-hass-guatemalteco","status":"publish","type":"post","link":"https:\/\/www.maga.gob.gt\/sitios\/visar\/2026\/01\/20\/impulsan-gestiones-tecnicas-para-abrir-el-mercado-de-eeuu-al-aguacate-hass-guatemalteco\/","title":{"rendered":"Impulsan gestiones t\u00e9cnicas para abrir el mercado de EEUU al aguacate Hass guatemalteco"},"content":{"rendered":"<p style=\"text-align: justify;\">Avanzar en el proceso de exportaci\u00f3n del aguacate guatemalteco al mercado estadounidense, mediante el fortalecimiento de los aspectos sanitarios, fitosanitarios y regulatorios, es el prop\u00f3sito de la gira de trabajo de una delegaci\u00f3n p\u00fablico-privada en Washington D. C., Estados Unidos de Am\u00e9rica, que encabeza la viceministra de Sanidad Agropecuaria y Regulaciones, Mayra Motta.<\/p>\n<p style=\"text-align: justify;\">El rol de la viceministra es clave para mostrar que los esfuerzos t\u00e9cnicos est\u00e1n orientados para asegurar que la producci\u00f3n nacional cumpla con los est\u00e1ndares internacionales, con lo cual se promueve un comercio agr\u00edcola seguro, confiable y competitivo.<\/p>\n<p style=\"text-align: justify;\">La delegaci\u00f3n est\u00e1 integrada por autoridades y t\u00e9cnicos de los ministerios de Agricultura, Ganader\u00eda y Alimentaci\u00f3n; Relaciones Exteriores, Econom\u00eda, as\u00ed como representantes del sector privado, por medio de la Asociaci\u00f3n Nacional de Productores de Aguacate. Ello refleja la coordinaci\u00f3n de trabajo entre el sector p\u00fablico y privado.<\/p>\n<p style=\"text-align: justify;\"><img loading=\"lazy\" decoding=\"async\" class=\"alignnone size-full wp-image-652456\" src=\"https:\/\/www.maga.gob.gt\/wp-content\/uploads\/2026\/01\/Impulsan-gestiones-tecnicas-para-abrir-el-mercado-de-EEUU-al-aguacate-Hass-guatemalteco-2.jpeg\" sizes=\"auto, (max-width: 1008px) 100vw, 1008px\" srcset=\"https:\/\/www.maga.gob.gt\/wp-content\/uploads\/2026\/01\/Impulsan-gestiones-tecnicas-para-abrir-el-mercado-de-EEUU-al-aguacate-Hass-guatemalteco-2.jpeg 1008w, https:\/\/www.maga.gob.gt\/wp-content\/uploads\/2026\/01\/Impulsan-gestiones-tecnicas-para-abrir-el-mercado-de-EEUU-al-aguacate-Hass-guatemalteco-2-300x276.jpeg 300w, https:\/\/www.maga.gob.gt\/wp-content\/uploads\/2026\/01\/Impulsan-gestiones-tecnicas-para-abrir-el-mercado-de-EEUU-al-aguacate-Hass-guatemalteco-2-768x708.jpeg 768w, https:\/\/www.maga.gob.gt\/wp-content\/uploads\/2026\/01\/Impulsan-gestiones-tecnicas-para-abrir-el-mercado-de-EEUU-al-aguacate-Hass-guatemalteco-2-500x461.jpeg 500w\" alt=\"\" width=\"1008\" height=\"929\" \/><\/p>\n<p style=\"text-align: justify;\">El eje central de la agenda es la reuni\u00f3n con el Servicio de Inspecci\u00f3n de Sanidad Animal y Vegetal (APHIS), en la que se analizar\u00e1n los requisitos sanitarios y fitosanitarios necesarios para la exportaci\u00f3n del aguacate Hass guatemalteco.<\/p>\n<p style=\"text-align: justify;\">De forma complementaria, se desarrollar\u00e1n encuentros con los departamentos de Estado y de Comercio, as\u00ed como con miembros del Congreso de los Estados Unidos, para destacar la importancia de contar con socios confiables y cercanos para el abastecimiento del mercado estadounidense.<\/p>\n<p style=\"text-align: justify;\">Estas acciones forman parte de la pol\u00edtica del MAGA de promover el acceso de productos agr\u00edcolas guatemaltecos a los mercados internacionales. Adem\u00e1s, se fortalecen las cadenas de suministro, se genera empleo y se contribuye con el desarrollo rural.<\/p>\n<p style=\"text-align: justify;\">La exportaci\u00f3n del aguacate guatemalteco hacia los Estados Unidos de Am\u00e9rica representa una oportunidad clave para consolidar una relaci\u00f3n bilateral basada en la confianza, la cooperaci\u00f3n y la prosperidad compartida (EJ\/ea).<\/p>\n<p style=\"text-align: justify;\"><img loading=\"lazy\" decoding=\"async\" class=\"alignnone size-full wp-image-652457\" src=\"https:\/\/www.maga.gob.gt\/wp-content\/uploads\/2026\/01\/Impulsan-gestiones-tecnicas-para-abrir-el-mercado-de-EEUU-al-aguacate-Hass-guatemalteco-3.jpeg\" sizes=\"auto, (max-width: 1152px) 100vw, 1152px\" srcset=\"https:\/\/www.maga.gob.gt\/wp-content\/uploads\/2026\/01\/Impulsan-gestiones-tecnicas-para-abrir-el-mercado-de-EEUU-al-aguacate-Hass-guatemalteco-3.jpeg 1152w, https:\/\/www.maga.gob.gt\/wp-content\/uploads\/2026\/01\/Impulsan-gestiones-tecnicas-para-abrir-el-mercado-de-EEUU-al-aguacate-Hass-guatemalteco-3-300x184.jpeg 300w, https:\/\/www.maga.gob.gt\/wp-content\/uploads\/2026\/01\/Impulsan-gestiones-tecnicas-para-abrir-el-mercado-de-EEUU-al-aguacate-Hass-guatemalteco-3-1024x629.jpeg 1024w, https:\/\/www.maga.gob.gt\/wp-content\/uploads\/2026\/01\/Impulsan-gestiones-tecnicas-para-abrir-el-mercado-de-EEUU-al-aguacate-Hass-guatemalteco-3-768x472.jpeg 768w, https:\/\/www.maga.gob.gt\/wp-content\/uploads\/2026\/01\/Impulsan-gestiones-tecnicas-para-abrir-el-mercado-de-EEUU-al-aguacate-Hass-guatemalteco-3-500x307.jpeg 500w\" alt=\"\" width=\"1152\" height=\"708\" \/><\/p>\n","protected":false},"excerpt":{"rendered":"<p>Avanzar en el proceso de exportaci\u00f3n del aguacate guatemalteco al mercado estadounidense, mediante el fortalecimiento de los aspectos sanitarios, fitosanitarios y regulatorios, es el prop\u00f3sito de la gira de trabajo de una delegaci\u00f3n p\u00fablico-privada en Washington D. C., Estados Unidos de Am\u00e9rica, que encabeza la viceministra de Sanidad Agropecuaria y Regulaciones, Mayra Motta. El rol [&hellip;]<\/p>\n","protected":false},"author":2,"featured_media":3418,"comment_status":"closed","ping_status":"closed","sticky":false,"template":"","format":"standard","meta":{"footnotes":""},"categories":[3],"tags":[],"class_list":["post-3417","post","type-post","status-publish","format-standard","has-post-thumbnail","hentry","category-principal"],"_links":{"self":[{"href":"https:\/\/www.maga.gob.gt\/sitios\/visar\/wp-json\/wp\/v2\/posts\/3417","targetHints":{"allow":["GET"]}}],"collection":[{"href":"https:\/\/www.maga.gob.gt\/sitios\/visar\/wp-json\/wp\/v2\/posts"}],"about":[{"href":"https:\/\/www.maga.gob.gt\/sitios\/visar\/wp-json\/wp\/v2\/types\/post"}],"author":[{"embeddable":true,"href":"https:\/\/www.maga.gob.gt\/sitios\/visar\/wp-json\/wp\/v2\/users\/2"}],"replies":[{"embeddable":true,"href":"https:\/\/www.maga.gob.gt\/sitios\/visar\/wp-json\/wp\/v2\/comments?post=3417"}],"version-history":[{"count":1,"href":"https:\/\/www.maga.gob.gt\/sitios\/visar\/wp-json\/wp\/v2\/posts\/3417\/revisions"}],"predecessor-version":[{"id":3419,"href":"https:\/\/www.maga.gob.gt\/sitios\/visar\/wp-json\/wp\/v2\/posts\/3417\/revisions\/3419"}],"wp:featuredmedia":[{"embeddable":true,"href":"https:\/\/www.maga.gob.gt\/sitios\/visar\/wp-json\/wp\/v2\/media\/3418"}],"wp:attachment":[{"href":"https:\/\/www.maga.gob.gt\/sitios\/visar\/wp-json\/wp\/v2\/media?parent=3417"}],"wp:term":[{"taxonomy":"category","embeddable":true,"href":"https:\/\/www.maga.gob.gt\/sitios\/visar\/wp-json\/wp\/v2\/categories?post=3417"},{"taxonomy":"post_tag","embeddable":true,"href":"https:\/\/www.maga.gob.gt\/sitios\/visar\/wp-json\/wp\/v2\/tags?post=3417"}],"curies":[{"name":"wp","href":"https:\/\/api.w.org\/{rel}","templated":true}]}}