{"id":3414,"date":"2026-01-20T19:25:05","date_gmt":"2026-01-20T18:25:05","guid":{"rendered":"https:\/\/www.maga.gob.gt\/sitios\/visar\/?p=3414"},"modified":"2026-01-20T19:25:05","modified_gmt":"2026-01-20T18:25:05","slug":"coordinan-actualizacion-regional-de-datos-relativos-a-la-langosta-del-caribe","status":"publish","type":"post","link":"https:\/\/www.maga.gob.gt\/sitios\/visar\/2026\/01\/20\/coordinan-actualizacion-regional-de-datos-relativos-a-la-langosta-del-caribe\/","title":{"rendered":"Coordinan actualizaci\u00f3n regional de datos relativos a la langosta del Caribe"},"content":{"rendered":"<p style=\"text-align: justify;\">Autoridades pesqueras de Guatemala y de la regi\u00f3n coordinan la actualizaci\u00f3n y validaci\u00f3n de datos acerca de la pesca de la langosta del Caribe, con el objetivo de fortalecer su gesti\u00f3n sostenible y mejorar la toma de decisiones relativas a este recurso de alto valor comercial.<\/p>\n<p style=\"text-align: justify;\"><img loading=\"lazy\" decoding=\"async\" class=\"alignnone size-full wp-image-652404\" src=\"https:\/\/www.maga.gob.gt\/wp-content\/uploads\/2026\/01\/Coordinan-actualizacion-regional-de-datos-relativos-a-la-langosta-del-Caribe2.jpeg\" sizes=\"auto, (max-width: 1296px) 100vw, 1296px\" srcset=\"https:\/\/www.maga.gob.gt\/wp-content\/uploads\/2026\/01\/Coordinan-actualizacion-regional-de-datos-relativos-a-la-langosta-del-Caribe2.jpeg 1296w, https:\/\/www.maga.gob.gt\/wp-content\/uploads\/2026\/01\/Coordinan-actualizacion-regional-de-datos-relativos-a-la-langosta-del-Caribe2-300x156.jpeg 300w, https:\/\/www.maga.gob.gt\/wp-content\/uploads\/2026\/01\/Coordinan-actualizacion-regional-de-datos-relativos-a-la-langosta-del-Caribe2-1024x533.jpeg 1024w, https:\/\/www.maga.gob.gt\/wp-content\/uploads\/2026\/01\/Coordinan-actualizacion-regional-de-datos-relativos-a-la-langosta-del-Caribe2-768x399.jpeg 768w, https:\/\/www.maga.gob.gt\/wp-content\/uploads\/2026\/01\/Coordinan-actualizacion-regional-de-datos-relativos-a-la-langosta-del-Caribe2-500x260.jpeg 500w\" alt=\"\" width=\"1296\" height=\"674\" \/><\/p>\n<p style=\"text-align: justify;\">Como parte de este proceso, el lunes 19 de enero se realiz\u00f3 una reuni\u00f3n regional en la que participaron t\u00e9cnicos del Ministerio de Agricultura, Ganader\u00eda y Alimentaci\u00f3n (MAGA), junto a representantes de organismos regionales y de las autoridades de pesca de los pa\u00edses miembros de la Comisi\u00f3n de Pesca para el Atl\u00e1ntico Centro-Occidental (COPACO).<\/p>\n<p style=\"text-align: justify;\"><img loading=\"lazy\" decoding=\"async\" class=\"alignnone size-full wp-image-652405\" src=\"https:\/\/www.maga.gob.gt\/wp-content\/uploads\/2026\/01\/Coordinan-actualizacion-regional-de-datos-relativos-a-la-langosta-del-Caribe3.jpeg\" sizes=\"auto, (max-width: 1296px) 100vw, 1296px\" srcset=\"https:\/\/www.maga.gob.gt\/wp-content\/uploads\/2026\/01\/Coordinan-actualizacion-regional-de-datos-relativos-a-la-langosta-del-Caribe3.jpeg 1296w, https:\/\/www.maga.gob.gt\/wp-content\/uploads\/2026\/01\/Coordinan-actualizacion-regional-de-datos-relativos-a-la-langosta-del-Caribe3-300x169.jpeg 300w, https:\/\/www.maga.gob.gt\/wp-content\/uploads\/2026\/01\/Coordinan-actualizacion-regional-de-datos-relativos-a-la-langosta-del-Caribe3-1024x576.jpeg 1024w, https:\/\/www.maga.gob.gt\/wp-content\/uploads\/2026\/01\/Coordinan-actualizacion-regional-de-datos-relativos-a-la-langosta-del-Caribe3-768x432.jpeg 768w, https:\/\/www.maga.gob.gt\/wp-content\/uploads\/2026\/01\/Coordinan-actualizacion-regional-de-datos-relativos-a-la-langosta-del-Caribe3-500x281.jpeg 500w\" alt=\"\" width=\"1296\" height=\"729\" \/><\/p>\n<p style=\"text-align: justify;\">Durante la jornada se revis\u00f3 la informaci\u00f3n generada por cada pa\u00eds y se defini\u00f3 una ruta de trabajo conjunta orientada a mejorar la recopilaci\u00f3n, el an\u00e1lisis y la actualizaci\u00f3n permanente de los datos relacionados con la langosta del Caribe, en el marco del Sistema de Seguimiento de Pesquer\u00edas y Recursos (FIRMS).<\/p>\n<p style=\"text-align: justify;\"><img loading=\"lazy\" decoding=\"async\" class=\"alignnone size-full wp-image-652407\" src=\"https:\/\/www.maga.gob.gt\/wp-content\/uploads\/2026\/01\/Coordinan-actualizacion-regional-de-datos-relativos-a-la-langosta-del-Caribe5.jpeg\" sizes=\"auto, (max-width: 864px) 100vw, 864px\" srcset=\"https:\/\/www.maga.gob.gt\/wp-content\/uploads\/2026\/01\/Coordinan-actualizacion-regional-de-datos-relativos-a-la-langosta-del-Caribe5.jpeg 864w, https:\/\/www.maga.gob.gt\/wp-content\/uploads\/2026\/01\/Coordinan-actualizacion-regional-de-datos-relativos-a-la-langosta-del-Caribe5-235x300.jpeg 235w, https:\/\/www.maga.gob.gt\/wp-content\/uploads\/2026\/01\/Coordinan-actualizacion-regional-de-datos-relativos-a-la-langosta-del-Caribe5-804x1024.jpeg 804w, https:\/\/www.maga.gob.gt\/wp-content\/uploads\/2026\/01\/Coordinan-actualizacion-regional-de-datos-relativos-a-la-langosta-del-Caribe5-768x979.jpeg 768w, https:\/\/www.maga.gob.gt\/wp-content\/uploads\/2026\/01\/Coordinan-actualizacion-regional-de-datos-relativos-a-la-langosta-del-Caribe5-500x637.jpeg 500w\" alt=\"\" width=\"864\" height=\"1101\" \/><\/p>\n<p style=\"text-align: justify;\">Estas acciones fortalecen la gobernanza pesquera regional y respaldan la toma de decisiones basada en informaci\u00f3n t\u00e9cnica confiable, promoviendo el aprovechamiento sostenible de los recursos hidrobiol\u00f3gicos y la conservaci\u00f3n de esta especie estrat\u00e9gica para la regi\u00f3n (EJ\/ea).<\/p>\n<p style=\"text-align: justify;\"><img loading=\"lazy\" decoding=\"async\" class=\"alignnone size-full wp-image-652406\" src=\"https:\/\/www.maga.gob.gt\/wp-content\/uploads\/2026\/01\/Coordinan-actualizacion-regional-de-datos-relativos-a-la-langosta-del-Caribe4.jpeg\" sizes=\"auto, (max-width: 1296px) 100vw, 1296px\" srcset=\"https:\/\/www.maga.gob.gt\/wp-content\/uploads\/2026\/01\/Coordinan-actualizacion-regional-de-datos-relativos-a-la-langosta-del-Caribe4.jpeg 1296w, https:\/\/www.maga.gob.gt\/wp-content\/uploads\/2026\/01\/Coordinan-actualizacion-regional-de-datos-relativos-a-la-langosta-del-Caribe4-300x172.jpeg 300w, https:\/\/www.maga.gob.gt\/wp-content\/uploads\/2026\/01\/Coordinan-actualizacion-regional-de-datos-relativos-a-la-langosta-del-Caribe4-1024x585.jpeg 1024w, https:\/\/www.maga.gob.gt\/wp-content\/uploads\/2026\/01\/Coordinan-actualizacion-regional-de-datos-relativos-a-la-langosta-del-Caribe4-768x439.jpeg 768w, https:\/\/www.maga.gob.gt\/wp-content\/uploads\/2026\/01\/Coordinan-actualizacion-regional-de-datos-relativos-a-la-langosta-del-Caribe4-500x286.jpeg 500w\" alt=\"\" width=\"1296\" height=\"741\" \/><\/p>\n","protected":false},"excerpt":{"rendered":"<p>Autoridades pesqueras de Guatemala y de la regi\u00f3n coordinan la actualizaci\u00f3n y validaci\u00f3n de datos acerca de la pesca de la langosta del Caribe, con el objetivo de fortalecer su gesti\u00f3n sostenible y mejorar la toma de decisiones relativas a este recurso de alto valor comercial. Como parte de este proceso, el lunes 19 de [&hellip;]<\/p>\n","protected":false},"author":2,"featured_media":3415,"comment_status":"closed","ping_status":"closed","sticky":false,"template":"","format":"standard","meta":{"footnotes":""},"categories":[3],"tags":[],"class_list":["post-3414","post","type-post","status-publish","format-standard","has-post-thumbnail","hentry","category-principal"],"_links":{"self":[{"href":"https:\/\/www.maga.gob.gt\/sitios\/visar\/wp-json\/wp\/v2\/posts\/3414","targetHints":{"allow":["GET"]}}],"collection":[{"href":"https:\/\/www.maga.gob.gt\/sitios\/visar\/wp-json\/wp\/v2\/posts"}],"about":[{"href":"https:\/\/www.maga.gob.gt\/sitios\/visar\/wp-json\/wp\/v2\/types\/post"}],"author":[{"embeddable":true,"href":"https:\/\/www.maga.gob.gt\/sitios\/visar\/wp-json\/wp\/v2\/users\/2"}],"replies":[{"embeddable":true,"href":"https:\/\/www.maga.gob.gt\/sitios\/visar\/wp-json\/wp\/v2\/comments?post=3414"}],"version-history":[{"count":1,"href":"https:\/\/www.maga.gob.gt\/sitios\/visar\/wp-json\/wp\/v2\/posts\/3414\/revisions"}],"predecessor-version":[{"id":3416,"href":"https:\/\/www.maga.gob.gt\/sitios\/visar\/wp-json\/wp\/v2\/posts\/3414\/revisions\/3416"}],"wp:featuredmedia":[{"embeddable":true,"href":"https:\/\/www.maga.gob.gt\/sitios\/visar\/wp-json\/wp\/v2\/media\/3415"}],"wp:attachment":[{"href":"https:\/\/www.maga.gob.gt\/sitios\/visar\/wp-json\/wp\/v2\/media?parent=3414"}],"wp:term":[{"taxonomy":"category","embeddable":true,"href":"https:\/\/www.maga.gob.gt\/sitios\/visar\/wp-json\/wp\/v2\/categories?post=3414"},{"taxonomy":"post_tag","embeddable":true,"href":"https:\/\/www.maga.gob.gt\/sitios\/visar\/wp-json\/wp\/v2\/tags?post=3414"}],"curies":[{"name":"wp","href":"https:\/\/api.w.org\/{rel}","templated":true}]}}