{"id":3408,"date":"2026-01-19T22:22:03","date_gmt":"2026-01-19T21:22:03","guid":{"rendered":"https:\/\/www.maga.gob.gt\/sitios\/visar\/?p=3408"},"modified":"2026-01-19T22:22:03","modified_gmt":"2026-01-19T21:22:03","slug":"identifican-especies-icticas-en-el-lago-de-amatitlan","status":"publish","type":"post","link":"https:\/\/www.maga.gob.gt\/sitios\/visar\/2026\/01\/19\/identifican-especies-icticas-en-el-lago-de-amatitlan\/","title":{"rendered":"Identifican especies \u00edcticas en el lago de Amatitl\u00e1n"},"content":{"rendered":"<p style=\"text-align: justify;\">El viernes 16 de enero se realiz\u00f3 una actividad denominada pesca cient\u00edfica en el lago de Amatitl\u00e1n, con el prop\u00f3sito de identificar especies \u00edcticas (comunes o de diferentes especies), una acci\u00f3n t\u00e9cnica para el conocimiento y manejo responsable de los recursos pesqueros que realiza el personal t\u00e9cnico del Ministerio de Agricultura, Ganader\u00eda y Alimentaci\u00f3n (MAGA).<\/p>\n<p style=\"text-align: justify;\">Durante el muestreo se obtuvieron espec\u00edmenes de Oreochromis niloticus (tilapia), Amphilophus macracanthus (mojarra negra) y Parachromis managuensis (guapote).<\/p>\n<p style=\"text-align: justify;\"><img loading=\"lazy\" decoding=\"async\" class=\"alignnone size-full wp-image-652362\" src=\"https:\/\/www.maga.gob.gt\/wp-content\/uploads\/2026\/01\/Identifican-especies-icticas-en-el-lago-de-Amatitlan2.jpeg\" sizes=\"auto, (max-width: 960px) 100vw, 960px\" srcset=\"https:\/\/www.maga.gob.gt\/wp-content\/uploads\/2026\/01\/Identifican-especies-icticas-en-el-lago-de-Amatitlan2.jpeg 960w, https:\/\/www.maga.gob.gt\/wp-content\/uploads\/2026\/01\/Identifican-especies-icticas-en-el-lago-de-Amatitlan2-225x300.jpeg 225w, https:\/\/www.maga.gob.gt\/wp-content\/uploads\/2026\/01\/Identifican-especies-icticas-en-el-lago-de-Amatitlan2-768x1024.jpeg 768w, https:\/\/www.maga.gob.gt\/wp-content\/uploads\/2026\/01\/Identifican-especies-icticas-en-el-lago-de-Amatitlan2-500x667.jpeg 500w\" alt=\"\" width=\"960\" height=\"1280\" \/><\/p>\n<p style=\"text-align: justify;\">Los organismos recolectados ser\u00e1n analizados para evaluar su estado general de salud, informaci\u00f3n que contribuir\u00e1 a la toma de decisiones t\u00e9cnicas para la conservaci\u00f3n y aprovechamiento sostenible del lago por parte del Viceministerio de Sanidad Agropecuaria y Regulaciones (VISAR) y la Direcci\u00f3n de Normatividad de la Pesca y Acuicultura (DIPESCA).<\/p>\n<p style=\"text-align: justify;\">Esta actividad se desarroll\u00f3 en coordinaci\u00f3n y apoyo a la Autoridad para el Manejo Sustentable de la Cuenca del Lago de Amatitl\u00e1n (AMSA), fortaleciendo el trabajo interinstitucional en favor de la gesti\u00f3n ambiental y pesquera del pa\u00eds (EJ\/ea).<\/p>\n<p style=\"text-align: justify;\"><img loading=\"lazy\" decoding=\"async\" class=\"alignnone size-full wp-image-652363\" src=\"https:\/\/www.maga.gob.gt\/wp-content\/uploads\/2026\/01\/Identifican-especies-icticas-en-el-lago-de-Amatitlan3.jpeg\" sizes=\"auto, (max-width: 1008px) 100vw, 1008px\" srcset=\"https:\/\/www.maga.gob.gt\/wp-content\/uploads\/2026\/01\/Identifican-especies-icticas-en-el-lago-de-Amatitlan3.jpeg 1008w, https:\/\/www.maga.gob.gt\/wp-content\/uploads\/2026\/01\/Identifican-especies-icticas-en-el-lago-de-Amatitlan3-300x271.jpeg 300w, https:\/\/www.maga.gob.gt\/wp-content\/uploads\/2026\/01\/Identifican-especies-icticas-en-el-lago-de-Amatitlan3-768x693.jpeg 768w, https:\/\/www.maga.gob.gt\/wp-content\/uploads\/2026\/01\/Identifican-especies-icticas-en-el-lago-de-Amatitlan3-500x451.jpeg 500w\" alt=\"\" width=\"1008\" height=\"909\" \/><\/p>\n","protected":false},"excerpt":{"rendered":"<p>El viernes 16 de enero se realiz\u00f3 una actividad denominada pesca cient\u00edfica en el lago de Amatitl\u00e1n, con el prop\u00f3sito de identificar especies \u00edcticas (comunes o de diferentes especies), una acci\u00f3n t\u00e9cnica para el conocimiento y manejo responsable de los recursos pesqueros que realiza el personal t\u00e9cnico del Ministerio de Agricultura, Ganader\u00eda y Alimentaci\u00f3n (MAGA). [&hellip;]<\/p>\n","protected":false},"author":2,"featured_media":3409,"comment_status":"closed","ping_status":"closed","sticky":false,"template":"","format":"standard","meta":{"footnotes":""},"categories":[3],"tags":[],"class_list":["post-3408","post","type-post","status-publish","format-standard","has-post-thumbnail","hentry","category-principal"],"_links":{"self":[{"href":"https:\/\/www.maga.gob.gt\/sitios\/visar\/wp-json\/wp\/v2\/posts\/3408","targetHints":{"allow":["GET"]}}],"collection":[{"href":"https:\/\/www.maga.gob.gt\/sitios\/visar\/wp-json\/wp\/v2\/posts"}],"about":[{"href":"https:\/\/www.maga.gob.gt\/sitios\/visar\/wp-json\/wp\/v2\/types\/post"}],"author":[{"embeddable":true,"href":"https:\/\/www.maga.gob.gt\/sitios\/visar\/wp-json\/wp\/v2\/users\/2"}],"replies":[{"embeddable":true,"href":"https:\/\/www.maga.gob.gt\/sitios\/visar\/wp-json\/wp\/v2\/comments?post=3408"}],"version-history":[{"count":1,"href":"https:\/\/www.maga.gob.gt\/sitios\/visar\/wp-json\/wp\/v2\/posts\/3408\/revisions"}],"predecessor-version":[{"id":3410,"href":"https:\/\/www.maga.gob.gt\/sitios\/visar\/wp-json\/wp\/v2\/posts\/3408\/revisions\/3410"}],"wp:featuredmedia":[{"embeddable":true,"href":"https:\/\/www.maga.gob.gt\/sitios\/visar\/wp-json\/wp\/v2\/media\/3409"}],"wp:attachment":[{"href":"https:\/\/www.maga.gob.gt\/sitios\/visar\/wp-json\/wp\/v2\/media?parent=3408"}],"wp:term":[{"taxonomy":"category","embeddable":true,"href":"https:\/\/www.maga.gob.gt\/sitios\/visar\/wp-json\/wp\/v2\/categories?post=3408"},{"taxonomy":"post_tag","embeddable":true,"href":"https:\/\/www.maga.gob.gt\/sitios\/visar\/wp-json\/wp\/v2\/tags?post=3408"}],"curies":[{"name":"wp","href":"https:\/\/api.w.org\/{rel}","templated":true}]}}