{"id":3300,"date":"2025-12-03T12:41:08","date_gmt":"2025-12-03T11:41:08","guid":{"rendered":"https:\/\/www.maga.gob.gt\/sitios\/visar\/?p=3300"},"modified":"2025-12-04T19:46:57","modified_gmt":"2025-12-04T18:46:57","slug":"guatemala-suscribe-la-politica-de-integracion-de-la-pesca-y-la-acuicultura-2026-2035","status":"publish","type":"post","link":"https:\/\/www.maga.gob.gt\/sitios\/visar\/2025\/12\/03\/guatemala-suscribe-la-politica-de-integracion-de-la-pesca-y-la-acuicultura-2026-2035\/","title":{"rendered":"Guatemala suscribe la Pol\u00edtica de Integraci\u00f3n de la Pesca y la Acuicultura 2026\u20132035"},"content":{"rendered":"<p style=\"text-align: justify;\">Guatemala formaliz\u00f3 su adhesi\u00f3n a la Pol\u00edtica de Integraci\u00f3n de la Pesca y la Acuicultura 2026\u20132035 (PINPESCA), un instrumento regional impulsado por la Organizaci\u00f3n del Sector Pesquero y Acu\u00edcola del Istmo Centroamericano (OSPESCA) en el marco del Sistema de la Integraci\u00f3n Centroamericana (SICA). Esta pol\u00edtica cuenta con el apoyo t\u00e9cnico de la Organizaci\u00f3n de las Naciones Unidas para la Agricultura y la Alimentaci\u00f3n (FAO).<\/p>\n<p style=\"text-align: justify;\">La adhesi\u00f3n fue oficializada por el Ministerio de Agricultura, Ganader\u00eda y Alimentaci\u00f3n (MAGA), en representaci\u00f3n del Gobierno de Guatemala, siendo la viceministra de Sanidad Agropecuaria y Regulaciones, Mayra Motta, la encargada de suscribir el compromiso.<\/p>\n<p style=\"text-align: justify;\"><img loading=\"lazy\" decoding=\"async\" class=\"alignnone size-full wp-image-650527\" src=\"https:\/\/www.maga.gob.gt\/wp-content\/uploads\/2025\/12\/Guatemala-suscribe-la-Politica-de-Integracion-de-la-Pesca-y-la-Acuicultura-2026%E2%80%9320352.jpg\" sizes=\"auto, (max-width: 1280px) 100vw, 1280px\" srcset=\"https:\/\/www.maga.gob.gt\/wp-content\/uploads\/2025\/12\/Guatemala-suscribe-la-Politica-de-Integracion-de-la-Pesca-y-la-Acuicultura-2026\u201320352.jpg 1280w, https:\/\/www.maga.gob.gt\/wp-content\/uploads\/2025\/12\/Guatemala-suscribe-la-Politica-de-Integracion-de-la-Pesca-y-la-Acuicultura-2026\u201320352-300x200.jpg 300w, https:\/\/www.maga.gob.gt\/wp-content\/uploads\/2025\/12\/Guatemala-suscribe-la-Politica-de-Integracion-de-la-Pesca-y-la-Acuicultura-2026\u201320352-1024x682.jpg 1024w, https:\/\/www.maga.gob.gt\/wp-content\/uploads\/2025\/12\/Guatemala-suscribe-la-Politica-de-Integracion-de-la-Pesca-y-la-Acuicultura-2026\u201320352-768x512.jpg 768w, https:\/\/www.maga.gob.gt\/wp-content\/uploads\/2025\/12\/Guatemala-suscribe-la-Politica-de-Integracion-de-la-Pesca-y-la-Acuicultura-2026\u201320352-500x333.jpg 500w\" alt=\"\" width=\"1280\" height=\"853\" \/><\/p>\n<p style=\"text-align: justify;\">En calidad de testigos participaron representantes de OSPESCA\/SICA, entre ellos Abel Carr\u00edas, director regional de Pesca y Acuicultura; Violeta Reina, coordinadora t\u00e9cnica regional; y Mario Gonz\u00e1lez, especialista de OSPESCA. Tambi\u00e9n estuvo presente Diana Barahona, del proyecto SICA Azul.<\/p>\n<p style=\"text-align: justify;\">Guatemala reafirma su compromiso con la integraci\u00f3n regional para fortalecer el manejo sostenible de los recursos pesqueros y acu\u00edcolas, mejorar la gobernanza del sector y avanzar hacia la consolidaci\u00f3n de la econom\u00eda azul en Centroam\u00e9rica.<\/p>\n<p style=\"text-align: justify;\"><img loading=\"lazy\" decoding=\"async\" class=\"alignnone size-full wp-image-650528\" src=\"https:\/\/www.maga.gob.gt\/wp-content\/uploads\/2025\/12\/Guatemala-suscribe-la-Politica-de-Integracion-de-la-Pesca-y-la-Acuicultura-2026%E2%80%9320353.jpg\" sizes=\"auto, (max-width: 1280px) 100vw, 1280px\" srcset=\"https:\/\/www.maga.gob.gt\/wp-content\/uploads\/2025\/12\/Guatemala-suscribe-la-Politica-de-Integracion-de-la-Pesca-y-la-Acuicultura-2026\u201320353.jpg 1280w, https:\/\/www.maga.gob.gt\/wp-content\/uploads\/2025\/12\/Guatemala-suscribe-la-Politica-de-Integracion-de-la-Pesca-y-la-Acuicultura-2026\u201320353-300x200.jpg 300w, https:\/\/www.maga.gob.gt\/wp-content\/uploads\/2025\/12\/Guatemala-suscribe-la-Politica-de-Integracion-de-la-Pesca-y-la-Acuicultura-2026\u201320353-1024x682.jpg 1024w, https:\/\/www.maga.gob.gt\/wp-content\/uploads\/2025\/12\/Guatemala-suscribe-la-Politica-de-Integracion-de-la-Pesca-y-la-Acuicultura-2026\u201320353-768x512.jpg 768w, https:\/\/www.maga.gob.gt\/wp-content\/uploads\/2025\/12\/Guatemala-suscribe-la-Politica-de-Integracion-de-la-Pesca-y-la-Acuicultura-2026\u201320353-500x333.jpg 500w\" alt=\"\" width=\"1280\" height=\"853\" \/><\/p>\n<p style=\"text-align: justify;\">La PINPESCA constituye la hoja de ruta regional para impulsar la seguridad alimentaria, promover la sostenibilidad del sector y armonizar las acciones entre los pa\u00edses miembros del SICA.La pol\u00edtica, de car\u00e1cter regional y de largo plazo, define est\u00e1ndares comunes para la gesti\u00f3n responsable de la pesca y la acuicultura, reconociendo su aporte econ\u00f3mico, social y ambiental para millones de personas.<\/p>\n<p style=\"text-align: justify;\">Resalta, adem\u00e1s, que ambas actividades son pilares esenciales para la generaci\u00f3n de empleo, el desarrollo costero y continental, y la disponibilidad de alimentos nutritivos en la regi\u00f3n.<\/p>\n<p style=\"text-align: justify;\">El instrumento est\u00e1 estructurado en siete ejes estrat\u00e9gicos que guiar\u00e1n el trabajo durante la pr\u00f3xima d\u00e9cada:<\/p>\n<p style=\"text-align: justify;\">\u2022 Fortalecimiento institucional: modernizaci\u00f3n y coordinaci\u00f3n regional entre los pa\u00edses y OSPESCA.<br \/>\n\u2022 Mejora de la gobernanza: decisiones basadas en evidencia cient\u00edfica y criterios de sostenibilidad.<br \/>\n\u2022 Gesti\u00f3n cient\u00edfica y tecnol\u00f3gica: investigaci\u00f3n, trazabilidad y monitoreo para un uso responsable de los recursos.<br \/>\n\u2022 Pesca y acuicultura sostenibles: pr\u00e1cticas que protejan los ecosistemas y aseguren el aprovechamiento adecuado.<br \/>\n\u2022 Desarrollo productivo: innovaci\u00f3n, valor agregado y competitividad del sector.<br \/>\n\u2022 Participaci\u00f3n y liderazgo: impulso al rol de pescadores, acuicultores, mujeres y j\u00f3venes.<br \/>\n\u2022 Compromiso regional: articulaci\u00f3n de esfuerzos entre los pa\u00edses del SICA.<\/p>\n<p style=\"text-align: justify;\">Con esta adhesi\u00f3n, Guatemala fortalece su rol en los esfuerzos regionales para promover una pesca y acuicultura modernas, responsables y alineadas con los Objetivos de Desarrollo Sostenible, as\u00ed como con la visi\u00f3n de Transformaci\u00f3n Azul impulsada por el SICA y la FAO (EJ\/ea).<\/p>\n<p style=\"text-align: justify;\"><img loading=\"lazy\" decoding=\"async\" class=\"alignnone size-full wp-image-650529\" src=\"https:\/\/www.maga.gob.gt\/wp-content\/uploads\/2025\/12\/Guatemala-suscribe-la-Politica-de-Integracion-de-la-Pesca-y-la-Acuicultura-2026%E2%80%9320354.jpg\" sizes=\"auto, (max-width: 1280px) 100vw, 1280px\" srcset=\"https:\/\/www.maga.gob.gt\/wp-content\/uploads\/2025\/12\/Guatemala-suscribe-la-Politica-de-Integracion-de-la-Pesca-y-la-Acuicultura-2026\u201320354.jpg 1280w, https:\/\/www.maga.gob.gt\/wp-content\/uploads\/2025\/12\/Guatemala-suscribe-la-Politica-de-Integracion-de-la-Pesca-y-la-Acuicultura-2026\u201320354-300x200.jpg 300w, https:\/\/www.maga.gob.gt\/wp-content\/uploads\/2025\/12\/Guatemala-suscribe-la-Politica-de-Integracion-de-la-Pesca-y-la-Acuicultura-2026\u201320354-1024x682.jpg 1024w, https:\/\/www.maga.gob.gt\/wp-content\/uploads\/2025\/12\/Guatemala-suscribe-la-Politica-de-Integracion-de-la-Pesca-y-la-Acuicultura-2026\u201320354-768x512.jpg 768w, https:\/\/www.maga.gob.gt\/wp-content\/uploads\/2025\/12\/Guatemala-suscribe-la-Politica-de-Integracion-de-la-Pesca-y-la-Acuicultura-2026\u201320354-500x333.jpg 500w\" alt=\"\" width=\"1280\" height=\"853\" \/><\/p>\n","protected":false},"excerpt":{"rendered":"<p>Guatemala formaliz\u00f3 su adhesi\u00f3n a la Pol\u00edtica de Integraci\u00f3n de la Pesca y la Acuicultura 2026\u20132035 (PINPESCA), un instrumento regional impulsado por la Organizaci\u00f3n del Sector Pesquero y Acu\u00edcola del Istmo Centroamericano (OSPESCA) en el marco del Sistema de la Integraci\u00f3n Centroamericana (SICA). Esta pol\u00edtica cuenta con el apoyo t\u00e9cnico de la Organizaci\u00f3n de las [&hellip;]<\/p>\n","protected":false},"author":2,"featured_media":3301,"comment_status":"closed","ping_status":"closed","sticky":false,"template":"","format":"standard","meta":{"footnotes":""},"categories":[3],"tags":[],"class_list":["post-3300","post","type-post","status-publish","format-standard","has-post-thumbnail","hentry","category-principal"],"_links":{"self":[{"href":"https:\/\/www.maga.gob.gt\/sitios\/visar\/wp-json\/wp\/v2\/posts\/3300","targetHints":{"allow":["GET"]}}],"collection":[{"href":"https:\/\/www.maga.gob.gt\/sitios\/visar\/wp-json\/wp\/v2\/posts"}],"about":[{"href":"https:\/\/www.maga.gob.gt\/sitios\/visar\/wp-json\/wp\/v2\/types\/post"}],"author":[{"embeddable":true,"href":"https:\/\/www.maga.gob.gt\/sitios\/visar\/wp-json\/wp\/v2\/users\/2"}],"replies":[{"embeddable":true,"href":"https:\/\/www.maga.gob.gt\/sitios\/visar\/wp-json\/wp\/v2\/comments?post=3300"}],"version-history":[{"count":1,"href":"https:\/\/www.maga.gob.gt\/sitios\/visar\/wp-json\/wp\/v2\/posts\/3300\/revisions"}],"predecessor-version":[{"id":3302,"href":"https:\/\/www.maga.gob.gt\/sitios\/visar\/wp-json\/wp\/v2\/posts\/3300\/revisions\/3302"}],"wp:featuredmedia":[{"embeddable":true,"href":"https:\/\/www.maga.gob.gt\/sitios\/visar\/wp-json\/wp\/v2\/media\/3301"}],"wp:attachment":[{"href":"https:\/\/www.maga.gob.gt\/sitios\/visar\/wp-json\/wp\/v2\/media?parent=3300"}],"wp:term":[{"taxonomy":"category","embeddable":true,"href":"https:\/\/www.maga.gob.gt\/sitios\/visar\/wp-json\/wp\/v2\/categories?post=3300"},{"taxonomy":"post_tag","embeddable":true,"href":"https:\/\/www.maga.gob.gt\/sitios\/visar\/wp-json\/wp\/v2\/tags?post=3300"}],"curies":[{"name":"wp","href":"https:\/\/api.w.org\/{rel}","templated":true}]}}