{"id":3296,"date":"2025-12-02T19:10:52","date_gmt":"2025-12-02T18:10:52","guid":{"rendered":"https:\/\/www.maga.gob.gt\/sitios\/visar\/?p=3296"},"modified":"2025-12-02T19:10:52","modified_gmt":"2025-12-02T18:10:52","slug":"realizan-monitoreo-biologico-de-pesca-continental-en-rio-dulce","status":"publish","type":"post","link":"https:\/\/www.maga.gob.gt\/sitios\/visar\/2025\/12\/02\/realizan-monitoreo-biologico-de-pesca-continental-en-rio-dulce\/","title":{"rendered":"Realizan monitoreo biol\u00f3gico de pesca continental en R\u00edo Dulce"},"content":{"rendered":"<p style=\"text-align: justify;\">El martes 2 de diciembre de 2025 se realiz\u00f3 un monitoreo biol\u00f3gico de pesca continental en el cuerpo de agua del R\u00edo Dulce, en Izabal, el que permiti\u00f3 recolectar datos de mediciones de biometr\u00eda de las especies capturadas, peso en gramos, longitud total en cent\u00edmetros, sexo, estado de maduraci\u00f3n gonadal (clasificado como maduro o inmaduro) y el peso gonadal en gramos. Las especies evaluadas en esta ocasi\u00f3n fueron mojarras y palometa.<\/p>\n<p style=\"text-align: justify;\"><img loading=\"lazy\" decoding=\"async\" class=\"alignnone size-full wp-image-650464\" src=\"https:\/\/www.maga.gob.gt\/wp-content\/uploads\/2025\/12\/Realizan-monitoreo-biologico-de-pesca-continental-en-Rio-Dulce2.jpeg\" sizes=\"auto, (max-width: 864px) 100vw, 864px\" srcset=\"https:\/\/www.maga.gob.gt\/wp-content\/uploads\/2025\/12\/Realizan-monitoreo-biologico-de-pesca-continental-en-Rio-Dulce2.jpeg 864w, https:\/\/www.maga.gob.gt\/wp-content\/uploads\/2025\/12\/Realizan-monitoreo-biologico-de-pesca-continental-en-Rio-Dulce2-254x300.jpeg 254w, https:\/\/www.maga.gob.gt\/wp-content\/uploads\/2025\/12\/Realizan-monitoreo-biologico-de-pesca-continental-en-Rio-Dulce2-768x908.jpeg 768w, https:\/\/www.maga.gob.gt\/wp-content\/uploads\/2025\/12\/Realizan-monitoreo-biologico-de-pesca-continental-en-Rio-Dulce2-500x591.jpeg 500w\" alt=\"\" width=\"864\" height=\"1021\" \/><\/p>\n<p style=\"text-align: justify;\">El monitoreo biol\u00f3gico de ambas especies es de importancia ecol\u00f3gica y pesquera para la regi\u00f3n, cuyas mediciones podr\u00edan durar un a\u00f1o, para obtener los resultados finales.<\/p>\n<p style=\"text-align: justify;\">Este trabajo fue realizado por t\u00e9cnicos de la Direcci\u00f3n de Normatividad de la Pesca y Acuicultura (DIPESCA) por medio del Viceministerio de Sanidad Agropecuaria y Regulaciones (VISAR), del Ministerio de Agricultura, Ganader\u00eda y Alimentaci\u00f3n (MAGA).<\/p>\n<p style=\"text-align: justify;\"><img loading=\"lazy\" decoding=\"async\" class=\"alignnone size-full wp-image-650465\" src=\"https:\/\/www.maga.gob.gt\/wp-content\/uploads\/2025\/12\/Realizan-monitoreo-biologico-de-pesca-continental-en-Rio-Dulce3.jpeg\" sizes=\"auto, (max-width: 1152px) 100vw, 1152px\" srcset=\"https:\/\/www.maga.gob.gt\/wp-content\/uploads\/2025\/12\/Realizan-monitoreo-biologico-de-pesca-continental-en-Rio-Dulce3.jpeg 1152w, https:\/\/www.maga.gob.gt\/wp-content\/uploads\/2025\/12\/Realizan-monitoreo-biologico-de-pesca-continental-en-Rio-Dulce3-300x207.jpeg 300w, https:\/\/www.maga.gob.gt\/wp-content\/uploads\/2025\/12\/Realizan-monitoreo-biologico-de-pesca-continental-en-Rio-Dulce3-1024x705.jpeg 1024w, https:\/\/www.maga.gob.gt\/wp-content\/uploads\/2025\/12\/Realizan-monitoreo-biologico-de-pesca-continental-en-Rio-Dulce3-768x529.jpeg 768w, https:\/\/www.maga.gob.gt\/wp-content\/uploads\/2025\/12\/Realizan-monitoreo-biologico-de-pesca-continental-en-Rio-Dulce3-500x344.jpeg 500w\" alt=\"\" width=\"1152\" height=\"793\" \/><\/p>\n<p style=\"text-align: justify;\">Estas acciones permiten fortalecer el control, monitoreo y protecci\u00f3n de los recursos hidrobiol\u00f3gicos del pa\u00eds, contribuyendo al manejo sostenible de la pesca continental y al resguardo de la biodiversidad en los cuerpos de agua de Guatemala (EJ\/ea).<\/p>\n<p style=\"text-align: justify;\"><img loading=\"lazy\" decoding=\"async\" class=\"alignnone size-full wp-image-650466\" src=\"https:\/\/www.maga.gob.gt\/wp-content\/uploads\/2025\/12\/Realizan-monitoreo-biologico-de-pesca-continental-en-Rio-Dulce4.jpeg\" sizes=\"auto, (max-width: 1152px) 100vw, 1152px\" srcset=\"https:\/\/www.maga.gob.gt\/wp-content\/uploads\/2025\/12\/Realizan-monitoreo-biologico-de-pesca-continental-en-Rio-Dulce4.jpeg 1152w, https:\/\/www.maga.gob.gt\/wp-content\/uploads\/2025\/12\/Realizan-monitoreo-biologico-de-pesca-continental-en-Rio-Dulce4-300x186.jpeg 300w, https:\/\/www.maga.gob.gt\/wp-content\/uploads\/2025\/12\/Realizan-monitoreo-biologico-de-pesca-continental-en-Rio-Dulce4-1024x636.jpeg 1024w, https:\/\/www.maga.gob.gt\/wp-content\/uploads\/2025\/12\/Realizan-monitoreo-biologico-de-pesca-continental-en-Rio-Dulce4-768x477.jpeg 768w, https:\/\/www.maga.gob.gt\/wp-content\/uploads\/2025\/12\/Realizan-monitoreo-biologico-de-pesca-continental-en-Rio-Dulce4-500x311.jpeg 500w\" alt=\"\" width=\"1152\" height=\"716\" \/><\/p>\n","protected":false},"excerpt":{"rendered":"<p>El martes 2 de diciembre de 2025 se realiz\u00f3 un monitoreo biol\u00f3gico de pesca continental en el cuerpo de agua del R\u00edo Dulce, en Izabal, el que permiti\u00f3 recolectar datos de mediciones de biometr\u00eda de las especies capturadas, peso en gramos, longitud total en cent\u00edmetros, sexo, estado de maduraci\u00f3n gonadal (clasificado como maduro o inmaduro) [&hellip;]<\/p>\n","protected":false},"author":2,"featured_media":3297,"comment_status":"closed","ping_status":"closed","sticky":false,"template":"","format":"standard","meta":{"footnotes":""},"categories":[3],"tags":[],"class_list":["post-3296","post","type-post","status-publish","format-standard","has-post-thumbnail","hentry","category-principal"],"_links":{"self":[{"href":"https:\/\/www.maga.gob.gt\/sitios\/visar\/wp-json\/wp\/v2\/posts\/3296","targetHints":{"allow":["GET"]}}],"collection":[{"href":"https:\/\/www.maga.gob.gt\/sitios\/visar\/wp-json\/wp\/v2\/posts"}],"about":[{"href":"https:\/\/www.maga.gob.gt\/sitios\/visar\/wp-json\/wp\/v2\/types\/post"}],"author":[{"embeddable":true,"href":"https:\/\/www.maga.gob.gt\/sitios\/visar\/wp-json\/wp\/v2\/users\/2"}],"replies":[{"embeddable":true,"href":"https:\/\/www.maga.gob.gt\/sitios\/visar\/wp-json\/wp\/v2\/comments?post=3296"}],"version-history":[{"count":1,"href":"https:\/\/www.maga.gob.gt\/sitios\/visar\/wp-json\/wp\/v2\/posts\/3296\/revisions"}],"predecessor-version":[{"id":3298,"href":"https:\/\/www.maga.gob.gt\/sitios\/visar\/wp-json\/wp\/v2\/posts\/3296\/revisions\/3298"}],"wp:featuredmedia":[{"embeddable":true,"href":"https:\/\/www.maga.gob.gt\/sitios\/visar\/wp-json\/wp\/v2\/media\/3297"}],"wp:attachment":[{"href":"https:\/\/www.maga.gob.gt\/sitios\/visar\/wp-json\/wp\/v2\/media?parent=3296"}],"wp:term":[{"taxonomy":"category","embeddable":true,"href":"https:\/\/www.maga.gob.gt\/sitios\/visar\/wp-json\/wp\/v2\/categories?post=3296"},{"taxonomy":"post_tag","embeddable":true,"href":"https:\/\/www.maga.gob.gt\/sitios\/visar\/wp-json\/wp\/v2\/tags?post=3296"}],"curies":[{"name":"wp","href":"https:\/\/api.w.org\/{rel}","templated":true}]}}