{"id":3293,"date":"2025-12-01T22:32:14","date_gmt":"2025-12-01T21:32:14","guid":{"rendered":"https:\/\/www.maga.gob.gt\/sitios\/visar\/?p=3293"},"modified":"2025-12-01T22:32:14","modified_gmt":"2025-12-01T21:32:14","slug":"impulsan-acuerdos-para-la-sostenibilidad-pesquera-en-izabal","status":"publish","type":"post","link":"https:\/\/www.maga.gob.gt\/sitios\/visar\/2025\/12\/01\/impulsan-acuerdos-para-la-sostenibilidad-pesquera-en-izabal\/","title":{"rendered":"Impulsan acuerdos para la sostenibilidad pesquera en Izabal"},"content":{"rendered":"<p style=\"text-align: justify;\">Asegurar la sostenibilidad de los recursos hidrobiol\u00f3gicos (camar\u00f3n y pescado) en la Bah\u00eda de Amatique y el Caribe guatemalteco fue el resultado de la jornada t\u00e9cnica de gobernanza pesquera desarrollada en Izabal del 24 al 27 de noviembre de 2025, de parte del Ministerio de Agricultura, Ganader\u00eda y Alimentaci\u00f3n (MAGA).<\/p>\n<p style=\"text-align: justify;\">La actividad fue organizada por medio de la Direcci\u00f3n de Normatividad de la Pesca y Acuicultura (DIPESCA), del Viceministerio de Sanidad Agropecuaria y Regulaciones (VISAR). El principal resultado fue la presentaci\u00f3n de propuestas consensuadas entre las autoridades locales, el sector artesanal y camaronero de peque\u00f1a escala.<\/p>\n<p style=\"text-align: justify;\"><img loading=\"lazy\" decoding=\"async\" class=\"alignnone size-full wp-image-650395\" src=\"https:\/\/www.maga.gob.gt\/wp-content\/uploads\/2025\/12\/Impulsan-acuerdos-para-la-sostenibilidad-pesquera-en-Izabal2.jpeg\" sizes=\"auto, (max-width: 1280px) 100vw, 1280px\" srcset=\"https:\/\/www.maga.gob.gt\/wp-content\/uploads\/2025\/12\/Impulsan-acuerdos-para-la-sostenibilidad-pesquera-en-Izabal2.jpeg 1280w, https:\/\/www.maga.gob.gt\/wp-content\/uploads\/2025\/12\/Impulsan-acuerdos-para-la-sostenibilidad-pesquera-en-Izabal2-300x169.jpeg 300w, https:\/\/www.maga.gob.gt\/wp-content\/uploads\/2025\/12\/Impulsan-acuerdos-para-la-sostenibilidad-pesquera-en-Izabal2-1024x576.jpeg 1024w, https:\/\/www.maga.gob.gt\/wp-content\/uploads\/2025\/12\/Impulsan-acuerdos-para-la-sostenibilidad-pesquera-en-Izabal2-768x432.jpeg 768w, https:\/\/www.maga.gob.gt\/wp-content\/uploads\/2025\/12\/Impulsan-acuerdos-para-la-sostenibilidad-pesquera-en-Izabal2-500x281.jpeg 500w\" alt=\"\" width=\"1280\" height=\"720\" \/><\/p>\n<p style=\"text-align: justify;\">En dicha reuni\u00f3n, el MAGA reiter\u00f3 que las decisiones de ordenamiento pesquero se fundamentar\u00e1n exclusivamente en estudios cient\u00edficos, incluyendo la capacidad de carga del ecosistema y la evidencia biol\u00f3gica disponible.<\/p>\n<p style=\"text-align: justify;\">Durante la Mesa de Gobernanza del Sector Camaronero, se confirm\u00f3 que los niveles de captura son estables, pero que el esfuerzo pesquero ya alcanz\u00f3 su l\u00edmite sostenible, lo que refuerza la necesidad de acciones coordinadas.<\/p>\n<p style=\"text-align: justify;\"><img loading=\"lazy\" decoding=\"async\" class=\"alignnone size-full wp-image-650396\" src=\"https:\/\/www.maga.gob.gt\/wp-content\/uploads\/2025\/12\/Impulsan-acuerdos-para-la-sostenibilidad-pesquera-en-Izabal3.jpeg\" sizes=\"auto, (max-width: 1600px) 100vw, 1600px\" srcset=\"https:\/\/www.maga.gob.gt\/wp-content\/uploads\/2025\/12\/Impulsan-acuerdos-para-la-sostenibilidad-pesquera-en-Izabal3.jpeg 1600w, https:\/\/www.maga.gob.gt\/wp-content\/uploads\/2025\/12\/Impulsan-acuerdos-para-la-sostenibilidad-pesquera-en-Izabal3-300x225.jpeg 300w, https:\/\/www.maga.gob.gt\/wp-content\/uploads\/2025\/12\/Impulsan-acuerdos-para-la-sostenibilidad-pesquera-en-Izabal3-1024x768.jpeg 1024w, https:\/\/www.maga.gob.gt\/wp-content\/uploads\/2025\/12\/Impulsan-acuerdos-para-la-sostenibilidad-pesquera-en-Izabal3-768x576.jpeg 768w, https:\/\/www.maga.gob.gt\/wp-content\/uploads\/2025\/12\/Impulsan-acuerdos-para-la-sostenibilidad-pesquera-en-Izabal3-1536x1152.jpeg 1536w, https:\/\/www.maga.gob.gt\/wp-content\/uploads\/2025\/12\/Impulsan-acuerdos-para-la-sostenibilidad-pesquera-en-Izabal3-500x375.jpeg 500w\" alt=\"\" width=\"1600\" height=\"1200\" \/><\/p>\n<p style=\"text-align: justify;\">Por ello se present\u00f3 una propuesta de conciliaci\u00f3n por parte del sector camaronero, la cual incluye el establecimiento voluntario de una franja de no pesca, de 500 metros desde la costa para proteger zonas de crianza.<\/p>\n<p style=\"text-align: justify;\">La mesa de gobernanza del recurso Manj\u00faa, present\u00f3 hallazgos biol\u00f3gicos actualizados, como diversidad de especies y tallas de madurez, que servir\u00e1n de base para definir de manera consensuada las vedas 2026. Asimismo, se acord\u00f3 fortalecer la fiscalizaci\u00f3n y agilizar la carnetizaci\u00f3n de pescadores, facilitando la formalizaci\u00f3n del sector.<\/p>\n<p style=\"text-align: justify;\"><img loading=\"lazy\" decoding=\"async\" class=\"alignnone size-full wp-image-650397\" src=\"https:\/\/www.maga.gob.gt\/wp-content\/uploads\/2025\/12\/Impulsan-acuerdos-para-la-sostenibilidad-pesquera-en-Izabal4.jpeg\" sizes=\"auto, (max-width: 1280px) 100vw, 1280px\" srcset=\"https:\/\/www.maga.gob.gt\/wp-content\/uploads\/2025\/12\/Impulsan-acuerdos-para-la-sostenibilidad-pesquera-en-Izabal4.jpeg 1280w, https:\/\/www.maga.gob.gt\/wp-content\/uploads\/2025\/12\/Impulsan-acuerdos-para-la-sostenibilidad-pesquera-en-Izabal4-300x225.jpeg 300w, https:\/\/www.maga.gob.gt\/wp-content\/uploads\/2025\/12\/Impulsan-acuerdos-para-la-sostenibilidad-pesquera-en-Izabal4-1024x768.jpeg 1024w, https:\/\/www.maga.gob.gt\/wp-content\/uploads\/2025\/12\/Impulsan-acuerdos-para-la-sostenibilidad-pesquera-en-Izabal4-768x576.jpeg 768w, https:\/\/www.maga.gob.gt\/wp-content\/uploads\/2025\/12\/Impulsan-acuerdos-para-la-sostenibilidad-pesquera-en-Izabal4-500x375.jpeg 500w\" alt=\"\" width=\"1280\" height=\"960\" \/><\/p>\n<p style=\"text-align: justify;\">El MAGA reafirm\u00f3 que mantendr\u00e1 estos espacios de di\u00e1logo abiertos y participativos, con el prop\u00f3sito de garantizar la convivencia pac\u00edfica, el derecho al trabajo y la protecci\u00f3n de la biodiversidad marina en el Caribe guatemalteco, priorizando siempre un manejo responsable y sostenible de los recursos pesqueros (EJ\/ea).<\/p>\n<p style=\"text-align: justify;\"><img loading=\"lazy\" decoding=\"async\" class=\"alignnone size-full wp-image-650398\" src=\"https:\/\/www.maga.gob.gt\/wp-content\/uploads\/2025\/12\/Impulsan-acuerdos-para-la-sostenibilidad-pesquera-en-Izabal5.jpeg\" sizes=\"auto, (max-width: 1600px) 100vw, 1600px\" srcset=\"https:\/\/www.maga.gob.gt\/wp-content\/uploads\/2025\/12\/Impulsan-acuerdos-para-la-sostenibilidad-pesquera-en-Izabal5.jpeg 1600w, https:\/\/www.maga.gob.gt\/wp-content\/uploads\/2025\/12\/Impulsan-acuerdos-para-la-sostenibilidad-pesquera-en-Izabal5-300x225.jpeg 300w, https:\/\/www.maga.gob.gt\/wp-content\/uploads\/2025\/12\/Impulsan-acuerdos-para-la-sostenibilidad-pesquera-en-Izabal5-1024x768.jpeg 1024w, https:\/\/www.maga.gob.gt\/wp-content\/uploads\/2025\/12\/Impulsan-acuerdos-para-la-sostenibilidad-pesquera-en-Izabal5-768x576.jpeg 768w, https:\/\/www.maga.gob.gt\/wp-content\/uploads\/2025\/12\/Impulsan-acuerdos-para-la-sostenibilidad-pesquera-en-Izabal5-1536x1152.jpeg 1536w, https:\/\/www.maga.gob.gt\/wp-content\/uploads\/2025\/12\/Impulsan-acuerdos-para-la-sostenibilidad-pesquera-en-Izabal5-500x375.jpeg 500w\" alt=\"\" width=\"1600\" height=\"1200\" \/><\/p>\n","protected":false},"excerpt":{"rendered":"<p>Asegurar la sostenibilidad de los recursos hidrobiol\u00f3gicos (camar\u00f3n y pescado) en la Bah\u00eda de Amatique y el Caribe guatemalteco fue el resultado de la jornada t\u00e9cnica de gobernanza pesquera desarrollada en Izabal del 24 al 27 de noviembre de 2025, de parte del Ministerio de Agricultura, Ganader\u00eda y Alimentaci\u00f3n (MAGA). La actividad fue organizada por [&hellip;]<\/p>\n","protected":false},"author":2,"featured_media":3294,"comment_status":"closed","ping_status":"closed","sticky":false,"template":"","format":"standard","meta":{"footnotes":""},"categories":[3],"tags":[],"class_list":["post-3293","post","type-post","status-publish","format-standard","has-post-thumbnail","hentry","category-principal"],"_links":{"self":[{"href":"https:\/\/www.maga.gob.gt\/sitios\/visar\/wp-json\/wp\/v2\/posts\/3293","targetHints":{"allow":["GET"]}}],"collection":[{"href":"https:\/\/www.maga.gob.gt\/sitios\/visar\/wp-json\/wp\/v2\/posts"}],"about":[{"href":"https:\/\/www.maga.gob.gt\/sitios\/visar\/wp-json\/wp\/v2\/types\/post"}],"author":[{"embeddable":true,"href":"https:\/\/www.maga.gob.gt\/sitios\/visar\/wp-json\/wp\/v2\/users\/2"}],"replies":[{"embeddable":true,"href":"https:\/\/www.maga.gob.gt\/sitios\/visar\/wp-json\/wp\/v2\/comments?post=3293"}],"version-history":[{"count":1,"href":"https:\/\/www.maga.gob.gt\/sitios\/visar\/wp-json\/wp\/v2\/posts\/3293\/revisions"}],"predecessor-version":[{"id":3295,"href":"https:\/\/www.maga.gob.gt\/sitios\/visar\/wp-json\/wp\/v2\/posts\/3293\/revisions\/3295"}],"wp:featuredmedia":[{"embeddable":true,"href":"https:\/\/www.maga.gob.gt\/sitios\/visar\/wp-json\/wp\/v2\/media\/3294"}],"wp:attachment":[{"href":"https:\/\/www.maga.gob.gt\/sitios\/visar\/wp-json\/wp\/v2\/media?parent=3293"}],"wp:term":[{"taxonomy":"category","embeddable":true,"href":"https:\/\/www.maga.gob.gt\/sitios\/visar\/wp-json\/wp\/v2\/categories?post=3293"},{"taxonomy":"post_tag","embeddable":true,"href":"https:\/\/www.maga.gob.gt\/sitios\/visar\/wp-json\/wp\/v2\/tags?post=3293"}],"curies":[{"name":"wp","href":"https:\/\/api.w.org\/{rel}","templated":true}]}}