{"id":3290,"date":"2025-11-28T22:41:53","date_gmt":"2025-11-28T21:41:53","guid":{"rendered":"https:\/\/www.maga.gob.gt\/sitios\/visar\/?p=3290"},"modified":"2025-11-28T22:41:53","modified_gmt":"2025-11-28T21:41:53","slug":"realizan-jornada-profilactica-y-preventiva-contra-el-gusano-barrenador-en-solola","status":"publish","type":"post","link":"https:\/\/www.maga.gob.gt\/sitios\/visar\/2025\/11\/28\/realizan-jornada-profilactica-y-preventiva-contra-el-gusano-barrenador-en-solola\/","title":{"rendered":"Realizan jornada profil\u00e1ctica y preventiva contra el Gusano Barrenador en Solol\u00e1"},"content":{"rendered":"<p style=\"text-align: justify;\">Una jornada profil\u00e1ctica y preventiva contra el Gusano Barrenador, con el objetivo de mejorar la salud del hato pecuario, realiz\u00f3 el Ministerio de Agricultura, Ganader\u00eda y Alimentaci\u00f3n (MAGA), en las comunidades de Parracan\u00e1 y Chiaj, en Santa Luc\u00eda Utatl\u00e1n, Solol\u00e1.<\/p>\n<p style=\"text-align: justify;\">En ella t\u00e9cnicos de Vigilancia Epidemiol\u00f3gica Zoosanitaria y Extensi\u00f3n Rural, atendieron a productores locales.<\/p>\n<p style=\"text-align: justify;\"><img loading=\"lazy\" decoding=\"async\" class=\"alignnone size-full wp-image-650381\" src=\"https:\/\/www.maga.gob.gt\/wp-content\/uploads\/2025\/11\/Realizan-jornada-profilactica-y-preventiva-contra-el-Gusano-Barrenador-en-Solola2.jpeg\" sizes=\"auto, (max-width: 914px) 100vw, 914px\" srcset=\"https:\/\/www.maga.gob.gt\/wp-content\/uploads\/2025\/11\/Realizan-jornada-profilactica-y-preventiva-contra-el-Gusano-Barrenador-en-Solola2.jpeg 914w, https:\/\/www.maga.gob.gt\/wp-content\/uploads\/2025\/11\/Realizan-jornada-profilactica-y-preventiva-contra-el-Gusano-Barrenador-en-Solola2-300x225.jpeg 300w, https:\/\/www.maga.gob.gt\/wp-content\/uploads\/2025\/11\/Realizan-jornada-profilactica-y-preventiva-contra-el-Gusano-Barrenador-en-Solola2-768x577.jpeg 768w, https:\/\/www.maga.gob.gt\/wp-content\/uploads\/2025\/11\/Realizan-jornada-profilactica-y-preventiva-contra-el-Gusano-Barrenador-en-Solola2-500x376.jpeg 500w\" alt=\"\" width=\"914\" height=\"687\" \/><\/p>\n<p style=\"text-align: justify;\">Durante las actividades se administraron vitaminas y desparasitantes a ganado bovino, equino y ovino, a los cuales despu\u00e9s de revisarlos se curaron heridas para evitar infecciones. Tambi\u00e9n se impartieron charlas para fortalecer el conocimiento comunitario acerca de la importancia de atender lesiones a tiempo, antes de que se forme la larva de la mosca del Gusano Barrenador.<\/p>\n<p style=\"text-align: justify;\">Estas acciones buscan mejorar las condiciones sanitarias y productivas de los animales de trabajo y de producci\u00f3n, promoviendo pr\u00e1cticas de manejo adecuadas en el campo.<\/p>\n<p style=\"text-align: justify;\"><img loading=\"lazy\" decoding=\"async\" class=\"alignnone size-full wp-image-650383\" src=\"https:\/\/www.maga.gob.gt\/wp-content\/uploads\/2025\/11\/Realizan-jornada-profilactica-y-preventiva-contra-el-Gusano-Barrenador-en-Solola4.jpeg\" sizes=\"auto, (max-width: 770px) 100vw, 770px\" srcset=\"https:\/\/www.maga.gob.gt\/wp-content\/uploads\/2025\/11\/Realizan-jornada-profilactica-y-preventiva-contra-el-Gusano-Barrenador-en-Solola4.jpeg 770w, https:\/\/www.maga.gob.gt\/wp-content\/uploads\/2025\/11\/Realizan-jornada-profilactica-y-preventiva-contra-el-Gusano-Barrenador-en-Solola4-300x279.jpeg 300w, https:\/\/www.maga.gob.gt\/wp-content\/uploads\/2025\/11\/Realizan-jornada-profilactica-y-preventiva-contra-el-Gusano-Barrenador-en-Solola4-768x714.jpeg 768w, https:\/\/www.maga.gob.gt\/wp-content\/uploads\/2025\/11\/Realizan-jornada-profilactica-y-preventiva-contra-el-Gusano-Barrenador-en-Solola4-500x465.jpeg 500w\" alt=\"\" width=\"770\" height=\"716\" \/><\/p>\n<p style=\"text-align: justify;\">Al final se atendieron 30 bovinos, 10 equinos y 5 ovejas, beneficiando directamente a 10 peque\u00f1os productores, quienes adem\u00e1s recibieron medicamentos y acompa\u00f1amiento t\u00e9cnico para continuar con la prevenci\u00f3n en sus unidades productivas.<\/p>\n<p style=\"text-align: justify;\">Con estas intervenciones, el MAGA reafirma su compromiso de trabajar articuladamente con las comunidades rurales para fortalecer la sanidad animal y proteger los medios de vida de las familias dedicadas a la producci\u00f3n pecuaria (EJ\/ea).<\/p>\n<p style=\"text-align: justify;\"><img loading=\"lazy\" decoding=\"async\" class=\"alignnone size-full wp-image-650382\" src=\"https:\/\/www.maga.gob.gt\/wp-content\/uploads\/2025\/11\/Realizan-jornada-profilactica-y-preventiva-contra-el-Gusano-Barrenador-en-Solola3.jpeg\" sizes=\"auto, (max-width: 880px) 100vw, 880px\" srcset=\"https:\/\/www.maga.gob.gt\/wp-content\/uploads\/2025\/11\/Realizan-jornada-profilactica-y-preventiva-contra-el-Gusano-Barrenador-en-Solola3.jpeg 880w, https:\/\/www.maga.gob.gt\/wp-content\/uploads\/2025\/11\/Realizan-jornada-profilactica-y-preventiva-contra-el-Gusano-Barrenador-en-Solola3-300x226.jpeg 300w, https:\/\/www.maga.gob.gt\/wp-content\/uploads\/2025\/11\/Realizan-jornada-profilactica-y-preventiva-contra-el-Gusano-Barrenador-en-Solola3-768x578.jpeg 768w, https:\/\/www.maga.gob.gt\/wp-content\/uploads\/2025\/11\/Realizan-jornada-profilactica-y-preventiva-contra-el-Gusano-Barrenador-en-Solola3-500x376.jpeg 500w\" alt=\"\" width=\"880\" height=\"662\" \/><\/p>\n","protected":false},"excerpt":{"rendered":"<p>Una jornada profil\u00e1ctica y preventiva contra el Gusano Barrenador, con el objetivo de mejorar la salud del hato pecuario, realiz\u00f3 el Ministerio de Agricultura, Ganader\u00eda y Alimentaci\u00f3n (MAGA), en las comunidades de Parracan\u00e1 y Chiaj, en Santa Luc\u00eda Utatl\u00e1n, Solol\u00e1. En ella t\u00e9cnicos de Vigilancia Epidemiol\u00f3gica Zoosanitaria y Extensi\u00f3n Rural, atendieron a productores locales. Durante [&hellip;]<\/p>\n","protected":false},"author":2,"featured_media":3291,"comment_status":"closed","ping_status":"closed","sticky":false,"template":"","format":"standard","meta":{"footnotes":""},"categories":[3],"tags":[],"class_list":["post-3290","post","type-post","status-publish","format-standard","has-post-thumbnail","hentry","category-principal"],"_links":{"self":[{"href":"https:\/\/www.maga.gob.gt\/sitios\/visar\/wp-json\/wp\/v2\/posts\/3290","targetHints":{"allow":["GET"]}}],"collection":[{"href":"https:\/\/www.maga.gob.gt\/sitios\/visar\/wp-json\/wp\/v2\/posts"}],"about":[{"href":"https:\/\/www.maga.gob.gt\/sitios\/visar\/wp-json\/wp\/v2\/types\/post"}],"author":[{"embeddable":true,"href":"https:\/\/www.maga.gob.gt\/sitios\/visar\/wp-json\/wp\/v2\/users\/2"}],"replies":[{"embeddable":true,"href":"https:\/\/www.maga.gob.gt\/sitios\/visar\/wp-json\/wp\/v2\/comments?post=3290"}],"version-history":[{"count":1,"href":"https:\/\/www.maga.gob.gt\/sitios\/visar\/wp-json\/wp\/v2\/posts\/3290\/revisions"}],"predecessor-version":[{"id":3292,"href":"https:\/\/www.maga.gob.gt\/sitios\/visar\/wp-json\/wp\/v2\/posts\/3290\/revisions\/3292"}],"wp:featuredmedia":[{"embeddable":true,"href":"https:\/\/www.maga.gob.gt\/sitios\/visar\/wp-json\/wp\/v2\/media\/3291"}],"wp:attachment":[{"href":"https:\/\/www.maga.gob.gt\/sitios\/visar\/wp-json\/wp\/v2\/media?parent=3290"}],"wp:term":[{"taxonomy":"category","embeddable":true,"href":"https:\/\/www.maga.gob.gt\/sitios\/visar\/wp-json\/wp\/v2\/categories?post=3290"},{"taxonomy":"post_tag","embeddable":true,"href":"https:\/\/www.maga.gob.gt\/sitios\/visar\/wp-json\/wp\/v2\/tags?post=3290"}],"curies":[{"name":"wp","href":"https:\/\/api.w.org\/{rel}","templated":true}]}}