{"id":3284,"date":"2025-11-27T22:21:39","date_gmt":"2025-11-27T21:21:39","guid":{"rendered":"https:\/\/www.maga.gob.gt\/sitios\/visar\/?p=3284"},"modified":"2025-11-27T22:21:39","modified_gmt":"2025-11-27T21:21:39","slug":"realizan-segundo-taller-de-formadores-para-capacitarlos-en-prevencion-del-gusano-barrenador","status":"publish","type":"post","link":"https:\/\/www.maga.gob.gt\/sitios\/visar\/2025\/11\/27\/realizan-segundo-taller-de-formadores-para-capacitarlos-en-prevencion-del-gusano-barrenador\/","title":{"rendered":"Realizan segundo taller de formadores para capacitarlos en prevenci\u00f3n del Gusano Barrenador"},"content":{"rendered":"<p style=\"text-align: justify;\">El segundo Taller Nacional de Formaci\u00f3n de Formadores, para fortalecer las capacidades t\u00e9cnicas en prevenci\u00f3n y control del Gusano Barrenador (GB), se desarroll\u00f3 el 26 de noviembre, en Teculut\u00e1n, Zacapa, con la participaci\u00f3n de instructores de diversas instituciones.<\/p>\n<p style=\"text-align: justify;\">El objetivo de la jornada es que los participantes de la jornada te\u00f3rico-pr\u00e1ctica, puedan replicar los conocimientos adquiridos en sus comunidades y espacios de trabajo. El taller incluy\u00f3 exposiciones t\u00e9cnicas, actividades din\u00e1micas, ejercicios colaborativos, simulaciones y espacios de capacitaci\u00f3n.<\/p>\n<p style=\"text-align: justify;\"><img loading=\"lazy\" decoding=\"async\" class=\"alignnone size-full wp-image-650320\" src=\"https:\/\/www.maga.gob.gt\/wp-content\/uploads\/2025\/11\/Realizan-segundo-taller-de-formadores-para-capacitarlos-en-prevencion-del-Gusano-Barrenador2.jpeg\" sizes=\"auto, (max-width: 1280px) 100vw, 1280px\" srcset=\"https:\/\/www.maga.gob.gt\/wp-content\/uploads\/2025\/11\/Realizan-segundo-taller-de-formadores-para-capacitarlos-en-prevencion-del-Gusano-Barrenador2.jpeg 1280w, https:\/\/www.maga.gob.gt\/wp-content\/uploads\/2025\/11\/Realizan-segundo-taller-de-formadores-para-capacitarlos-en-prevencion-del-Gusano-Barrenador2-300x139.jpeg 300w, https:\/\/www.maga.gob.gt\/wp-content\/uploads\/2025\/11\/Realizan-segundo-taller-de-formadores-para-capacitarlos-en-prevencion-del-Gusano-Barrenador2-1024x473.jpeg 1024w, https:\/\/www.maga.gob.gt\/wp-content\/uploads\/2025\/11\/Realizan-segundo-taller-de-formadores-para-capacitarlos-en-prevencion-del-Gusano-Barrenador2-768x355.jpeg 768w, https:\/\/www.maga.gob.gt\/wp-content\/uploads\/2025\/11\/Realizan-segundo-taller-de-formadores-para-capacitarlos-en-prevencion-del-Gusano-Barrenador2-500x231.jpeg 500w\" alt=\"\" width=\"1280\" height=\"591\" \/><\/p>\n<p style=\"text-align: justify;\">Todo el proceso est\u00e1 dise\u00f1ado para que los participantes fortalezcan sus habilidades pedag\u00f3gicas y su comprensi\u00f3n acerca de la biolog\u00eda, impacto, prevenci\u00f3n y control del GB. La actividad tambi\u00e9n permiti\u00f3 el intercambio de experiencias por medio de un d\u00eda de campo, impulsando el aprendizaje pr\u00e1ctico y la construcci\u00f3n colectiva de soluciones.<\/p>\n<p style=\"text-align: justify;\">La actividad cont\u00f3 con el apoyo del Departamento de Agricultura de los Estados Unidos (USDA\/APHIS) y el Instituto Interamericano de Cooperaci\u00f3n para la Agricultura (IICA).<\/p>\n<p style=\"text-align: justify;\"><img loading=\"lazy\" decoding=\"async\" class=\"alignnone size-full wp-image-650321\" src=\"https:\/\/www.maga.gob.gt\/wp-content\/uploads\/2025\/11\/Realizan-segundo-taller-de-formadores-para-capacitarlos-en-prevencion-del-Gusano-Barrenador3.jpeg\" sizes=\"auto, (max-width: 1280px) 100vw, 1280px\" srcset=\"https:\/\/www.maga.gob.gt\/wp-content\/uploads\/2025\/11\/Realizan-segundo-taller-de-formadores-para-capacitarlos-en-prevencion-del-Gusano-Barrenador3.jpeg 1280w, https:\/\/www.maga.gob.gt\/wp-content\/uploads\/2025\/11\/Realizan-segundo-taller-de-formadores-para-capacitarlos-en-prevencion-del-Gusano-Barrenador3-300x139.jpeg 300w, https:\/\/www.maga.gob.gt\/wp-content\/uploads\/2025\/11\/Realizan-segundo-taller-de-formadores-para-capacitarlos-en-prevencion-del-Gusano-Barrenador3-1024x473.jpeg 1024w, https:\/\/www.maga.gob.gt\/wp-content\/uploads\/2025\/11\/Realizan-segundo-taller-de-formadores-para-capacitarlos-en-prevencion-del-Gusano-Barrenador3-768x355.jpeg 768w, https:\/\/www.maga.gob.gt\/wp-content\/uploads\/2025\/11\/Realizan-segundo-taller-de-formadores-para-capacitarlos-en-prevencion-del-Gusano-Barrenador3-500x231.jpeg 500w\" alt=\"\" width=\"1280\" height=\"591\" \/><\/p>\n<p style=\"text-align: justify;\">Uno de los resultados fue consolidar una red nacional de capacitadores con capacidad de divulgar informaci\u00f3n clave, promover buenas pr\u00e1cticas y acompa\u00f1ar procesos comunitarios en la lucha contra esta plaga que afecta al patrimonio pecuario del pa\u00eds.<\/p>\n<p style=\"text-align: justify;\">Acudieron t\u00e9cnicos de los ministerios de Salud P\u00fablica y Asistencia Social, Medio Ambiente y Recursos Naturales, Educaci\u00f3n, del sector privado y otras organizaciones vinculadas al tema.<\/p>\n<p style=\"text-align: justify;\">El Ministerio de Agricultura, Ganader\u00eda y Alimentaci\u00f3n (MAGA), por medio del Viceministerio de Sanidad Agropecuaria y Regulaciones, (VISAR), reafirma su compromiso con la protecci\u00f3n del patrimonio pecuario nacional, fortaleciendo la formaci\u00f3n t\u00e9cnica, la coordinaci\u00f3n institucional y la prevenci\u00f3n sanitaria como pilares para el desarrollo sostenible del sector agropecuario guatemalteco (EJ\/ea).<\/p>\n<p style=\"text-align: justify;\"><img loading=\"lazy\" decoding=\"async\" class=\"alignnone size-full wp-image-650322\" src=\"https:\/\/www.maga.gob.gt\/wp-content\/uploads\/2025\/11\/Realizan-segundo-taller-de-formadores-para-capacitarlos-en-prevencion-del-Gusano-Barrenador4.jpeg\" sizes=\"auto, (max-width: 1280px) 100vw, 1280px\" srcset=\"https:\/\/www.maga.gob.gt\/wp-content\/uploads\/2025\/11\/Realizan-segundo-taller-de-formadores-para-capacitarlos-en-prevencion-del-Gusano-Barrenador4.jpeg 1280w, https:\/\/www.maga.gob.gt\/wp-content\/uploads\/2025\/11\/Realizan-segundo-taller-de-formadores-para-capacitarlos-en-prevencion-del-Gusano-Barrenador4-300x139.jpeg 300w, https:\/\/www.maga.gob.gt\/wp-content\/uploads\/2025\/11\/Realizan-segundo-taller-de-formadores-para-capacitarlos-en-prevencion-del-Gusano-Barrenador4-1024x473.jpeg 1024w, https:\/\/www.maga.gob.gt\/wp-content\/uploads\/2025\/11\/Realizan-segundo-taller-de-formadores-para-capacitarlos-en-prevencion-del-Gusano-Barrenador4-768x355.jpeg 768w, https:\/\/www.maga.gob.gt\/wp-content\/uploads\/2025\/11\/Realizan-segundo-taller-de-formadores-para-capacitarlos-en-prevencion-del-Gusano-Barrenador4-500x231.jpeg 500w\" alt=\"\" width=\"1280\" height=\"591\" \/><\/p>\n","protected":false},"excerpt":{"rendered":"<p>El segundo Taller Nacional de Formaci\u00f3n de Formadores, para fortalecer las capacidades t\u00e9cnicas en prevenci\u00f3n y control del Gusano Barrenador (GB), se desarroll\u00f3 el 26 de noviembre, en Teculut\u00e1n, Zacapa, con la participaci\u00f3n de instructores de diversas instituciones. El objetivo de la jornada es que los participantes de la jornada te\u00f3rico-pr\u00e1ctica, puedan replicar los conocimientos [&hellip;]<\/p>\n","protected":false},"author":2,"featured_media":3285,"comment_status":"closed","ping_status":"closed","sticky":false,"template":"","format":"standard","meta":{"footnotes":""},"categories":[3],"tags":[],"class_list":["post-3284","post","type-post","status-publish","format-standard","has-post-thumbnail","hentry","category-principal"],"_links":{"self":[{"href":"https:\/\/www.maga.gob.gt\/sitios\/visar\/wp-json\/wp\/v2\/posts\/3284","targetHints":{"allow":["GET"]}}],"collection":[{"href":"https:\/\/www.maga.gob.gt\/sitios\/visar\/wp-json\/wp\/v2\/posts"}],"about":[{"href":"https:\/\/www.maga.gob.gt\/sitios\/visar\/wp-json\/wp\/v2\/types\/post"}],"author":[{"embeddable":true,"href":"https:\/\/www.maga.gob.gt\/sitios\/visar\/wp-json\/wp\/v2\/users\/2"}],"replies":[{"embeddable":true,"href":"https:\/\/www.maga.gob.gt\/sitios\/visar\/wp-json\/wp\/v2\/comments?post=3284"}],"version-history":[{"count":1,"href":"https:\/\/www.maga.gob.gt\/sitios\/visar\/wp-json\/wp\/v2\/posts\/3284\/revisions"}],"predecessor-version":[{"id":3286,"href":"https:\/\/www.maga.gob.gt\/sitios\/visar\/wp-json\/wp\/v2\/posts\/3284\/revisions\/3286"}],"wp:featuredmedia":[{"embeddable":true,"href":"https:\/\/www.maga.gob.gt\/sitios\/visar\/wp-json\/wp\/v2\/media\/3285"}],"wp:attachment":[{"href":"https:\/\/www.maga.gob.gt\/sitios\/visar\/wp-json\/wp\/v2\/media?parent=3284"}],"wp:term":[{"taxonomy":"category","embeddable":true,"href":"https:\/\/www.maga.gob.gt\/sitios\/visar\/wp-json\/wp\/v2\/categories?post=3284"},{"taxonomy":"post_tag","embeddable":true,"href":"https:\/\/www.maga.gob.gt\/sitios\/visar\/wp-json\/wp\/v2\/tags?post=3284"}],"curies":[{"name":"wp","href":"https:\/\/api.w.org\/{rel}","templated":true}]}}