{"id":3281,"date":"2025-11-27T17:50:56","date_gmt":"2025-11-27T16:50:56","guid":{"rendered":"https:\/\/www.maga.gob.gt\/sitios\/visar\/?p=3281"},"modified":"2025-11-27T17:50:56","modified_gmt":"2025-11-27T16:50:56","slug":"se-impulsa-estrategia-conjunta-para-fortalecer-la-sanidad-vegetal","status":"publish","type":"post","link":"https:\/\/www.maga.gob.gt\/sitios\/visar\/2025\/11\/27\/se-impulsa-estrategia-conjunta-para-fortalecer-la-sanidad-vegetal\/","title":{"rendered":"Se impulsa estrategia conjunta para fortalecer la sanidad vegetal"},"content":{"rendered":"<p style=\"text-align: justify;\">Actores p\u00fablicos y privados se reunieron en la Ciudad de Guatemala para avanzar en la aplicaci\u00f3n de la herramienta Desempe\u00f1o, Visi\u00f3n y Estrategia (DVE) para Organizaciones Nacionales de Protecci\u00f3n Fitosanitaria, un proceso que orientar\u00e1 el fortalecimiento de la Direcci\u00f3n de Sanidad Vegetal (DSV) del Ministerio de Agricultura, Ganader\u00eda y Alimentaci\u00f3n (MAGA).<\/p>\n<p style=\"text-align: justify;\"><img loading=\"lazy\" decoding=\"async\" class=\"alignnone size-full wp-image-650258\" src=\"https:\/\/www.maga.gob.gt\/wp-content\/uploads\/2025\/11\/Se-impulsa-estrategia-conjunta-para-fortalecer-la-sanidad-vegetal2.jpeg\" sizes=\"auto, (max-width: 1152px) 100vw, 1152px\" srcset=\"https:\/\/www.maga.gob.gt\/wp-content\/uploads\/2025\/11\/Se-impulsa-estrategia-conjunta-para-fortalecer-la-sanidad-vegetal2.jpeg 1152w, https:\/\/www.maga.gob.gt\/wp-content\/uploads\/2025\/11\/Se-impulsa-estrategia-conjunta-para-fortalecer-la-sanidad-vegetal2-300x167.jpeg 300w, https:\/\/www.maga.gob.gt\/wp-content\/uploads\/2025\/11\/Se-impulsa-estrategia-conjunta-para-fortalecer-la-sanidad-vegetal2-1024x571.jpeg 1024w, https:\/\/www.maga.gob.gt\/wp-content\/uploads\/2025\/11\/Se-impulsa-estrategia-conjunta-para-fortalecer-la-sanidad-vegetal2-768x428.jpeg 768w, https:\/\/www.maga.gob.gt\/wp-content\/uploads\/2025\/11\/Se-impulsa-estrategia-conjunta-para-fortalecer-la-sanidad-vegetal2-500x279.jpeg 500w\" alt=\"\" width=\"1152\" height=\"642\" \/><\/p>\n<p style=\"text-align: justify;\">Esta sesi\u00f3n presencial marca una nueva fase dicha herramienta DVE, que ser\u00e1 acompa\u00f1ada t\u00e9cnicamente por el Instituto Interamericano de Cooperaci\u00f3n para la Agricultura (IICA). Previamente, se aplicaron encuestas an\u00f3nimas a personal de sanidad vegetal y a representantes de los sectores p\u00fablico y privado, cuyos resultados permitieron identificar el desempe\u00f1o actual, los principales retos y los elementos necesarios para construir una visi\u00f3n consensuada del servicio fitosanitario.<\/p>\n<p style=\"text-align: justify;\"><img loading=\"lazy\" decoding=\"async\" class=\"alignnone size-full wp-image-650259\" src=\"https:\/\/www.maga.gob.gt\/wp-content\/uploads\/2025\/11\/Se-impulsa-estrategia-conjunta-para-fortalecer-la-sanidad-vegetal3.jpeg\" sizes=\"auto, (max-width: 1152px) 100vw, 1152px\" srcset=\"https:\/\/www.maga.gob.gt\/wp-content\/uploads\/2025\/11\/Se-impulsa-estrategia-conjunta-para-fortalecer-la-sanidad-vegetal3.jpeg 1152w, https:\/\/www.maga.gob.gt\/wp-content\/uploads\/2025\/11\/Se-impulsa-estrategia-conjunta-para-fortalecer-la-sanidad-vegetal3-300x195.jpeg 300w, https:\/\/www.maga.gob.gt\/wp-content\/uploads\/2025\/11\/Se-impulsa-estrategia-conjunta-para-fortalecer-la-sanidad-vegetal3-1024x666.jpeg 1024w, https:\/\/www.maga.gob.gt\/wp-content\/uploads\/2025\/11\/Se-impulsa-estrategia-conjunta-para-fortalecer-la-sanidad-vegetal3-768x499.jpeg 768w, https:\/\/www.maga.gob.gt\/wp-content\/uploads\/2025\/11\/Se-impulsa-estrategia-conjunta-para-fortalecer-la-sanidad-vegetal3-500x325.jpeg 500w\" alt=\"\" width=\"1152\" height=\"749\" \/><\/p>\n<p style=\"text-align: justify;\">Durante la sesi\u00f3n de visi\u00f3n com\u00fan, los participantes analizaron el rol estrat\u00e9gico de sanidad vegetal, las capacidades que debe fortalecer y las limitantes institucionales existentes. A partir de este intercambio, se avanz\u00f3 en la definici\u00f3n de l\u00edneas de acci\u00f3n orientadas a mejorar, tanto la gesti\u00f3n t\u00e9cnica como la regulaci\u00f3n fitosanitaria.<\/p>\n<p style=\"text-align: justify;\"><img loading=\"lazy\" decoding=\"async\" class=\"alignnone size-full wp-image-650260\" src=\"https:\/\/www.maga.gob.gt\/wp-content\/uploads\/2025\/11\/Se-impulsa-estrategia-conjunta-para-fortalecer-la-sanidad-vegetal4.jpeg\" sizes=\"auto, (max-width: 1152px) 100vw, 1152px\" srcset=\"https:\/\/www.maga.gob.gt\/wp-content\/uploads\/2025\/11\/Se-impulsa-estrategia-conjunta-para-fortalecer-la-sanidad-vegetal4.jpeg 1152w, https:\/\/www.maga.gob.gt\/wp-content\/uploads\/2025\/11\/Se-impulsa-estrategia-conjunta-para-fortalecer-la-sanidad-vegetal4-300x188.jpeg 300w, https:\/\/www.maga.gob.gt\/wp-content\/uploads\/2025\/11\/Se-impulsa-estrategia-conjunta-para-fortalecer-la-sanidad-vegetal4-1024x643.jpeg 1024w, https:\/\/www.maga.gob.gt\/wp-content\/uploads\/2025\/11\/Se-impulsa-estrategia-conjunta-para-fortalecer-la-sanidad-vegetal4-768x482.jpeg 768w, https:\/\/www.maga.gob.gt\/wp-content\/uploads\/2025\/11\/Se-impulsa-estrategia-conjunta-para-fortalecer-la-sanidad-vegetal4-500x314.jpeg 500w\" alt=\"\" width=\"1152\" height=\"723\" \/><\/p>\n<p style=\"text-align: justify;\">La metodolog\u00eda combin\u00f3 la presentaci\u00f3n de hallazgos del an\u00e1lisis de desempe\u00f1o con din\u00e1micas de trabajo en grupo. Las mesas analizaron cuatro \u00e1reas clave del DVE: capacidad t\u00e9cnica, desarrollo institucional, interacci\u00f3n regulatoria y facilitaci\u00f3n del comercio. Ello, con el fin de priorizar mejoras y orientar la elaboraci\u00f3n del futuro plan estrat\u00e9gico de sanidad vegetal.<\/p>\n<p style=\"text-align: justify;\"><img loading=\"lazy\" decoding=\"async\" class=\"alignnone size-full wp-image-650261\" src=\"https:\/\/www.maga.gob.gt\/wp-content\/uploads\/2025\/11\/Se-impulsa-estrategia-conjunta-para-fortalecer-la-sanidad-vegetal5.jpeg\" sizes=\"auto, (max-width: 1152px) 100vw, 1152px\" srcset=\"https:\/\/www.maga.gob.gt\/wp-content\/uploads\/2025\/11\/Se-impulsa-estrategia-conjunta-para-fortalecer-la-sanidad-vegetal5.jpeg 1152w, https:\/\/www.maga.gob.gt\/wp-content\/uploads\/2025\/11\/Se-impulsa-estrategia-conjunta-para-fortalecer-la-sanidad-vegetal5-300x159.jpeg 300w, https:\/\/www.maga.gob.gt\/wp-content\/uploads\/2025\/11\/Se-impulsa-estrategia-conjunta-para-fortalecer-la-sanidad-vegetal5-1024x541.jpeg 1024w, https:\/\/www.maga.gob.gt\/wp-content\/uploads\/2025\/11\/Se-impulsa-estrategia-conjunta-para-fortalecer-la-sanidad-vegetal5-768x406.jpeg 768w, https:\/\/www.maga.gob.gt\/wp-content\/uploads\/2025\/11\/Se-impulsa-estrategia-conjunta-para-fortalecer-la-sanidad-vegetal5-500x264.jpeg 500w\" alt=\"\" width=\"1152\" height=\"609\" \/><\/p>\n<p style=\"text-align: justify;\">La jornada concluy\u00f3 con una plenaria de validaci\u00f3n y un espacio de reflexi\u00f3n relativo a los compromisos asumidos, estableciendo las bases para un mapa de visi\u00f3n com\u00fan que guiar\u00e1 la planificaci\u00f3n estrat\u00e9gica de sanidad vegetal.<\/p>\n<p style=\"text-align: justify;\">En la actividad participaron representantes de la DSV, instituciones p\u00fablicas, aduanas, entidades de ambiente y salud; adem\u00e1s de productores, exportadores, gremios, c\u00e1maras agroempresariales y laboratorios autorizados. El IICA acompa\u00f1\u00f3 t\u00e9cnicamente todo el proceso (EJ\/ea).<\/p>\n<p style=\"text-align: justify;\"><img loading=\"lazy\" decoding=\"async\" class=\"alignnone size-full wp-image-650262\" src=\"https:\/\/www.maga.gob.gt\/wp-content\/uploads\/2025\/11\/Se-impulsa-estrategia-conjunta-para-fortalecer-la-sanidad-vegetal6.jpeg\" sizes=\"auto, (max-width: 1152px) 100vw, 1152px\" srcset=\"https:\/\/www.maga.gob.gt\/wp-content\/uploads\/2025\/11\/Se-impulsa-estrategia-conjunta-para-fortalecer-la-sanidad-vegetal6.jpeg 1152w, https:\/\/www.maga.gob.gt\/wp-content\/uploads\/2025\/11\/Se-impulsa-estrategia-conjunta-para-fortalecer-la-sanidad-vegetal6-300x153.jpeg 300w, https:\/\/www.maga.gob.gt\/wp-content\/uploads\/2025\/11\/Se-impulsa-estrategia-conjunta-para-fortalecer-la-sanidad-vegetal6-1024x522.jpeg 1024w, https:\/\/www.maga.gob.gt\/wp-content\/uploads\/2025\/11\/Se-impulsa-estrategia-conjunta-para-fortalecer-la-sanidad-vegetal6-768x391.jpeg 768w, https:\/\/www.maga.gob.gt\/wp-content\/uploads\/2025\/11\/Se-impulsa-estrategia-conjunta-para-fortalecer-la-sanidad-vegetal6-500x255.jpeg 500w\" alt=\"\" width=\"1152\" height=\"587\" \/><\/p>\n","protected":false},"excerpt":{"rendered":"<p>Actores p\u00fablicos y privados se reunieron en la Ciudad de Guatemala para avanzar en la aplicaci\u00f3n de la herramienta Desempe\u00f1o, Visi\u00f3n y Estrategia (DVE) para Organizaciones Nacionales de Protecci\u00f3n Fitosanitaria, un proceso que orientar\u00e1 el fortalecimiento de la Direcci\u00f3n de Sanidad Vegetal (DSV) del Ministerio de Agricultura, Ganader\u00eda y Alimentaci\u00f3n (MAGA). Esta sesi\u00f3n presencial marca [&hellip;]<\/p>\n","protected":false},"author":2,"featured_media":3282,"comment_status":"closed","ping_status":"closed","sticky":false,"template":"","format":"standard","meta":{"footnotes":""},"categories":[3],"tags":[],"class_list":["post-3281","post","type-post","status-publish","format-standard","has-post-thumbnail","hentry","category-principal"],"_links":{"self":[{"href":"https:\/\/www.maga.gob.gt\/sitios\/visar\/wp-json\/wp\/v2\/posts\/3281","targetHints":{"allow":["GET"]}}],"collection":[{"href":"https:\/\/www.maga.gob.gt\/sitios\/visar\/wp-json\/wp\/v2\/posts"}],"about":[{"href":"https:\/\/www.maga.gob.gt\/sitios\/visar\/wp-json\/wp\/v2\/types\/post"}],"author":[{"embeddable":true,"href":"https:\/\/www.maga.gob.gt\/sitios\/visar\/wp-json\/wp\/v2\/users\/2"}],"replies":[{"embeddable":true,"href":"https:\/\/www.maga.gob.gt\/sitios\/visar\/wp-json\/wp\/v2\/comments?post=3281"}],"version-history":[{"count":1,"href":"https:\/\/www.maga.gob.gt\/sitios\/visar\/wp-json\/wp\/v2\/posts\/3281\/revisions"}],"predecessor-version":[{"id":3283,"href":"https:\/\/www.maga.gob.gt\/sitios\/visar\/wp-json\/wp\/v2\/posts\/3281\/revisions\/3283"}],"wp:featuredmedia":[{"embeddable":true,"href":"https:\/\/www.maga.gob.gt\/sitios\/visar\/wp-json\/wp\/v2\/media\/3282"}],"wp:attachment":[{"href":"https:\/\/www.maga.gob.gt\/sitios\/visar\/wp-json\/wp\/v2\/media?parent=3281"}],"wp:term":[{"taxonomy":"category","embeddable":true,"href":"https:\/\/www.maga.gob.gt\/sitios\/visar\/wp-json\/wp\/v2\/categories?post=3281"},{"taxonomy":"post_tag","embeddable":true,"href":"https:\/\/www.maga.gob.gt\/sitios\/visar\/wp-json\/wp\/v2\/tags?post=3281"}],"curies":[{"name":"wp","href":"https:\/\/api.w.org\/{rel}","templated":true}]}}