{"id":3271,"date":"2025-11-25T22:54:28","date_gmt":"2025-11-25T21:54:28","guid":{"rendered":"https:\/\/www.maga.gob.gt\/sitios\/visar\/?p=3271"},"modified":"2025-11-25T22:54:28","modified_gmt":"2025-11-25T21:54:28","slug":"fortalecen-prevencion-comunitaria-contra-la-influenza-aviar-en-la-region-de-las-verapaces","status":"publish","type":"post","link":"https:\/\/www.maga.gob.gt\/sitios\/visar\/2025\/11\/25\/fortalecen-prevencion-comunitaria-contra-la-influenza-aviar-en-la-region-de-las-verapaces\/","title":{"rendered":"Fortalecen prevenci\u00f3n comunitaria contra la Influenza Aviar en la regi\u00f3n de Las Verapaces"},"content":{"rendered":"<p style=\"text-align: justify;\">Productores av\u00edcolas, autoridades locales y equipos t\u00e9cnicos de la regi\u00f3n de Las Verapaces, participaron en el taller \u201cComunicaci\u00f3n de Riesgos y Participaci\u00f3n Comunitaria en la Prevenci\u00f3n de Influenza Aviar\u201d, una jornada orientada a reforzar la vigilancia comunitaria y la capacidad de respuesta ante posibles eventos sanitarios en los departamentos de Alta Verapaz y Baja Verapaz.<\/p>\n<p style=\"text-align: justify;\">El encuentro permiti\u00f3 fortalecer los conocimientos relativos a los riesgos de la enfermedad y la importancia de la notificaci\u00f3n temprana, elemento clave para activar mecanismos de control oportunos. Adem\u00e1s, se desarrollaron herramientas para mejorar el flujo de informaci\u00f3n entre instituciones y comunidades, as\u00ed como estrategias de comunicaci\u00f3n destinadas a prevenir rumores y desinformaci\u00f3n en situaciones de riesgo sanitario.<\/p>\n<p style=\"text-align: justify;\"><img loading=\"lazy\" decoding=\"async\" class=\"alignnone size-full wp-image-650118\" src=\"https:\/\/www.maga.gob.gt\/wp-content\/uploads\/2025\/11\/Fortalecen-prevencion-comunitaria-contra-la-Influenza-Aviar-en-la-region-de-Las-Verapaces2.jpeg\" sizes=\"auto, (max-width: 1200px) 100vw, 1200px\" srcset=\"https:\/\/www.maga.gob.gt\/wp-content\/uploads\/2025\/11\/Fortalecen-prevencion-comunitaria-contra-la-Influenza-Aviar-en-la-region-de-Las-Verapaces2.jpeg 1200w, https:\/\/www.maga.gob.gt\/wp-content\/uploads\/2025\/11\/Fortalecen-prevencion-comunitaria-contra-la-Influenza-Aviar-en-la-region-de-Las-Verapaces2-300x175.jpeg 300w, https:\/\/www.maga.gob.gt\/wp-content\/uploads\/2025\/11\/Fortalecen-prevencion-comunitaria-contra-la-Influenza-Aviar-en-la-region-de-Las-Verapaces2-1024x598.jpeg 1024w, https:\/\/www.maga.gob.gt\/wp-content\/uploads\/2025\/11\/Fortalecen-prevencion-comunitaria-contra-la-Influenza-Aviar-en-la-region-de-Las-Verapaces2-768x449.jpeg 768w, https:\/\/www.maga.gob.gt\/wp-content\/uploads\/2025\/11\/Fortalecen-prevencion-comunitaria-contra-la-Influenza-Aviar-en-la-region-de-Las-Verapaces2-500x292.jpeg 500w\" alt=\"\" width=\"1200\" height=\"701\" \/><\/p>\n<p style=\"text-align: justify;\">Durante el taller se trabaj\u00f3 en la integraci\u00f3n de acciones de bioseguridad, comunicaci\u00f3n y organizaci\u00f3n comunitaria, con el objetivo de establecer protocolos que permitan respuestas coordinadas en caso de sospechas de Influenza Aviar.<\/p>\n<p style=\"text-align: justify;\">El Programa Nacional de Sanidad Av\u00edcola (PROSA), del Ministerio de Agricultura, Ganader\u00eda y Alimentaci\u00f3n (MAGA), destac\u00f3 su rol en la emisi\u00f3n de informaci\u00f3n verificada, la promoci\u00f3n de pr\u00e1cticas de bioseguridad y la gesti\u00f3n de comunicaciones oficiales, incluyendo alertas sanitarias y mensajes educativos.<\/p>\n<p style=\"text-align: justify;\"><img loading=\"lazy\" decoding=\"async\" class=\"alignnone size-full wp-image-650119\" src=\"https:\/\/www.maga.gob.gt\/wp-content\/uploads\/2025\/11\/Fortalecen-prevencion-comunitaria-contra-la-Influenza-Aviar-en-la-region-de-Las-Verapaces3.jpeg\" sizes=\"auto, (max-width: 1200px) 100vw, 1200px\" srcset=\"https:\/\/www.maga.gob.gt\/wp-content\/uploads\/2025\/11\/Fortalecen-prevencion-comunitaria-contra-la-Influenza-Aviar-en-la-region-de-Las-Verapaces3.jpeg 1200w, https:\/\/www.maga.gob.gt\/wp-content\/uploads\/2025\/11\/Fortalecen-prevencion-comunitaria-contra-la-Influenza-Aviar-en-la-region-de-Las-Verapaces3-300x176.jpeg 300w, https:\/\/www.maga.gob.gt\/wp-content\/uploads\/2025\/11\/Fortalecen-prevencion-comunitaria-contra-la-Influenza-Aviar-en-la-region-de-Las-Verapaces3-1024x600.jpeg 1024w, https:\/\/www.maga.gob.gt\/wp-content\/uploads\/2025\/11\/Fortalecen-prevencion-comunitaria-contra-la-Influenza-Aviar-en-la-region-de-Las-Verapaces3-768x450.jpeg 768w, https:\/\/www.maga.gob.gt\/wp-content\/uploads\/2025\/11\/Fortalecen-prevencion-comunitaria-contra-la-Influenza-Aviar-en-la-region-de-Las-Verapaces3-500x293.jpeg 500w\" alt=\"\" width=\"1200\" height=\"703\" \/><\/p>\n<p style=\"text-align: justify;\">La Influenza Aviar es una enfermedad viral altamente contagiosa que afecta a aves dom\u00e9sticas y silvestres, y representa riesgos para la sanidad animal y la salud p\u00fablica si no se detecta y controla oportunamente.<\/p>\n<p style=\"text-align: justify;\">La actividad cont\u00f3 con la participaci\u00f3n de representantes del CONAP, Gobernaci\u00f3n Departamental, MSPAS, redes de servicios de salud, unidades administrativas locales y organizaciones comunitarias, reafirmando el compromiso interinstitucional para proteger la producci\u00f3n av\u00edcola y fortalecer la preparaci\u00f3n territorial frente a enfermedades aviares (EJ\/ea).<\/p>\n<p style=\"text-align: justify;\"><img loading=\"lazy\" decoding=\"async\" class=\"alignnone size-full wp-image-650120\" src=\"https:\/\/www.maga.gob.gt\/wp-content\/uploads\/2025\/11\/Fortalecen-prevencion-comunitaria-contra-la-Influenza-Aviar-en-la-region-de-Las-Verapaces4.jpeg\" sizes=\"auto, (max-width: 1200px) 100vw, 1200px\" srcset=\"https:\/\/www.maga.gob.gt\/wp-content\/uploads\/2025\/11\/Fortalecen-prevencion-comunitaria-contra-la-Influenza-Aviar-en-la-region-de-Las-Verapaces4.jpeg 1200w, https:\/\/www.maga.gob.gt\/wp-content\/uploads\/2025\/11\/Fortalecen-prevencion-comunitaria-contra-la-Influenza-Aviar-en-la-region-de-Las-Verapaces4-300x197.jpeg 300w, https:\/\/www.maga.gob.gt\/wp-content\/uploads\/2025\/11\/Fortalecen-prevencion-comunitaria-contra-la-Influenza-Aviar-en-la-region-de-Las-Verapaces4-1024x673.jpeg 1024w, https:\/\/www.maga.gob.gt\/wp-content\/uploads\/2025\/11\/Fortalecen-prevencion-comunitaria-contra-la-Influenza-Aviar-en-la-region-de-Las-Verapaces4-768x505.jpeg 768w, https:\/\/www.maga.gob.gt\/wp-content\/uploads\/2025\/11\/Fortalecen-prevencion-comunitaria-contra-la-Influenza-Aviar-en-la-region-de-Las-Verapaces4-500x329.jpeg 500w\" alt=\"\" width=\"1200\" height=\"789\" \/><\/p>\n","protected":false},"excerpt":{"rendered":"<p>Productores av\u00edcolas, autoridades locales y equipos t\u00e9cnicos de la regi\u00f3n de Las Verapaces, participaron en el taller \u201cComunicaci\u00f3n de Riesgos y Participaci\u00f3n Comunitaria en la Prevenci\u00f3n de Influenza Aviar\u201d, una jornada orientada a reforzar la vigilancia comunitaria y la capacidad de respuesta ante posibles eventos sanitarios en los departamentos de Alta Verapaz y Baja Verapaz. [&hellip;]<\/p>\n","protected":false},"author":2,"featured_media":3272,"comment_status":"closed","ping_status":"closed","sticky":false,"template":"","format":"standard","meta":{"footnotes":""},"categories":[3],"tags":[],"class_list":["post-3271","post","type-post","status-publish","format-standard","has-post-thumbnail","hentry","category-principal"],"_links":{"self":[{"href":"https:\/\/www.maga.gob.gt\/sitios\/visar\/wp-json\/wp\/v2\/posts\/3271","targetHints":{"allow":["GET"]}}],"collection":[{"href":"https:\/\/www.maga.gob.gt\/sitios\/visar\/wp-json\/wp\/v2\/posts"}],"about":[{"href":"https:\/\/www.maga.gob.gt\/sitios\/visar\/wp-json\/wp\/v2\/types\/post"}],"author":[{"embeddable":true,"href":"https:\/\/www.maga.gob.gt\/sitios\/visar\/wp-json\/wp\/v2\/users\/2"}],"replies":[{"embeddable":true,"href":"https:\/\/www.maga.gob.gt\/sitios\/visar\/wp-json\/wp\/v2\/comments?post=3271"}],"version-history":[{"count":1,"href":"https:\/\/www.maga.gob.gt\/sitios\/visar\/wp-json\/wp\/v2\/posts\/3271\/revisions"}],"predecessor-version":[{"id":3273,"href":"https:\/\/www.maga.gob.gt\/sitios\/visar\/wp-json\/wp\/v2\/posts\/3271\/revisions\/3273"}],"wp:featuredmedia":[{"embeddable":true,"href":"https:\/\/www.maga.gob.gt\/sitios\/visar\/wp-json\/wp\/v2\/media\/3272"}],"wp:attachment":[{"href":"https:\/\/www.maga.gob.gt\/sitios\/visar\/wp-json\/wp\/v2\/media?parent=3271"}],"wp:term":[{"taxonomy":"category","embeddable":true,"href":"https:\/\/www.maga.gob.gt\/sitios\/visar\/wp-json\/wp\/v2\/categories?post=3271"},{"taxonomy":"post_tag","embeddable":true,"href":"https:\/\/www.maga.gob.gt\/sitios\/visar\/wp-json\/wp\/v2\/tags?post=3271"}],"curies":[{"name":"wp","href":"https:\/\/api.w.org\/{rel}","templated":true}]}}