{"id":3268,"date":"2025-11-25T19:19:37","date_gmt":"2025-11-25T18:19:37","guid":{"rendered":"https:\/\/www.maga.gob.gt\/sitios\/visar\/?p=3268"},"modified":"2025-11-25T19:19:37","modified_gmt":"2025-11-25T18:19:37","slug":"registrados-1297-pescadores-artesanales-durante-2025","status":"publish","type":"post","link":"https:\/\/www.maga.gob.gt\/sitios\/visar\/2025\/11\/25\/registrados-1297-pescadores-artesanales-durante-2025\/","title":{"rendered":"Registrados 1297 pescadores artesanales durante 2025"},"content":{"rendered":"<p style=\"text-align: justify;\">Entre el 5 de junio y el 30 de noviembre de 2025, el Ministerio de Agricultura, Ganader\u00eda y Alimentaci\u00f3n (MAGA) registr\u00f3 a 1297 pescadores artesanales, hombres y mujeres, que desarrollan su actividad en diferentes zonas costeras. El objetivo es visibilizar a quienes desarrollan una actividad econ\u00f3mica clave del pa\u00eds.<\/p>\n<p style=\"text-align: justify;\"><img loading=\"lazy\" decoding=\"async\" class=\"alignnone size-full wp-image-650063\" src=\"https:\/\/www.maga.gob.gt\/wp-content\/uploads\/2025\/11\/7afdf203-e8e8-4e0c-a376-9305ea980e24.jpeg\" sizes=\"auto, (max-width: 1599px) 100vw, 1599px\" srcset=\"https:\/\/www.maga.gob.gt\/wp-content\/uploads\/2025\/11\/7afdf203-e8e8-4e0c-a376-9305ea980e24.jpeg 1599w, https:\/\/www.maga.gob.gt\/wp-content\/uploads\/2025\/11\/7afdf203-e8e8-4e0c-a376-9305ea980e24-300x169.jpeg 300w, https:\/\/www.maga.gob.gt\/wp-content\/uploads\/2025\/11\/7afdf203-e8e8-4e0c-a376-9305ea980e24-1024x576.jpeg 1024w, https:\/\/www.maga.gob.gt\/wp-content\/uploads\/2025\/11\/7afdf203-e8e8-4e0c-a376-9305ea980e24-768x432.jpeg 768w, https:\/\/www.maga.gob.gt\/wp-content\/uploads\/2025\/11\/7afdf203-e8e8-4e0c-a376-9305ea980e24-1536x864.jpeg 1536w, https:\/\/www.maga.gob.gt\/wp-content\/uploads\/2025\/11\/7afdf203-e8e8-4e0c-a376-9305ea980e24-500x281.jpeg 500w\" alt=\"\" width=\"1599\" height=\"899\" \/>El registro estuvo a cargo de personal de la Direcci\u00f3n de Normatividad de la Pesca y Acuicultura (DIPESCA) del Viceministerio de Sanidad Agropecuaria y Regulaciones (VISAR). Esta acci\u00f3n permite identificar sus necesidades y acercar los servicios institucionales a ellos.<\/p>\n<p style=\"text-align: justify;\">Durante las jornadas se determin\u00f3 que la mayor\u00eda de personas registradas se dedican principalmente a la comercializaci\u00f3n, utilizando en su actividad equipos como trasmallos y atarrayas, y pescan en embarcaciones peque\u00f1as y cayucos. Entre las especies de mayor captura destacan la curvina, guabina, tacazonte y camar\u00f3n.<\/p>\n<p style=\"text-align: justify;\">Los registros detallan la siguiente participaci\u00f3n por comunidad:<\/p>\n<ul style=\"text-align: justify;\">\n<li>Champerico: 166 registrados, entre ellos 43 comercializadores y 16 alacraneros (ayudante de pescador), 107 pescadores.<\/li>\n<li>Chiquimulilla \u2013 Las Lisas: 136 registrados, 2 comercializadores y 134 pescadores.<\/li>\n<li>Tulate: 64 registrados, incluidos 2 comercializadores y 62 pescadores.<\/li>\n<li>Monterrico: 7 registrados, 2 comercializadores y 5 pescadores.<\/li>\n<li>Las Morenas: 77 registrados, 2 comercializadores y 75 pescadores.<\/li>\n<li>Sipacate: 19 registrados, 6 alacraneros y 13 pescadores.<\/li>\n<li>Livingston, Izabal: 828 registrados para un total de 1,297.<\/li>\n<\/ul>\n<p style=\"text-align: justify;\">Estos esfuerzos reafirman el compromiso del MAGA por fortalecer y ordenar la actividad pesquera artesanal, una labor esencial para la econom\u00eda local y la seguridad alimentaria (EJ\/ea).<\/p>\n<p style=\"text-align: justify;\"><img loading=\"lazy\" decoding=\"async\" class=\"alignnone size-full wp-image-650062\" src=\"https:\/\/www.maga.gob.gt\/wp-content\/uploads\/2025\/11\/665cdfe4-8027-417e-868d-366a8e1ce20d.jpeg\" sizes=\"auto, (max-width: 1600px) 100vw, 1600px\" srcset=\"https:\/\/www.maga.gob.gt\/wp-content\/uploads\/2025\/11\/665cdfe4-8027-417e-868d-366a8e1ce20d.jpeg 1600w, https:\/\/www.maga.gob.gt\/wp-content\/uploads\/2025\/11\/665cdfe4-8027-417e-868d-366a8e1ce20d-300x300.jpeg 300w, https:\/\/www.maga.gob.gt\/wp-content\/uploads\/2025\/11\/665cdfe4-8027-417e-868d-366a8e1ce20d-1024x1024.jpeg 1024w, https:\/\/www.maga.gob.gt\/wp-content\/uploads\/2025\/11\/665cdfe4-8027-417e-868d-366a8e1ce20d-150x150.jpeg 150w, https:\/\/www.maga.gob.gt\/wp-content\/uploads\/2025\/11\/665cdfe4-8027-417e-868d-366a8e1ce20d-768x768.jpeg 768w, https:\/\/www.maga.gob.gt\/wp-content\/uploads\/2025\/11\/665cdfe4-8027-417e-868d-366a8e1ce20d-1536x1536.jpeg 1536w, https:\/\/www.maga.gob.gt\/wp-content\/uploads\/2025\/11\/665cdfe4-8027-417e-868d-366a8e1ce20d-180x180.jpeg 180w, https:\/\/www.maga.gob.gt\/wp-content\/uploads\/2025\/11\/665cdfe4-8027-417e-868d-366a8e1ce20d-500x500.jpeg 500w, https:\/\/www.maga.gob.gt\/wp-content\/uploads\/2025\/11\/665cdfe4-8027-417e-868d-366a8e1ce20d-1000x1000.jpeg 1000w\" alt=\"\" width=\"1600\" height=\"1600\" \/><img loading=\"lazy\" decoding=\"async\" class=\"alignnone size-full wp-image-650066\" src=\"https:\/\/www.maga.gob.gt\/wp-content\/uploads\/2025\/11\/9122d3ab-bc63-4bdb-9ec7-df2b354724da.jpeg\" sizes=\"auto, (max-width: 1600px) 100vw, 1600px\" srcset=\"https:\/\/www.maga.gob.gt\/wp-content\/uploads\/2025\/11\/9122d3ab-bc63-4bdb-9ec7-df2b354724da.jpeg 1600w, https:\/\/www.maga.gob.gt\/wp-content\/uploads\/2025\/11\/9122d3ab-bc63-4bdb-9ec7-df2b354724da-300x300.jpeg 300w, https:\/\/www.maga.gob.gt\/wp-content\/uploads\/2025\/11\/9122d3ab-bc63-4bdb-9ec7-df2b354724da-1024x1024.jpeg 1024w, https:\/\/www.maga.gob.gt\/wp-content\/uploads\/2025\/11\/9122d3ab-bc63-4bdb-9ec7-df2b354724da-150x150.jpeg 150w, https:\/\/www.maga.gob.gt\/wp-content\/uploads\/2025\/11\/9122d3ab-bc63-4bdb-9ec7-df2b354724da-768x768.jpeg 768w, https:\/\/www.maga.gob.gt\/wp-content\/uploads\/2025\/11\/9122d3ab-bc63-4bdb-9ec7-df2b354724da-1536x1536.jpeg 1536w, https:\/\/www.maga.gob.gt\/wp-content\/uploads\/2025\/11\/9122d3ab-bc63-4bdb-9ec7-df2b354724da-180x180.jpeg 180w, https:\/\/www.maga.gob.gt\/wp-content\/uploads\/2025\/11\/9122d3ab-bc63-4bdb-9ec7-df2b354724da-500x500.jpeg 500w, https:\/\/www.maga.gob.gt\/wp-content\/uploads\/2025\/11\/9122d3ab-bc63-4bdb-9ec7-df2b354724da-1000x1000.jpeg 1000w\" alt=\"\" width=\"1600\" height=\"1600\" \/><img loading=\"lazy\" decoding=\"async\" class=\"alignnone size-full wp-image-650068\" src=\"https:\/\/www.maga.gob.gt\/wp-content\/uploads\/2025\/11\/e5ea2c06-1577-431f-9c9c-89d684618d10.jpeg\" sizes=\"auto, (max-width: 1600px) 100vw, 1600px\" srcset=\"https:\/\/www.maga.gob.gt\/wp-content\/uploads\/2025\/11\/e5ea2c06-1577-431f-9c9c-89d684618d10.jpeg 1600w, https:\/\/www.maga.gob.gt\/wp-content\/uploads\/2025\/11\/e5ea2c06-1577-431f-9c9c-89d684618d10-300x300.jpeg 300w, https:\/\/www.maga.gob.gt\/wp-content\/uploads\/2025\/11\/e5ea2c06-1577-431f-9c9c-89d684618d10-1024x1024.jpeg 1024w, https:\/\/www.maga.gob.gt\/wp-content\/uploads\/2025\/11\/e5ea2c06-1577-431f-9c9c-89d684618d10-150x150.jpeg 150w, https:\/\/www.maga.gob.gt\/wp-content\/uploads\/2025\/11\/e5ea2c06-1577-431f-9c9c-89d684618d10-768x768.jpeg 768w, https:\/\/www.maga.gob.gt\/wp-content\/uploads\/2025\/11\/e5ea2c06-1577-431f-9c9c-89d684618d10-1536x1536.jpeg 1536w, https:\/\/www.maga.gob.gt\/wp-content\/uploads\/2025\/11\/e5ea2c06-1577-431f-9c9c-89d684618d10-180x180.jpeg 180w, https:\/\/www.maga.gob.gt\/wp-content\/uploads\/2025\/11\/e5ea2c06-1577-431f-9c9c-89d684618d10-500x500.jpeg 500w, https:\/\/www.maga.gob.gt\/wp-content\/uploads\/2025\/11\/e5ea2c06-1577-431f-9c9c-89d684618d10-1000x1000.jpeg 1000w\" alt=\"\" width=\"1600\" height=\"1600\" \/><\/p>\n","protected":false},"excerpt":{"rendered":"<p>Entre el 5 de junio y el 30 de noviembre de 2025, el Ministerio de Agricultura, Ganader\u00eda y Alimentaci\u00f3n (MAGA) registr\u00f3 a 1297 pescadores artesanales, hombres y mujeres, que desarrollan su actividad en diferentes zonas costeras. El objetivo es visibilizar a quienes desarrollan una actividad econ\u00f3mica clave del pa\u00eds. El registro estuvo a cargo de [&hellip;]<\/p>\n","protected":false},"author":2,"featured_media":3269,"comment_status":"closed","ping_status":"closed","sticky":false,"template":"","format":"standard","meta":{"footnotes":""},"categories":[3],"tags":[],"class_list":["post-3268","post","type-post","status-publish","format-standard","has-post-thumbnail","hentry","category-principal"],"_links":{"self":[{"href":"https:\/\/www.maga.gob.gt\/sitios\/visar\/wp-json\/wp\/v2\/posts\/3268","targetHints":{"allow":["GET"]}}],"collection":[{"href":"https:\/\/www.maga.gob.gt\/sitios\/visar\/wp-json\/wp\/v2\/posts"}],"about":[{"href":"https:\/\/www.maga.gob.gt\/sitios\/visar\/wp-json\/wp\/v2\/types\/post"}],"author":[{"embeddable":true,"href":"https:\/\/www.maga.gob.gt\/sitios\/visar\/wp-json\/wp\/v2\/users\/2"}],"replies":[{"embeddable":true,"href":"https:\/\/www.maga.gob.gt\/sitios\/visar\/wp-json\/wp\/v2\/comments?post=3268"}],"version-history":[{"count":1,"href":"https:\/\/www.maga.gob.gt\/sitios\/visar\/wp-json\/wp\/v2\/posts\/3268\/revisions"}],"predecessor-version":[{"id":3270,"href":"https:\/\/www.maga.gob.gt\/sitios\/visar\/wp-json\/wp\/v2\/posts\/3268\/revisions\/3270"}],"wp:featuredmedia":[{"embeddable":true,"href":"https:\/\/www.maga.gob.gt\/sitios\/visar\/wp-json\/wp\/v2\/media\/3269"}],"wp:attachment":[{"href":"https:\/\/www.maga.gob.gt\/sitios\/visar\/wp-json\/wp\/v2\/media?parent=3268"}],"wp:term":[{"taxonomy":"category","embeddable":true,"href":"https:\/\/www.maga.gob.gt\/sitios\/visar\/wp-json\/wp\/v2\/categories?post=3268"},{"taxonomy":"post_tag","embeddable":true,"href":"https:\/\/www.maga.gob.gt\/sitios\/visar\/wp-json\/wp\/v2\/tags?post=3268"}],"curies":[{"name":"wp","href":"https:\/\/api.w.org\/{rel}","templated":true}]}}