{"id":3265,"date":"2025-11-24T23:02:38","date_gmt":"2025-11-24T22:02:38","guid":{"rendered":"https:\/\/www.maga.gob.gt\/sitios\/visar\/?p=3265"},"modified":"2025-11-24T23:02:38","modified_gmt":"2025-11-24T22:02:38","slug":"fortalecen-vigilancia-contra-influenza-aviar-h5n1-en-puerto-barrios","status":"publish","type":"post","link":"https:\/\/www.maga.gob.gt\/sitios\/visar\/2025\/11\/24\/fortalecen-vigilancia-contra-influenza-aviar-h5n1-en-puerto-barrios\/","title":{"rendered":"Fortalecen vigilancia contra Influenza Aviar H5N1 en Puerto Barrios"},"content":{"rendered":"<p style=\"text-align: justify;\">El fortalecimiento de las capacidades t\u00e9cnicas para la detecci\u00f3n temprana y control de la Influenza Aviar de Alta Patogenicidad H5N1, fue el eje principal de la capacitaci\u00f3n desarrollada el jueves 20 de noviembre en Puerto Barrios, Izabal, de parte del Ministerio de Agricultura, Ganader\u00eda y Alimentaci\u00f3n (MAGA).<\/p>\n<p style=\"text-align: justify;\">Personal de varias instituciones locales y nacionales recibi\u00f3 formaci\u00f3n especializada acerca de c\u00f3mo actuar ante sospechas o brotes. En el taller se impartieron lineamientos t\u00e9cnicos relativos a la identificaci\u00f3n de signos cl\u00ednicos, patrones epidemiol\u00f3gicos, notificaci\u00f3n inmediata y medidas de bioseguridad, tanto en granjas tecnificadas como en unidades de traspatio.<\/p>\n<p style=\"text-align: justify;\"><img loading=\"lazy\" decoding=\"async\" class=\"alignnone size-full wp-image-650047\" src=\"https:\/\/www.maga.gob.gt\/wp-content\/uploads\/2025\/11\/Fortalecen-vigilancia-contra-Influenza-Aviar-H5N1-en-Puerto-Barrios2.jpeg\" sizes=\"auto, (max-width: 621px) 100vw, 621px\" srcset=\"https:\/\/www.maga.gob.gt\/wp-content\/uploads\/2025\/11\/Fortalecen-vigilancia-contra-Influenza-Aviar-H5N1-en-Puerto-Barrios2.jpeg 621w, https:\/\/www.maga.gob.gt\/wp-content\/uploads\/2025\/11\/Fortalecen-vigilancia-contra-Influenza-Aviar-H5N1-en-Puerto-Barrios2-300x225.jpeg 300w, https:\/\/www.maga.gob.gt\/wp-content\/uploads\/2025\/11\/Fortalecen-vigilancia-contra-Influenza-Aviar-H5N1-en-Puerto-Barrios2-500x375.jpeg 500w\" alt=\"\" width=\"621\" height=\"466\" \/><\/p>\n<p style=\"text-align: justify;\">Esta enfermedad es altamente contagiosa y puede generar graves p\u00e9rdidas econ\u00f3micas en el sector av\u00edcola, por lo que la capacitaci\u00f3n fue desarrollada desde su impacto sanitario y productivo.<\/p>\n<p style=\"text-align: justify;\">El MAGA, por medio del Programa Nacional de Sanidad Av\u00edcola (PROSA), reiter\u00f3 su rol en la vigilancia epidemiol\u00f3gica, el control sanitario y la capacitaci\u00f3n t\u00e9cnica en campo, acciones que incluyen la toma y env\u00edo de muestras al laboratorio oficial.<\/p>\n<p style=\"text-align: justify;\"><img loading=\"lazy\" decoding=\"async\" class=\"alignnone size-full wp-image-650048\" src=\"https:\/\/www.maga.gob.gt\/wp-content\/uploads\/2025\/11\/Fortalecen-vigilancia-contra-Influenza-Aviar-H5N1-en-Puerto-Barrios3.jpeg\" sizes=\"auto, (max-width: 638px) 100vw, 638px\" srcset=\"https:\/\/www.maga.gob.gt\/wp-content\/uploads\/2025\/11\/Fortalecen-vigilancia-contra-Influenza-Aviar-H5N1-en-Puerto-Barrios3.jpeg 638w, https:\/\/www.maga.gob.gt\/wp-content\/uploads\/2025\/11\/Fortalecen-vigilancia-contra-Influenza-Aviar-H5N1-en-Puerto-Barrios3-300x225.jpeg 300w, https:\/\/www.maga.gob.gt\/wp-content\/uploads\/2025\/11\/Fortalecen-vigilancia-contra-Influenza-Aviar-H5N1-en-Puerto-Barrios3-500x375.jpeg 500w\" alt=\"\" width=\"638\" height=\"479\" \/><\/p>\n<p style=\"text-align: justify;\">Adem\u00e1s, tambi\u00e9n est\u00e1 la supervisi\u00f3n del cumplimiento de medidas sanitarias y la aplicaci\u00f3n de acciones legales, cuando corresponde, garantizando la protecci\u00f3n del estatus sanitario nacional.<\/p>\n<p style=\"text-align: justify;\">Participaron como alumnos, personal de los ministerios de Salud P\u00fablica y Asistencia Social (MSPAS) y Ambiente y Recursos Naturales, (MARN). Tambi\u00e9n del Consejo Nacional de \u00c1reas Protegidas (CONAP), municipalidades de Puerto Barrios y Livingston, as\u00ed como de la Fundaci\u00f3n para el Ecodesarrollo y la Conservaci\u00f3n (FUNDAECO).<\/p>\n<p style=\"text-align: justify;\"><img loading=\"lazy\" decoding=\"async\" class=\"alignnone size-full wp-image-650049\" src=\"https:\/\/www.maga.gob.gt\/wp-content\/uploads\/2025\/11\/Fortalecen-vigilancia-contra-Influenza-Aviar-H5N1-en-Puerto-Barrios4.jpeg\" sizes=\"auto, (max-width: 627px) 100vw, 627px\" srcset=\"https:\/\/www.maga.gob.gt\/wp-content\/uploads\/2025\/11\/Fortalecen-vigilancia-contra-Influenza-Aviar-H5N1-en-Puerto-Barrios4.jpeg 627w, https:\/\/www.maga.gob.gt\/wp-content\/uploads\/2025\/11\/Fortalecen-vigilancia-contra-Influenza-Aviar-H5N1-en-Puerto-Barrios4-300x225.jpeg 300w, https:\/\/www.maga.gob.gt\/wp-content\/uploads\/2025\/11\/Fortalecen-vigilancia-contra-Influenza-Aviar-H5N1-en-Puerto-Barrios4-500x376.jpeg 500w\" alt=\"\" width=\"627\" height=\"471\" \/><\/p>\n<p style=\"text-align: justify;\">Todos ellos reforzaron conocimientos para mejorar la respuesta institucional ante eventos asociados a esta enfermedad. Los participantes destacaron que la capacitaci\u00f3n permiti\u00f3 comprender con mayor claridad la importancia de actuar con inmediatez frente a un posible brote.<\/p>\n<p style=\"text-align: justify;\">Con estas acciones, el MAGA reafirma su compromiso con la prevenci\u00f3n, control y vigilancia de enfermedades que afectan la producci\u00f3n av\u00edcola y contribuye al fortalecimiento de la seguridad alimentaria en el pa\u00eds (EJ\/ea).<\/p>\n<p style=\"text-align: justify;\"><img loading=\"lazy\" decoding=\"async\" class=\"alignnone size-full wp-image-650050\" src=\"https:\/\/www.maga.gob.gt\/wp-content\/uploads\/2025\/11\/Fortalecen-vigilancia-contra-Influenza-Aviar-H5N1-en-Puerto-Barrios5.jpeg\" sizes=\"auto, (max-width: 626px) 100vw, 626px\" srcset=\"https:\/\/www.maga.gob.gt\/wp-content\/uploads\/2025\/11\/Fortalecen-vigilancia-contra-Influenza-Aviar-H5N1-en-Puerto-Barrios5.jpeg 626w, https:\/\/www.maga.gob.gt\/wp-content\/uploads\/2025\/11\/Fortalecen-vigilancia-contra-Influenza-Aviar-H5N1-en-Puerto-Barrios5-300x225.jpeg 300w, https:\/\/www.maga.gob.gt\/wp-content\/uploads\/2025\/11\/Fortalecen-vigilancia-contra-Influenza-Aviar-H5N1-en-Puerto-Barrios5-500x375.jpeg 500w\" alt=\"\" width=\"626\" height=\"469\" \/><\/p>\n","protected":false},"excerpt":{"rendered":"<p>El fortalecimiento de las capacidades t\u00e9cnicas para la detecci\u00f3n temprana y control de la Influenza Aviar de Alta Patogenicidad H5N1, fue el eje principal de la capacitaci\u00f3n desarrollada el jueves 20 de noviembre en Puerto Barrios, Izabal, de parte del Ministerio de Agricultura, Ganader\u00eda y Alimentaci\u00f3n (MAGA). Personal de varias instituciones locales y nacionales recibi\u00f3 [&hellip;]<\/p>\n","protected":false},"author":2,"featured_media":3266,"comment_status":"closed","ping_status":"closed","sticky":false,"template":"","format":"standard","meta":{"footnotes":""},"categories":[3],"tags":[],"class_list":["post-3265","post","type-post","status-publish","format-standard","has-post-thumbnail","hentry","category-principal"],"_links":{"self":[{"href":"https:\/\/www.maga.gob.gt\/sitios\/visar\/wp-json\/wp\/v2\/posts\/3265","targetHints":{"allow":["GET"]}}],"collection":[{"href":"https:\/\/www.maga.gob.gt\/sitios\/visar\/wp-json\/wp\/v2\/posts"}],"about":[{"href":"https:\/\/www.maga.gob.gt\/sitios\/visar\/wp-json\/wp\/v2\/types\/post"}],"author":[{"embeddable":true,"href":"https:\/\/www.maga.gob.gt\/sitios\/visar\/wp-json\/wp\/v2\/users\/2"}],"replies":[{"embeddable":true,"href":"https:\/\/www.maga.gob.gt\/sitios\/visar\/wp-json\/wp\/v2\/comments?post=3265"}],"version-history":[{"count":1,"href":"https:\/\/www.maga.gob.gt\/sitios\/visar\/wp-json\/wp\/v2\/posts\/3265\/revisions"}],"predecessor-version":[{"id":3267,"href":"https:\/\/www.maga.gob.gt\/sitios\/visar\/wp-json\/wp\/v2\/posts\/3265\/revisions\/3267"}],"wp:featuredmedia":[{"embeddable":true,"href":"https:\/\/www.maga.gob.gt\/sitios\/visar\/wp-json\/wp\/v2\/media\/3266"}],"wp:attachment":[{"href":"https:\/\/www.maga.gob.gt\/sitios\/visar\/wp-json\/wp\/v2\/media?parent=3265"}],"wp:term":[{"taxonomy":"category","embeddable":true,"href":"https:\/\/www.maga.gob.gt\/sitios\/visar\/wp-json\/wp\/v2\/categories?post=3265"},{"taxonomy":"post_tag","embeddable":true,"href":"https:\/\/www.maga.gob.gt\/sitios\/visar\/wp-json\/wp\/v2\/tags?post=3265"}],"curies":[{"name":"wp","href":"https:\/\/api.w.org\/{rel}","templated":true}]}}