{"id":3256,"date":"2025-11-21T17:02:20","date_gmt":"2025-11-21T16:02:20","guid":{"rendered":"https:\/\/www.maga.gob.gt\/sitios\/visar\/?p=3256"},"modified":"2025-11-21T17:02:20","modified_gmt":"2025-11-21T16:02:20","slug":"vainilla-maya-y-cardamomo-negro-logran-estandares-internacionales","status":"publish","type":"post","link":"https:\/\/www.maga.gob.gt\/sitios\/visar\/2025\/11\/21\/vainilla-maya-y-cardamomo-negro-logran-estandares-internacionales\/","title":{"rendered":"Vainilla Maya y cardamomo negro logran est\u00e1ndares internacionales"},"content":{"rendered":"<p style=\"text-align: justify;\">La especie Vainilla Maya o Vainilla cribbiana soto arenas , alcanz\u00f3 su inclusi\u00f3n en la norma internacional de especias y hierbas culinarias, en tanto que el cardamomo grande, logr\u00f3 incorporar el nombre comercial como es reconocido en Am\u00e9rica: cardamomo negro, logros que se consiguieron en la Octava Reuni\u00f3n del Comit\u00e9 Codex de Especias y Hierbas Culinarias, celebrada el pasado mes de octubre en Guwahati Assam India.<\/p>\n<p style=\"text-align: justify;\">La consolidaci\u00f3n de las normas de vainilla y cardamomo negro representa un avance significativo para Guatemala, ya que su adopci\u00f3n genera oportunidades de mayor competitividad para los productores nacionales, ya que pueden promover productos diferenciados y alineados a las exigencias del mercado internacional.<\/p>\n<p style=\"text-align: justify;\"><img loading=\"lazy\" decoding=\"async\" class=\"alignnone size-full wp-image-649912\" src=\"https:\/\/www.maga.gob.gt\/wp-content\/uploads\/2025\/11\/Vainilla-Maya-y-cardamomo-negro-logran-estandares-internacionales-2.jpeg\" sizes=\"auto, (max-width: 1080px) 100vw, 1080px\" srcset=\"https:\/\/www.maga.gob.gt\/wp-content\/uploads\/2025\/11\/Vainilla-Maya-y-cardamomo-negro-logran-estandares-internacionales-2.jpeg 1080w, https:\/\/www.maga.gob.gt\/wp-content\/uploads\/2025\/11\/Vainilla-Maya-y-cardamomo-negro-logran-estandares-internacionales-2-300x223.jpeg 300w, https:\/\/www.maga.gob.gt\/wp-content\/uploads\/2025\/11\/Vainilla-Maya-y-cardamomo-negro-logran-estandares-internacionales-2-1024x760.jpeg 1024w, https:\/\/www.maga.gob.gt\/wp-content\/uploads\/2025\/11\/Vainilla-Maya-y-cardamomo-negro-logran-estandares-internacionales-2-768x570.jpeg 768w, https:\/\/www.maga.gob.gt\/wp-content\/uploads\/2025\/11\/Vainilla-Maya-y-cardamomo-negro-logran-estandares-internacionales-2-500x371.jpeg 500w\" alt=\"\" width=\"1080\" height=\"802\" \/><\/p>\n<p style=\"text-align: justify;\">El Ministerio de Agricultura Ganader\u00eda y Alimentaci\u00f3n (MAGA), por medio de la Direcci\u00f3n de Inocuidad del Viceministerio de Sanidad Agropecuaria y Regulaciones (VISAR), en su funci\u00f3n de coordinador del Comit\u00e9 Nacional del Codex Alimentarius y como punto focal del pa\u00eds, lider\u00f3 los aportes t\u00e9cnicos para que dichas especies se expusieran en la agenda internacional del Codex.<\/p>\n<p style=\"text-align: justify;\">Guatemala cuenta adem\u00e1s con la plantaci\u00f3n productiva m\u00e1s grande del mundo de Vainilla Maya, ubicada en la finca Che\u00b4Sib\u00b4IK en Alta Verapaz, en donde ha logrado desarrollarse a niveles \u00f3ptimos.<\/p>\n<p style=\"text-align: justify;\"><img loading=\"lazy\" decoding=\"async\" class=\"alignnone size-full wp-image-649913\" src=\"https:\/\/www.maga.gob.gt\/wp-content\/uploads\/2025\/11\/Vainilla-Maya-y-cardamomo-negro-logran-estandares-internacionales-3.jpeg\" sizes=\"auto, (max-width: 1152px) 100vw, 1152px\" srcset=\"https:\/\/www.maga.gob.gt\/wp-content\/uploads\/2025\/11\/Vainilla-Maya-y-cardamomo-negro-logran-estandares-internacionales-3.jpeg 1152w, https:\/\/www.maga.gob.gt\/wp-content\/uploads\/2025\/11\/Vainilla-Maya-y-cardamomo-negro-logran-estandares-internacionales-3-300x191.jpeg 300w, https:\/\/www.maga.gob.gt\/wp-content\/uploads\/2025\/11\/Vainilla-Maya-y-cardamomo-negro-logran-estandares-internacionales-3-1024x652.jpeg 1024w, https:\/\/www.maga.gob.gt\/wp-content\/uploads\/2025\/11\/Vainilla-Maya-y-cardamomo-negro-logran-estandares-internacionales-3-768x489.jpeg 768w, https:\/\/www.maga.gob.gt\/wp-content\/uploads\/2025\/11\/Vainilla-Maya-y-cardamomo-negro-logran-estandares-internacionales-3-500x318.jpeg 500w\" alt=\"\" width=\"1152\" height=\"733\" \/><\/p>\n<p style=\"text-align: justify;\">Mientras que, en el caso de cardamomo negro, se respald\u00f3 la postura del pa\u00eds relativa a las caracter\u00edsticas qu\u00edmicas y porcentajes de humedad en semillas y c\u00e1psulas enteras, adem\u00e1s de ajustarse la tabla de caracter\u00edsticas f\u00edsicas permitiendo que, tanto en estilo entero como en estilo semillas, est\u00e9 sustentado en an\u00e1lisis cient\u00edficos.<\/p>\n<p style=\"text-align: justify;\">Con estos avances, Guatemala fortaleci\u00f3 su participaci\u00f3n t\u00e9cnica en el proceso de elaboraci\u00f3n de normas internacionales de especias al aportar posiciones respaldadas en evidencia cient\u00edfica en el Comit\u00e9 Codex de Especias y Hierbas Culinarias (EJ\/ea).<\/p>\n<p style=\"text-align: justify;\"><img loading=\"lazy\" decoding=\"async\" class=\"alignnone size-full wp-image-649915\" src=\"https:\/\/www.maga.gob.gt\/wp-content\/uploads\/2025\/11\/Vainilla-Maya-y-cardamomo-negro-logran-estandares-internacionales-5.jpeg\" sizes=\"auto, (max-width: 1152px) 100vw, 1152px\" srcset=\"https:\/\/www.maga.gob.gt\/wp-content\/uploads\/2025\/11\/Vainilla-Maya-y-cardamomo-negro-logran-estandares-internacionales-5.jpeg 1152w, https:\/\/www.maga.gob.gt\/wp-content\/uploads\/2025\/11\/Vainilla-Maya-y-cardamomo-negro-logran-estandares-internacionales-5-300x176.jpeg 300w, https:\/\/www.maga.gob.gt\/wp-content\/uploads\/2025\/11\/Vainilla-Maya-y-cardamomo-negro-logran-estandares-internacionales-5-1024x601.jpeg 1024w, https:\/\/www.maga.gob.gt\/wp-content\/uploads\/2025\/11\/Vainilla-Maya-y-cardamomo-negro-logran-estandares-internacionales-5-768x451.jpeg 768w, https:\/\/www.maga.gob.gt\/wp-content\/uploads\/2025\/11\/Vainilla-Maya-y-cardamomo-negro-logran-estandares-internacionales-5-500x293.jpeg 500w\" alt=\"\" width=\"1152\" height=\"676\" \/><img loading=\"lazy\" decoding=\"async\" class=\"alignnone size-full wp-image-649914\" src=\"https:\/\/www.maga.gob.gt\/wp-content\/uploads\/2025\/11\/Vainilla-Maya-y-cardamomo-negro-logran-estandares-internacionales-4.jpeg\" sizes=\"auto, (max-width: 1152px) 100vw, 1152px\" srcset=\"https:\/\/www.maga.gob.gt\/wp-content\/uploads\/2025\/11\/Vainilla-Maya-y-cardamomo-negro-logran-estandares-internacionales-4.jpeg 1152w, https:\/\/www.maga.gob.gt\/wp-content\/uploads\/2025\/11\/Vainilla-Maya-y-cardamomo-negro-logran-estandares-internacionales-4-300x189.jpeg 300w, https:\/\/www.maga.gob.gt\/wp-content\/uploads\/2025\/11\/Vainilla-Maya-y-cardamomo-negro-logran-estandares-internacionales-4-1024x646.jpeg 1024w, https:\/\/www.maga.gob.gt\/wp-content\/uploads\/2025\/11\/Vainilla-Maya-y-cardamomo-negro-logran-estandares-internacionales-4-768x485.jpeg 768w, https:\/\/www.maga.gob.gt\/wp-content\/uploads\/2025\/11\/Vainilla-Maya-y-cardamomo-negro-logran-estandares-internacionales-4-500x316.jpeg 500w\" alt=\"\" width=\"1152\" height=\"727\" \/><\/p>\n","protected":false},"excerpt":{"rendered":"<p>La especie Vainilla Maya o Vainilla cribbiana soto arenas , alcanz\u00f3 su inclusi\u00f3n en la norma internacional de especias y hierbas culinarias, en tanto que el cardamomo grande, logr\u00f3 incorporar el nombre comercial como es reconocido en Am\u00e9rica: cardamomo negro, logros que se consiguieron en la Octava Reuni\u00f3n del Comit\u00e9 Codex de Especias y Hierbas [&hellip;]<\/p>\n","protected":false},"author":2,"featured_media":3257,"comment_status":"closed","ping_status":"closed","sticky":false,"template":"","format":"standard","meta":{"footnotes":""},"categories":[3],"tags":[],"class_list":["post-3256","post","type-post","status-publish","format-standard","has-post-thumbnail","hentry","category-principal"],"_links":{"self":[{"href":"https:\/\/www.maga.gob.gt\/sitios\/visar\/wp-json\/wp\/v2\/posts\/3256","targetHints":{"allow":["GET"]}}],"collection":[{"href":"https:\/\/www.maga.gob.gt\/sitios\/visar\/wp-json\/wp\/v2\/posts"}],"about":[{"href":"https:\/\/www.maga.gob.gt\/sitios\/visar\/wp-json\/wp\/v2\/types\/post"}],"author":[{"embeddable":true,"href":"https:\/\/www.maga.gob.gt\/sitios\/visar\/wp-json\/wp\/v2\/users\/2"}],"replies":[{"embeddable":true,"href":"https:\/\/www.maga.gob.gt\/sitios\/visar\/wp-json\/wp\/v2\/comments?post=3256"}],"version-history":[{"count":1,"href":"https:\/\/www.maga.gob.gt\/sitios\/visar\/wp-json\/wp\/v2\/posts\/3256\/revisions"}],"predecessor-version":[{"id":3258,"href":"https:\/\/www.maga.gob.gt\/sitios\/visar\/wp-json\/wp\/v2\/posts\/3256\/revisions\/3258"}],"wp:featuredmedia":[{"embeddable":true,"href":"https:\/\/www.maga.gob.gt\/sitios\/visar\/wp-json\/wp\/v2\/media\/3257"}],"wp:attachment":[{"href":"https:\/\/www.maga.gob.gt\/sitios\/visar\/wp-json\/wp\/v2\/media?parent=3256"}],"wp:term":[{"taxonomy":"category","embeddable":true,"href":"https:\/\/www.maga.gob.gt\/sitios\/visar\/wp-json\/wp\/v2\/categories?post=3256"},{"taxonomy":"post_tag","embeddable":true,"href":"https:\/\/www.maga.gob.gt\/sitios\/visar\/wp-json\/wp\/v2\/tags?post=3256"}],"curies":[{"name":"wp","href":"https:\/\/api.w.org\/{rel}","templated":true}]}}