{"id":3253,"date":"2025-11-21T16:42:22","date_gmt":"2025-11-21T15:42:22","guid":{"rendered":"https:\/\/www.maga.gob.gt\/sitios\/visar\/?p=3253"},"modified":"2025-11-21T16:42:22","modified_gmt":"2025-11-21T15:42:22","slug":"dia-mundial-de-la-pesca-guatemala-refuerza-esfuerzos-para-fortalecer-la-pesca-responsable","status":"publish","type":"post","link":"https:\/\/www.maga.gob.gt\/sitios\/visar\/2025\/11\/21\/dia-mundial-de-la-pesca-guatemala-refuerza-esfuerzos-para-fortalecer-la-pesca-responsable\/","title":{"rendered":"D\u00eda Mundial de la Pesca: Guatemala refuerza esfuerzos para fortalecer la pesca responsable"},"content":{"rendered":"<p style=\"text-align: justify;\">Guatemala se une a la conmemoraci\u00f3n del D\u00eda Mundial de la Pesca, cada 21 de noviembre, y resalta la importancia de esta actividad para la seguridad alimentaria y el sustento de miles de familias.<\/p>\n<p style=\"text-align: justify;\">En este contexto, el Ministerio de Agricultura, Ganader\u00eda y Alimentaci\u00f3n (MAGA) presenta los avances en pesca responsable y conservaci\u00f3n de los recursos hidrobiol\u00f3gicos, impulsados por medio del Viceministerio de Sanidad Agropecuaria y Regulaciones y la Direcci\u00f3n de Normatividad de la Pesca y Acuicultura (DIPESCA).<\/p>\n<p style=\"text-align: justify;\"><img loading=\"lazy\" decoding=\"async\" class=\"alignnone size-full wp-image-649903\" src=\"https:\/\/www.maga.gob.gt\/wp-content\/uploads\/2025\/11\/Dia-Mundial-de-la-Pesca2.jpeg\" sizes=\"auto, (max-width: 1152px) 100vw, 1152px\" srcset=\"https:\/\/www.maga.gob.gt\/wp-content\/uploads\/2025\/11\/Dia-Mundial-de-la-Pesca2.jpeg 1152w, https:\/\/www.maga.gob.gt\/wp-content\/uploads\/2025\/11\/Dia-Mundial-de-la-Pesca2-300x179.jpeg 300w, https:\/\/www.maga.gob.gt\/wp-content\/uploads\/2025\/11\/Dia-Mundial-de-la-Pesca2-1024x611.jpeg 1024w, https:\/\/www.maga.gob.gt\/wp-content\/uploads\/2025\/11\/Dia-Mundial-de-la-Pesca2-768x458.jpeg 768w, https:\/\/www.maga.gob.gt\/wp-content\/uploads\/2025\/11\/Dia-Mundial-de-la-Pesca2-500x298.jpeg 500w\" alt=\"\" width=\"1152\" height=\"687\" \/><\/p>\n<p style=\"text-align: justify;\">Se ha fortalecido el ordenamiento pesquero al promover pr\u00e1cticas responsables y, mediante estudios t\u00e9cnicos, mejorar el conocimiento relativo a las poblaciones marinas. Tambi\u00e9n se acompa\u00f1a a los pescadores artesanales e industriales para robustecer la gobernanza local y asegurar el aprovechamiento sostenible de los ecosistemas marinos.<\/p>\n<p style=\"text-align: justify;\"><img loading=\"lazy\" decoding=\"async\" class=\"alignnone size-full wp-image-649904\" src=\"https:\/\/www.maga.gob.gt\/wp-content\/uploads\/2025\/11\/Dia-Mundial-de-la-Pesca3.jpeg\" sizes=\"auto, (max-width: 1152px) 100vw, 1152px\" srcset=\"https:\/\/www.maga.gob.gt\/wp-content\/uploads\/2025\/11\/Dia-Mundial-de-la-Pesca3.jpeg 1152w, https:\/\/www.maga.gob.gt\/wp-content\/uploads\/2025\/11\/Dia-Mundial-de-la-Pesca3-300x169.jpeg 300w, https:\/\/www.maga.gob.gt\/wp-content\/uploads\/2025\/11\/Dia-Mundial-de-la-Pesca3-1024x576.jpeg 1024w, https:\/\/www.maga.gob.gt\/wp-content\/uploads\/2025\/11\/Dia-Mundial-de-la-Pesca3-768x432.jpeg 768w, https:\/\/www.maga.gob.gt\/wp-content\/uploads\/2025\/11\/Dia-Mundial-de-la-Pesca3-500x281.jpeg 500w\" alt=\"\" width=\"1152\" height=\"648\" \/><\/p>\n<p style=\"text-align: justify;\">El Departamento de Pesca Mar\u00edtima destac\u00f3 el rol fundamental de los pescadores artesanales e industriales, quienes dependen de esta actividad, e hizo un llamado para reflexionar acerca del estado de los oc\u00e9anos, de los ecosistemas marinos, ya que su conservaci\u00f3n es clave para el bienestar de miles de familias.<\/p>\n<p style=\"text-align: justify;\">El MAGA reafirm\u00f3 su compromiso de trabajar junto con el sector pesquero, sociedad civil y cooperaci\u00f3n internacional, para avanzar hacia una pesca legal, ordenada y sostenible, bajo el mensaje: \u201cPor una pesca responsable y un oc\u00e9ano lleno de vida\u201d (EJ\/ea).<\/p>\n<p style=\"text-align: justify;\"><img loading=\"lazy\" decoding=\"async\" class=\"alignnone size-full wp-image-649907\" src=\"https:\/\/www.maga.gob.gt\/wp-content\/uploads\/2025\/11\/Dia-Mundial-de-la-Pesca6.jpeg\" sizes=\"auto, (max-width: 1152px) 100vw, 1152px\" srcset=\"https:\/\/www.maga.gob.gt\/wp-content\/uploads\/2025\/11\/Dia-Mundial-de-la-Pesca6.jpeg 1152w, https:\/\/www.maga.gob.gt\/wp-content\/uploads\/2025\/11\/Dia-Mundial-de-la-Pesca6-300x201.jpeg 300w, https:\/\/www.maga.gob.gt\/wp-content\/uploads\/2025\/11\/Dia-Mundial-de-la-Pesca6-1024x684.jpeg 1024w, https:\/\/www.maga.gob.gt\/wp-content\/uploads\/2025\/11\/Dia-Mundial-de-la-Pesca6-768x513.jpeg 768w, https:\/\/www.maga.gob.gt\/wp-content\/uploads\/2025\/11\/Dia-Mundial-de-la-Pesca6-500x334.jpeg 500w\" alt=\"\" width=\"1152\" height=\"770\" \/><img loading=\"lazy\" decoding=\"async\" class=\"alignnone size-full wp-image-649906\" src=\"https:\/\/www.maga.gob.gt\/wp-content\/uploads\/2025\/11\/Dia-Mundial-de-la-Pesca5.jpeg\" sizes=\"auto, (max-width: 1152px) 100vw, 1152px\" srcset=\"https:\/\/www.maga.gob.gt\/wp-content\/uploads\/2025\/11\/Dia-Mundial-de-la-Pesca5.jpeg 1152w, https:\/\/www.maga.gob.gt\/wp-content\/uploads\/2025\/11\/Dia-Mundial-de-la-Pesca5-300x192.jpeg 300w, https:\/\/www.maga.gob.gt\/wp-content\/uploads\/2025\/11\/Dia-Mundial-de-la-Pesca5-1024x654.jpeg 1024w, https:\/\/www.maga.gob.gt\/wp-content\/uploads\/2025\/11\/Dia-Mundial-de-la-Pesca5-768x491.jpeg 768w, https:\/\/www.maga.gob.gt\/wp-content\/uploads\/2025\/11\/Dia-Mundial-de-la-Pesca5-500x319.jpeg 500w\" alt=\"\" width=\"1152\" height=\"736\" \/><img loading=\"lazy\" decoding=\"async\" class=\"alignnone size-full wp-image-649905\" src=\"https:\/\/www.maga.gob.gt\/wp-content\/uploads\/2025\/11\/Dia-Mundial-de-la-Pesca4.jpeg\" sizes=\"auto, (max-width: 1152px) 100vw, 1152px\" srcset=\"https:\/\/www.maga.gob.gt\/wp-content\/uploads\/2025\/11\/Dia-Mundial-de-la-Pesca4.jpeg 1152w, https:\/\/www.maga.gob.gt\/wp-content\/uploads\/2025\/11\/Dia-Mundial-de-la-Pesca4-300x171.jpeg 300w, https:\/\/www.maga.gob.gt\/wp-content\/uploads\/2025\/11\/Dia-Mundial-de-la-Pesca4-1024x585.jpeg 1024w, https:\/\/www.maga.gob.gt\/wp-content\/uploads\/2025\/11\/Dia-Mundial-de-la-Pesca4-768x439.jpeg 768w, https:\/\/www.maga.gob.gt\/wp-content\/uploads\/2025\/11\/Dia-Mundial-de-la-Pesca4-500x286.jpeg 500w\" alt=\"\" width=\"1152\" height=\"658\" \/><\/p>\n","protected":false},"excerpt":{"rendered":"<p>Guatemala se une a la conmemoraci\u00f3n del D\u00eda Mundial de la Pesca, cada 21 de noviembre, y resalta la importancia de esta actividad para la seguridad alimentaria y el sustento de miles de familias. En este contexto, el Ministerio de Agricultura, Ganader\u00eda y Alimentaci\u00f3n (MAGA) presenta los avances en pesca responsable y conservaci\u00f3n de los [&hellip;]<\/p>\n","protected":false},"author":2,"featured_media":3254,"comment_status":"closed","ping_status":"closed","sticky":false,"template":"","format":"standard","meta":{"footnotes":""},"categories":[3],"tags":[],"class_list":["post-3253","post","type-post","status-publish","format-standard","has-post-thumbnail","hentry","category-principal"],"_links":{"self":[{"href":"https:\/\/www.maga.gob.gt\/sitios\/visar\/wp-json\/wp\/v2\/posts\/3253","targetHints":{"allow":["GET"]}}],"collection":[{"href":"https:\/\/www.maga.gob.gt\/sitios\/visar\/wp-json\/wp\/v2\/posts"}],"about":[{"href":"https:\/\/www.maga.gob.gt\/sitios\/visar\/wp-json\/wp\/v2\/types\/post"}],"author":[{"embeddable":true,"href":"https:\/\/www.maga.gob.gt\/sitios\/visar\/wp-json\/wp\/v2\/users\/2"}],"replies":[{"embeddable":true,"href":"https:\/\/www.maga.gob.gt\/sitios\/visar\/wp-json\/wp\/v2\/comments?post=3253"}],"version-history":[{"count":1,"href":"https:\/\/www.maga.gob.gt\/sitios\/visar\/wp-json\/wp\/v2\/posts\/3253\/revisions"}],"predecessor-version":[{"id":3255,"href":"https:\/\/www.maga.gob.gt\/sitios\/visar\/wp-json\/wp\/v2\/posts\/3253\/revisions\/3255"}],"wp:featuredmedia":[{"embeddable":true,"href":"https:\/\/www.maga.gob.gt\/sitios\/visar\/wp-json\/wp\/v2\/media\/3254"}],"wp:attachment":[{"href":"https:\/\/www.maga.gob.gt\/sitios\/visar\/wp-json\/wp\/v2\/media?parent=3253"}],"wp:term":[{"taxonomy":"category","embeddable":true,"href":"https:\/\/www.maga.gob.gt\/sitios\/visar\/wp-json\/wp\/v2\/categories?post=3253"},{"taxonomy":"post_tag","embeddable":true,"href":"https:\/\/www.maga.gob.gt\/sitios\/visar\/wp-json\/wp\/v2\/tags?post=3253"}],"curies":[{"name":"wp","href":"https:\/\/api.w.org\/{rel}","templated":true}]}}