{"id":3247,"date":"2025-11-19T22:20:04","date_gmt":"2025-11-19T21:20:04","guid":{"rendered":"https:\/\/www.maga.gob.gt\/sitios\/visar\/?p=3247"},"modified":"2025-11-19T22:20:04","modified_gmt":"2025-11-19T21:20:04","slug":"reafirman-compromiso-para-combatir-la-resistencia-a-los-antimicrobianos","status":"publish","type":"post","link":"https:\/\/www.maga.gob.gt\/sitios\/visar\/2025\/11\/19\/reafirman-compromiso-para-combatir-la-resistencia-a-los-antimicrobianos\/","title":{"rendered":"Reafirman compromiso para combatir la resistencia a los antimicrobianos"},"content":{"rendered":"<p style=\"text-align: justify;\">Una acci\u00f3n clave para proteger la sanidad animal y la salud p\u00fablica, es el uso responsable de los antimicrobianos en los animales, compromiso que el Ministerio de Agricultura, Ganader\u00eda y Alimentaci\u00f3n (MAGA) reafirm\u00f3 durante la jornada interinstitucional de resistencia a los antimicrobianos.<\/p>\n<p style=\"text-align: justify;\">As\u00ed lo manifest\u00f3 Juan Jos\u00e9 Gonz\u00e1lez, representante de Vigilancia Epidemiol\u00f3gica del Viceministerio de Sanidad Agropecuaria y Regulaciones (VISAR), quien subray\u00f3 que la resistencia a los antimicrobianos es una alerta global, que solo puede enfrentarse mediante la uni\u00f3n intersectorial, y no con esfuerzos aislados.<\/p>\n<p style=\"text-align: justify;\"><img loading=\"lazy\" decoding=\"async\" class=\"wp-image-649852 size-full\" src=\"https:\/\/www.maga.gob.gt\/wp-content\/uploads\/2025\/11\/Reafirman-compromiso-para-combatir-la-resistencia-a-los-antimicrobianos2.jpeg\" sizes=\"auto, (max-width: 1152px) 100vw, 1152px\" srcset=\"https:\/\/www.maga.gob.gt\/wp-content\/uploads\/2025\/11\/Reafirman-compromiso-para-combatir-la-resistencia-a-los-antimicrobianos2.jpeg 1152w, https:\/\/www.maga.gob.gt\/wp-content\/uploads\/2025\/11\/Reafirman-compromiso-para-combatir-la-resistencia-a-los-antimicrobianos2-300x180.jpeg 300w, https:\/\/www.maga.gob.gt\/wp-content\/uploads\/2025\/11\/Reafirman-compromiso-para-combatir-la-resistencia-a-los-antimicrobianos2-1024x613.jpeg 1024w, https:\/\/www.maga.gob.gt\/wp-content\/uploads\/2025\/11\/Reafirman-compromiso-para-combatir-la-resistencia-a-los-antimicrobianos2-768x460.jpeg 768w, https:\/\/www.maga.gob.gt\/wp-content\/uploads\/2025\/11\/Reafirman-compromiso-para-combatir-la-resistencia-a-los-antimicrobianos2-500x299.jpeg 500w\" alt=\"\" width=\"1152\" height=\"690\" \/><\/p>\n<p style=\"text-align: justify;\">Foto cortes\u00eda: MSPAS<\/p>\n<p style=\"text-align: justify;\">Gonz\u00e1lez expuso que los antimicrobianos \u2014utilizados para combatir infecciones bacterianas, parasitarias, f\u00fangicas y protozoarias\u2014 deben emplearse de manera responsable, ya que un uso incorrecto favorece la aparici\u00f3n de microorganismos resistentes, afectando no solo a los animales, sino tambi\u00e9n a los consumidores de productos de origen animal.<\/p>\n<p style=\"text-align: justify;\">Adem\u00e1s, destac\u00f3 la importancia del trabajo conjunto entre ministerios con el fin de fortalecer acciones frente a esta amenaza mundial. La actividad se desarroll\u00f3 en el Ministerio de Salud P\u00fablica y Asistencia Socia, en la que tambi\u00e9n particip\u00f3 el delegado del Ministerio de Ambiente y Recursos Naturales (EJ\/ea).<\/p>\n<p style=\"text-align: justify;\"><img loading=\"lazy\" decoding=\"async\" class=\"wp-image-649853 size-full\" src=\"https:\/\/www.maga.gob.gt\/wp-content\/uploads\/2025\/11\/Reafirman-compromiso-para-combatir-la-resistencia-a-los-antimicrobianos3.jpeg\" sizes=\"auto, (max-width: 1152px) 100vw, 1152px\" srcset=\"https:\/\/www.maga.gob.gt\/wp-content\/uploads\/2025\/11\/Reafirman-compromiso-para-combatir-la-resistencia-a-los-antimicrobianos3.jpeg 1152w, https:\/\/www.maga.gob.gt\/wp-content\/uploads\/2025\/11\/Reafirman-compromiso-para-combatir-la-resistencia-a-los-antimicrobianos3-300x168.jpeg 300w, https:\/\/www.maga.gob.gt\/wp-content\/uploads\/2025\/11\/Reafirman-compromiso-para-combatir-la-resistencia-a-los-antimicrobianos3-1024x572.jpeg 1024w, https:\/\/www.maga.gob.gt\/wp-content\/uploads\/2025\/11\/Reafirman-compromiso-para-combatir-la-resistencia-a-los-antimicrobianos3-768x429.jpeg 768w, https:\/\/www.maga.gob.gt\/wp-content\/uploads\/2025\/11\/Reafirman-compromiso-para-combatir-la-resistencia-a-los-antimicrobianos3-500x280.jpeg 500w\" alt=\"\" width=\"1152\" height=\"644\" \/><\/p>\n<p style=\"text-align: justify;\">Foto cortes\u00eda: MSPAS<\/p>\n","protected":false},"excerpt":{"rendered":"<p>Una acci\u00f3n clave para proteger la sanidad animal y la salud p\u00fablica, es el uso responsable de los antimicrobianos en los animales, compromiso que el Ministerio de Agricultura, Ganader\u00eda y Alimentaci\u00f3n (MAGA) reafirm\u00f3 durante la jornada interinstitucional de resistencia a los antimicrobianos. As\u00ed lo manifest\u00f3 Juan Jos\u00e9 Gonz\u00e1lez, representante de Vigilancia Epidemiol\u00f3gica del Viceministerio de [&hellip;]<\/p>\n","protected":false},"author":2,"featured_media":3248,"comment_status":"closed","ping_status":"closed","sticky":false,"template":"","format":"standard","meta":{"footnotes":""},"categories":[3],"tags":[],"class_list":["post-3247","post","type-post","status-publish","format-standard","has-post-thumbnail","hentry","category-principal"],"_links":{"self":[{"href":"https:\/\/www.maga.gob.gt\/sitios\/visar\/wp-json\/wp\/v2\/posts\/3247","targetHints":{"allow":["GET"]}}],"collection":[{"href":"https:\/\/www.maga.gob.gt\/sitios\/visar\/wp-json\/wp\/v2\/posts"}],"about":[{"href":"https:\/\/www.maga.gob.gt\/sitios\/visar\/wp-json\/wp\/v2\/types\/post"}],"author":[{"embeddable":true,"href":"https:\/\/www.maga.gob.gt\/sitios\/visar\/wp-json\/wp\/v2\/users\/2"}],"replies":[{"embeddable":true,"href":"https:\/\/www.maga.gob.gt\/sitios\/visar\/wp-json\/wp\/v2\/comments?post=3247"}],"version-history":[{"count":1,"href":"https:\/\/www.maga.gob.gt\/sitios\/visar\/wp-json\/wp\/v2\/posts\/3247\/revisions"}],"predecessor-version":[{"id":3249,"href":"https:\/\/www.maga.gob.gt\/sitios\/visar\/wp-json\/wp\/v2\/posts\/3247\/revisions\/3249"}],"wp:featuredmedia":[{"embeddable":true,"href":"https:\/\/www.maga.gob.gt\/sitios\/visar\/wp-json\/wp\/v2\/media\/3248"}],"wp:attachment":[{"href":"https:\/\/www.maga.gob.gt\/sitios\/visar\/wp-json\/wp\/v2\/media?parent=3247"}],"wp:term":[{"taxonomy":"category","embeddable":true,"href":"https:\/\/www.maga.gob.gt\/sitios\/visar\/wp-json\/wp\/v2\/categories?post=3247"},{"taxonomy":"post_tag","embeddable":true,"href":"https:\/\/www.maga.gob.gt\/sitios\/visar\/wp-json\/wp\/v2\/tags?post=3247"}],"curies":[{"name":"wp","href":"https:\/\/api.w.org\/{rel}","templated":true}]}}