{"id":3232,"date":"2025-11-17T22:45:06","date_gmt":"2025-11-17T21:45:06","guid":{"rendered":"https:\/\/www.maga.gob.gt\/sitios\/visar\/?p=3232"},"modified":"2025-11-17T22:45:06","modified_gmt":"2025-11-17T21:45:06","slug":"feria-del-cordero-impulsa-mejora-genetica-en-huehuetenango","status":"publish","type":"post","link":"https:\/\/www.maga.gob.gt\/sitios\/visar\/2025\/11\/17\/feria-del-cordero-impulsa-mejora-genetica-en-huehuetenango\/","title":{"rendered":"Feria del Cordero impulsa mejora gen\u00e9tica en Huehuetenango"},"content":{"rendered":"<p style=\"text-align: justify;\">La exposici\u00f3n, selecci\u00f3n y premiaci\u00f3n de reba\u00f1os durante la Feria del Cordero, celebrada durante la segunda semana de noviembre en Chiantla, Huehuetenango, impulsa la mejora gen\u00e9tica ovinos, pues se premia aquellos ejemplares que m\u00e1s se asemejan a las caracter\u00edsticas de cada categor\u00eda: Criollo, Mejorado B, Mejorado A y Elite.<\/p>\n<p style=\"text-align: justify;\">Jueces especializados, acompa\u00f1ados por personal t\u00e9cnico del Viceministerio de Sanidad Agropecuaria y Regulaciones (VISAR) del Ministerio de Agricultura, Ganader\u00eda y Alimentaci\u00f3n (MAGA), evaluaron a los ejemplares participantes con el objetivo de clasificar y seleccionar a los mejores reba\u00f1os, de acuerdo con sus caracter\u00edsticas fenot\u00edpicas y est\u00e1ndares raciales.<\/p>\n<p style=\"text-align: justify;\">La decisi\u00f3n se bas\u00f3 estrictamente en los criterios de conformaci\u00f3n y calidad racial de cada grupo, sin asignaci\u00f3n de puntuaci\u00f3n num\u00e9rica ni jerarquizaci\u00f3n por puestos dentro de las categor\u00edas, lo que enfatiz\u00f3 un proceso transparente y basado en est\u00e1ndares t\u00e9cnicos.<\/p>\n<p style=\"text-align: justify;\"><img loading=\"lazy\" decoding=\"async\" class=\"alignnone size-full wp-image-649717\" src=\"https:\/\/www.maga.gob.gt\/wp-content\/uploads\/2025\/11\/Feria-del-Cordero-impulsa-mejora-genetica-en-Huehuetenango3.jpeg\" sizes=\"auto, (max-width: 936px) 100vw, 936px\" srcset=\"https:\/\/www.maga.gob.gt\/wp-content\/uploads\/2025\/11\/Feria-del-Cordero-impulsa-mejora-genetica-en-Huehuetenango3.jpeg 936w, https:\/\/www.maga.gob.gt\/wp-content\/uploads\/2025\/11\/Feria-del-Cordero-impulsa-mejora-genetica-en-Huehuetenango3-300x293.jpeg 300w, https:\/\/www.maga.gob.gt\/wp-content\/uploads\/2025\/11\/Feria-del-Cordero-impulsa-mejora-genetica-en-Huehuetenango3-768x750.jpeg 768w, https:\/\/www.maga.gob.gt\/wp-content\/uploads\/2025\/11\/Feria-del-Cordero-impulsa-mejora-genetica-en-Huehuetenango3-500x488.jpeg 500w\" alt=\"\" width=\"936\" height=\"914\" \/><\/p>\n<p style=\"text-align: justify;\">En total, participaron 26 productores: 4 en Reba\u00f1o Criollo, 6 en Mejorado B, 8 en Mejorado A y 8 en Elite. El acompa\u00f1amiento del Departamento de Registro Geneal\u00f3gico del VISAR, permiti\u00f3 fortalecer las capacidades de los criadores para comprender, analizar y aplicar criterios de selecci\u00f3n gen\u00e9tica, promoviendo pr\u00e1cticas que contribuyen al mejoramiento de la producci\u00f3n y al desarrollo de la industria ovina en la regi\u00f3n.<\/p>\n<p style=\"text-align: justify;\">Los resultados reflejan el inter\u00e9s de los productores por mantener y mejorar la pureza racial y el encaste, motivo por el cual se reiter\u00f3 la importancia de dar seguimiento al registro geneal\u00f3gico de los reba\u00f1os. Esta herramienta permite consolidar informaci\u00f3n, certificar genealog\u00edas y respaldar la calidad de los ejemplares, especialmente en categor\u00edas de alto valor gen\u00e9tico como los reba\u00f1os Elite.<\/p>\n<p style=\"text-align: justify;\">La jornada cont\u00f3 con jueces invitados, t\u00e9cnicos locales y representantes de organizaciones como ASOCUCH, Cooperativa Paquixe\u00f1a, ACORDI, Cooperativa Joya Hermosa, ADECAF y Cooperativa Flor Bacuense, junto con el representante del MAGA, consolidando un trabajo conjunto que impulsa el fortalecimiento t\u00e9cnico y productivo del sector ovino guatemalteco (EJ\/ea).<\/p>\n<p style=\"text-align: justify;\"><img loading=\"lazy\" decoding=\"async\" class=\"alignnone size-full wp-image-649716\" src=\"https:\/\/www.maga.gob.gt\/wp-content\/uploads\/2025\/11\/Feria-del-Cordero-impulsa-mejora-genetica-en-Huehuetenango2.jpeg\" sizes=\"auto, (max-width: 1152px) 100vw, 1152px\" srcset=\"https:\/\/www.maga.gob.gt\/wp-content\/uploads\/2025\/11\/Feria-del-Cordero-impulsa-mejora-genetica-en-Huehuetenango2.jpeg 1152w, https:\/\/www.maga.gob.gt\/wp-content\/uploads\/2025\/11\/Feria-del-Cordero-impulsa-mejora-genetica-en-Huehuetenango2-300x201.jpeg 300w, https:\/\/www.maga.gob.gt\/wp-content\/uploads\/2025\/11\/Feria-del-Cordero-impulsa-mejora-genetica-en-Huehuetenango2-1024x687.jpeg 1024w, https:\/\/www.maga.gob.gt\/wp-content\/uploads\/2025\/11\/Feria-del-Cordero-impulsa-mejora-genetica-en-Huehuetenango2-768x515.jpeg 768w, https:\/\/www.maga.gob.gt\/wp-content\/uploads\/2025\/11\/Feria-del-Cordero-impulsa-mejora-genetica-en-Huehuetenango2-500x336.jpeg 500w\" alt=\"\" width=\"1152\" height=\"773\" \/><\/p>\n","protected":false},"excerpt":{"rendered":"<p>La exposici\u00f3n, selecci\u00f3n y premiaci\u00f3n de reba\u00f1os durante la Feria del Cordero, celebrada durante la segunda semana de noviembre en Chiantla, Huehuetenango, impulsa la mejora gen\u00e9tica ovinos, pues se premia aquellos ejemplares que m\u00e1s se asemejan a las caracter\u00edsticas de cada categor\u00eda: Criollo, Mejorado B, Mejorado A y Elite. Jueces especializados, acompa\u00f1ados por personal t\u00e9cnico [&hellip;]<\/p>\n","protected":false},"author":2,"featured_media":3233,"comment_status":"closed","ping_status":"closed","sticky":false,"template":"","format":"standard","meta":{"footnotes":""},"categories":[3],"tags":[],"class_list":["post-3232","post","type-post","status-publish","format-standard","has-post-thumbnail","hentry","category-principal"],"_links":{"self":[{"href":"https:\/\/www.maga.gob.gt\/sitios\/visar\/wp-json\/wp\/v2\/posts\/3232","targetHints":{"allow":["GET"]}}],"collection":[{"href":"https:\/\/www.maga.gob.gt\/sitios\/visar\/wp-json\/wp\/v2\/posts"}],"about":[{"href":"https:\/\/www.maga.gob.gt\/sitios\/visar\/wp-json\/wp\/v2\/types\/post"}],"author":[{"embeddable":true,"href":"https:\/\/www.maga.gob.gt\/sitios\/visar\/wp-json\/wp\/v2\/users\/2"}],"replies":[{"embeddable":true,"href":"https:\/\/www.maga.gob.gt\/sitios\/visar\/wp-json\/wp\/v2\/comments?post=3232"}],"version-history":[{"count":1,"href":"https:\/\/www.maga.gob.gt\/sitios\/visar\/wp-json\/wp\/v2\/posts\/3232\/revisions"}],"predecessor-version":[{"id":3234,"href":"https:\/\/www.maga.gob.gt\/sitios\/visar\/wp-json\/wp\/v2\/posts\/3232\/revisions\/3234"}],"wp:featuredmedia":[{"embeddable":true,"href":"https:\/\/www.maga.gob.gt\/sitios\/visar\/wp-json\/wp\/v2\/media\/3233"}],"wp:attachment":[{"href":"https:\/\/www.maga.gob.gt\/sitios\/visar\/wp-json\/wp\/v2\/media?parent=3232"}],"wp:term":[{"taxonomy":"category","embeddable":true,"href":"https:\/\/www.maga.gob.gt\/sitios\/visar\/wp-json\/wp\/v2\/categories?post=3232"},{"taxonomy":"post_tag","embeddable":true,"href":"https:\/\/www.maga.gob.gt\/sitios\/visar\/wp-json\/wp\/v2\/tags?post=3232"}],"curies":[{"name":"wp","href":"https:\/\/api.w.org\/{rel}","templated":true}]}}