{"id":3222,"date":"2025-11-13T22:52:02","date_gmt":"2025-11-13T21:52:02","guid":{"rendered":"https:\/\/www.maga.gob.gt\/sitios\/visar\/?p=3222"},"modified":"2025-11-13T22:52:02","modified_gmt":"2025-11-13T21:52:02","slug":"continua-actualizacion-del-pir-con-talleres-simultaneos-en-alta-verapaz-y-guatemala","status":"publish","type":"post","link":"https:\/\/www.maga.gob.gt\/sitios\/visar\/2025\/11\/13\/continua-actualizacion-del-pir-con-talleres-simultaneos-en-alta-verapaz-y-guatemala\/","title":{"rendered":"Contin\u00faa actualizaci\u00f3n del PIR con talleres simult\u00e1neos en Alta Verapaz y Guatemala"},"content":{"rendered":"<p style=\"text-align: justify;\">En seguimiento al proceso nacional de actualizaci\u00f3n y socializaci\u00f3n del Plan Institucional de Respuesta (PIR), del Ministerio de Agricultura, Ganader\u00eda y Alimentaci\u00f3n (MAGA), este jueves 13 de noviembre, se desarrollaron talleres simult\u00e1neos en los departamentos de Alta Verapaz y Guatemala.<\/p>\n<p style=\"text-align: justify;\">El proceso, coordinado por la Direcci\u00f3n de Informaci\u00f3n Geogr\u00e1fica, Estrat\u00e9gica y Gesti\u00f3n de Riesgos (DIGEGR), tiene como objetivo fortalecer las capacidades t\u00e9cnicas del personal institucional y consolidar la coordinaci\u00f3n ante situaciones de emergencia en el sector agropecuario.<\/p>\n<p style=\"text-align: justify;\"><img loading=\"lazy\" decoding=\"async\" class=\"alignnone size-full wp-image-649563\" src=\"https:\/\/www.maga.gob.gt\/wp-content\/uploads\/2025\/11\/Continua-actualizacion-del-PIR-con-talleres-simultaneos-en-Alta-Verapaz-y-Guatemala2.jpeg\" sizes=\"auto, (max-width: 1280px) 100vw, 1280px\" srcset=\"https:\/\/www.maga.gob.gt\/wp-content\/uploads\/2025\/11\/Continua-actualizacion-del-PIR-con-talleres-simultaneos-en-Alta-Verapaz-y-Guatemala2.jpeg 1280w, https:\/\/www.maga.gob.gt\/wp-content\/uploads\/2025\/11\/Continua-actualizacion-del-PIR-con-talleres-simultaneos-en-Alta-Verapaz-y-Guatemala2-300x225.jpeg 300w, https:\/\/www.maga.gob.gt\/wp-content\/uploads\/2025\/11\/Continua-actualizacion-del-PIR-con-talleres-simultaneos-en-Alta-Verapaz-y-Guatemala2-1024x768.jpeg 1024w, https:\/\/www.maga.gob.gt\/wp-content\/uploads\/2025\/11\/Continua-actualizacion-del-PIR-con-talleres-simultaneos-en-Alta-Verapaz-y-Guatemala2-768x576.jpeg 768w, https:\/\/www.maga.gob.gt\/wp-content\/uploads\/2025\/11\/Continua-actualizacion-del-PIR-con-talleres-simultaneos-en-Alta-Verapaz-y-Guatemala2-500x375.jpeg 500w\" alt=\"\" width=\"1280\" height=\"960\" \/><\/p>\n<p style=\"text-align: justify;\">En Alta Verapaz se reunieron representantes de las sedes departamentales de Alta y Baja Verapaz, la Direcci\u00f3n de Coordinaci\u00f3n Regional y Extensi\u00f3n Rural (DICORER), y t\u00e9cnicos de la Secretar\u00eda Ejecutiva de la Coordinadora Nacional para la Reducci\u00f3n de Desastres (SE-CONRED), expertos en gesti\u00f3n de riesgos.<\/p>\n<p style=\"text-align: justify;\">De forma paralela, en la Ciudad de Guatemala, se desarroll\u00f3 el taller con la participaci\u00f3n de actores locales relevantes de la Regi\u00f3n Central, integrando aportes t\u00e9cnicos para fortalecer la capacidad de respuesta institucional.<\/p>\n<p style=\"text-align: justify;\">En ambas jornadas, se promovi\u00f3 el intercambio de experiencias y el trabajo conjunto interinstitucional. Adem\u00e1s, en Alta Verapaz, se realiz\u00f3 un ejercicio pr\u00e1ctico que sirvi\u00f3 como modelo de actuaci\u00f3n ante emergencias, reafirmando la importancia de la interacci\u00f3n interinstitucional en la gesti\u00f3n del riesgo.<\/p>\n<p style=\"text-align: justify;\"><img loading=\"lazy\" decoding=\"async\" class=\"alignnone size-full wp-image-649564\" src=\"https:\/\/www.maga.gob.gt\/wp-content\/uploads\/2025\/11\/Continua-actualizacion-del-PIR-con-talleres-simultaneos-en-Alta-Verapaz-y-Guatemala3.jpeg\" sizes=\"auto, (max-width: 1280px) 100vw, 1280px\" srcset=\"https:\/\/www.maga.gob.gt\/wp-content\/uploads\/2025\/11\/Continua-actualizacion-del-PIR-con-talleres-simultaneos-en-Alta-Verapaz-y-Guatemala3.jpeg 1280w, https:\/\/www.maga.gob.gt\/wp-content\/uploads\/2025\/11\/Continua-actualizacion-del-PIR-con-talleres-simultaneos-en-Alta-Verapaz-y-Guatemala3-300x225.jpeg 300w, https:\/\/www.maga.gob.gt\/wp-content\/uploads\/2025\/11\/Continua-actualizacion-del-PIR-con-talleres-simultaneos-en-Alta-Verapaz-y-Guatemala3-1024x768.jpeg 1024w, https:\/\/www.maga.gob.gt\/wp-content\/uploads\/2025\/11\/Continua-actualizacion-del-PIR-con-talleres-simultaneos-en-Alta-Verapaz-y-Guatemala3-768x576.jpeg 768w, https:\/\/www.maga.gob.gt\/wp-content\/uploads\/2025\/11\/Continua-actualizacion-del-PIR-con-talleres-simultaneos-en-Alta-Verapaz-y-Guatemala3-500x375.jpeg 500w\" alt=\"\" width=\"1280\" height=\"960\" \/><\/p>\n<p style=\"text-align: justify;\">En los talleres se cont\u00f3 con la presencia de representantes del Comit\u00e9 de Emergencia del MAGA, que preside la ministra Mar\u00eda Fernanda Rivera D\u00e1vila, quien ha instruido a los equipos t\u00e9cnicos a desarrollar activamente acciones de gesti\u00f3n de riesgos y prevenci\u00f3n que contribuyan al fortalecimiento institucional y a la resiliencia del pa\u00eds.<\/p>\n<p style=\"text-align: justify;\">Con estas acciones el MAGA reafirma su compromiso con la gesti\u00f3n integral del riesgo agropecuario, fortaleciendo la articulaci\u00f3n t\u00e9cnica y la preparaci\u00f3n institucional para una respuesta oportuna y efectiva, ante las amenazas que impactan la producci\u00f3n y la seguridad alimentaria en el pa\u00eds (EJ\/ea).<\/p>\n","protected":false},"excerpt":{"rendered":"<p>En seguimiento al proceso nacional de actualizaci\u00f3n y socializaci\u00f3n del Plan Institucional de Respuesta (PIR), del Ministerio de Agricultura, Ganader\u00eda y Alimentaci\u00f3n (MAGA), este jueves 13 de noviembre, se desarrollaron talleres simult\u00e1neos en los departamentos de Alta Verapaz y Guatemala. El proceso, coordinado por la Direcci\u00f3n de Informaci\u00f3n Geogr\u00e1fica, Estrat\u00e9gica y Gesti\u00f3n de Riesgos (DIGEGR), [&hellip;]<\/p>\n","protected":false},"author":2,"featured_media":3223,"comment_status":"closed","ping_status":"closed","sticky":false,"template":"","format":"standard","meta":{"footnotes":""},"categories":[3],"tags":[],"class_list":["post-3222","post","type-post","status-publish","format-standard","has-post-thumbnail","hentry","category-principal"],"_links":{"self":[{"href":"https:\/\/www.maga.gob.gt\/sitios\/visar\/wp-json\/wp\/v2\/posts\/3222","targetHints":{"allow":["GET"]}}],"collection":[{"href":"https:\/\/www.maga.gob.gt\/sitios\/visar\/wp-json\/wp\/v2\/posts"}],"about":[{"href":"https:\/\/www.maga.gob.gt\/sitios\/visar\/wp-json\/wp\/v2\/types\/post"}],"author":[{"embeddable":true,"href":"https:\/\/www.maga.gob.gt\/sitios\/visar\/wp-json\/wp\/v2\/users\/2"}],"replies":[{"embeddable":true,"href":"https:\/\/www.maga.gob.gt\/sitios\/visar\/wp-json\/wp\/v2\/comments?post=3222"}],"version-history":[{"count":1,"href":"https:\/\/www.maga.gob.gt\/sitios\/visar\/wp-json\/wp\/v2\/posts\/3222\/revisions"}],"predecessor-version":[{"id":3224,"href":"https:\/\/www.maga.gob.gt\/sitios\/visar\/wp-json\/wp\/v2\/posts\/3222\/revisions\/3224"}],"wp:featuredmedia":[{"embeddable":true,"href":"https:\/\/www.maga.gob.gt\/sitios\/visar\/wp-json\/wp\/v2\/media\/3223"}],"wp:attachment":[{"href":"https:\/\/www.maga.gob.gt\/sitios\/visar\/wp-json\/wp\/v2\/media?parent=3222"}],"wp:term":[{"taxonomy":"category","embeddable":true,"href":"https:\/\/www.maga.gob.gt\/sitios\/visar\/wp-json\/wp\/v2\/categories?post=3222"},{"taxonomy":"post_tag","embeddable":true,"href":"https:\/\/www.maga.gob.gt\/sitios\/visar\/wp-json\/wp\/v2\/tags?post=3222"}],"curies":[{"name":"wp","href":"https:\/\/api.w.org\/{rel}","templated":true}]}}