{"id":3209,"date":"2025-11-10T15:00:23","date_gmt":"2025-11-10T14:00:23","guid":{"rendered":"https:\/\/www.maga.gob.gt\/sitios\/visar\/?p=3209"},"modified":"2025-11-11T22:00:57","modified_gmt":"2025-11-11T21:00:57","slug":"jornada-movil-de-atencion-acerca-servicios-del-maga-a-productores-de-gualan","status":"publish","type":"post","link":"https:\/\/www.maga.gob.gt\/sitios\/visar\/2025\/11\/10\/jornada-movil-de-atencion-acerca-servicios-del-maga-a-productores-de-gualan\/","title":{"rendered":"Jornada M\u00f3vil de Atenci\u00f3n acerca servicios del MAGA a productores de Gual\u00e1n"},"content":{"rendered":"<p style=\"text-align: justify;\">El Ministerio de Agricultura, Ganader\u00eda y Alimentaci\u00f3n (MAGA), por medio del Viceministerio de Sanidad Agropecuaria y Regulaciones (VISAR), realiz\u00f3 una Jornada M\u00f3vil de Servicios Integrados en el sal\u00f3n social municipal de Gual\u00e1n, Zacapa, con el prop\u00f3sito de fortalecer el conocimiento del sector productivo acerca de los programas y servicios que ofrece la instituci\u00f3n.<\/p>\n<p style=\"text-align: justify;\">Durante la actividad, productores, ganaderos y transportistas recibieron orientaci\u00f3n acerca de los servicios de la Direcci\u00f3n de Sanidad Animal (DSA) y del Departamento de Vigilancia Epidemiol\u00f3gica y An\u00e1lisis de Riesgo. Los especialistas brindaron asesor\u00eda relativa a enfermedades end\u00e9micas y de notificaci\u00f3n obligatoria, adem\u00e1s de entregar material informativo con los requisitos para el transporte y manejo de productos porcinos.<\/p>\n<p style=\"text-align: justify;\">La jornada cont\u00f3 con la participaci\u00f3n de Lesbia Calder\u00f3n Aguirre, Marco Vinicio de Paz Ord\u00f3\u00f1ez y Gudiel Guzm\u00e1n Cord\u00f3n, epidemi\u00f3logos de Sanidad Animal de Zacapa, quienes atendieron las consultas de los asistentes y resolvieron dudas sobre temas de sanidad agropecuaria.<\/p>\n<p style=\"text-align: justify;\">Con estas acciones, el MAGA reafirma su compromiso de acercar sus servicios t\u00e9cnicos y de sanidad agropecuaria a las comunidades rurales, impulsando el desarrollo productivo y la prevenci\u00f3n de enfermedades animales (EJ\/ea).<\/p>\n<p style=\"text-align: justify;\"><img loading=\"lazy\" decoding=\"async\" class=\"alignnone size-full wp-image-649423\" src=\"https:\/\/www.maga.gob.gt\/wp-content\/uploads\/2025\/11\/Jornada-Movil-de-Atencion-acerca-servicios-del-MAGA2.jpeg\" sizes=\"auto, (max-width: 1280px) 100vw, 1280px\" srcset=\"https:\/\/www.maga.gob.gt\/wp-content\/uploads\/2025\/11\/Jornada-Movil-de-Atencion-acerca-servicios-del-MAGA2.jpeg 1280w, https:\/\/www.maga.gob.gt\/wp-content\/uploads\/2025\/11\/Jornada-Movil-de-Atencion-acerca-servicios-del-MAGA2-300x151.jpeg 300w, https:\/\/www.maga.gob.gt\/wp-content\/uploads\/2025\/11\/Jornada-Movil-de-Atencion-acerca-servicios-del-MAGA2-1024x517.jpeg 1024w, https:\/\/www.maga.gob.gt\/wp-content\/uploads\/2025\/11\/Jornada-Movil-de-Atencion-acerca-servicios-del-MAGA2-768x388.jpeg 768w, https:\/\/www.maga.gob.gt\/wp-content\/uploads\/2025\/11\/Jornada-Movil-de-Atencion-acerca-servicios-del-MAGA2-500x252.jpeg 500w\" alt=\"\" width=\"1280\" height=\"646\" \/><\/p>\n","protected":false},"excerpt":{"rendered":"<p>El Ministerio de Agricultura, Ganader\u00eda y Alimentaci\u00f3n (MAGA), por medio del Viceministerio de Sanidad Agropecuaria y Regulaciones (VISAR), realiz\u00f3 una Jornada M\u00f3vil de Servicios Integrados en el sal\u00f3n social municipal de Gual\u00e1n, Zacapa, con el prop\u00f3sito de fortalecer el conocimiento del sector productivo acerca de los programas y servicios que ofrece la instituci\u00f3n. Durante la [&hellip;]<\/p>\n","protected":false},"author":2,"featured_media":3210,"comment_status":"closed","ping_status":"closed","sticky":false,"template":"","format":"standard","meta":{"footnotes":""},"categories":[3],"tags":[],"class_list":["post-3209","post","type-post","status-publish","format-standard","has-post-thumbnail","hentry","category-principal"],"_links":{"self":[{"href":"https:\/\/www.maga.gob.gt\/sitios\/visar\/wp-json\/wp\/v2\/posts\/3209","targetHints":{"allow":["GET"]}}],"collection":[{"href":"https:\/\/www.maga.gob.gt\/sitios\/visar\/wp-json\/wp\/v2\/posts"}],"about":[{"href":"https:\/\/www.maga.gob.gt\/sitios\/visar\/wp-json\/wp\/v2\/types\/post"}],"author":[{"embeddable":true,"href":"https:\/\/www.maga.gob.gt\/sitios\/visar\/wp-json\/wp\/v2\/users\/2"}],"replies":[{"embeddable":true,"href":"https:\/\/www.maga.gob.gt\/sitios\/visar\/wp-json\/wp\/v2\/comments?post=3209"}],"version-history":[{"count":1,"href":"https:\/\/www.maga.gob.gt\/sitios\/visar\/wp-json\/wp\/v2\/posts\/3209\/revisions"}],"predecessor-version":[{"id":3211,"href":"https:\/\/www.maga.gob.gt\/sitios\/visar\/wp-json\/wp\/v2\/posts\/3209\/revisions\/3211"}],"wp:featuredmedia":[{"embeddable":true,"href":"https:\/\/www.maga.gob.gt\/sitios\/visar\/wp-json\/wp\/v2\/media\/3210"}],"wp:attachment":[{"href":"https:\/\/www.maga.gob.gt\/sitios\/visar\/wp-json\/wp\/v2\/media?parent=3209"}],"wp:term":[{"taxonomy":"category","embeddable":true,"href":"https:\/\/www.maga.gob.gt\/sitios\/visar\/wp-json\/wp\/v2\/categories?post=3209"},{"taxonomy":"post_tag","embeddable":true,"href":"https:\/\/www.maga.gob.gt\/sitios\/visar\/wp-json\/wp\/v2\/tags?post=3209"}],"curies":[{"name":"wp","href":"https:\/\/api.w.org\/{rel}","templated":true}]}}