{"id":3189,"date":"2025-11-07T16:16:05","date_gmt":"2025-11-07T15:16:05","guid":{"rendered":"https:\/\/www.maga.gob.gt\/sitios\/visar\/?p=3189"},"modified":"2025-11-07T17:10:44","modified_gmt":"2025-11-07T16:10:44","slug":"agricultura-moderna-es-impulsada-en-3er-congreso-interuniversitario-de-biotecnologia","status":"publish","type":"post","link":"https:\/\/www.maga.gob.gt\/sitios\/visar\/2025\/11\/07\/agricultura-moderna-es-impulsada-en-3er-congreso-interuniversitario-de-biotecnologia\/","title":{"rendered":"Agricultura moderna es impulsada en 3er Congreso Interuniversitario de Biotecnolog\u00eda"},"content":{"rendered":"<p style=\"text-align: justify;\">En pro de la seguridad alimentaria, la productividad agr\u00edcola y la sostenibilidad ambiental de la poblaci\u00f3n, el Ministerio de Agricultura, Ganader\u00eda y Alimentaci\u00f3n (MAGA) particip\u00f3 en la inauguraci\u00f3n del III Congreso Interuniversitario de Biotecnolog\u00eda.<\/p>\n<p style=\"text-align: justify;\">Mayra Motta, viceministra de Sanidad Agropecuaria y Regulaciones (VISAR) del MAGA, destac\u00f3 en su discurso que este evento representa una oportunidad invaluable para fortalecer la formaci\u00f3n acad\u00e9mica, la investigaci\u00f3n y la aplicaci\u00f3n pr\u00e1ctica de la biotecnolog\u00eda moderna en los distintos sectores productivos del pa\u00eds.<\/p>\n<p style=\"text-align: justify;\"><img loading=\"lazy\" decoding=\"async\" class=\"alignnone size-full wp-image-649264\" src=\"https:\/\/www.maga.gob.gt\/wp-content\/uploads\/2025\/11\/III-Congreso-Interuniversitario-de-Biotecnologia-impulsa-agricultura-moderna-7.jpeg\" sizes=\"auto, (max-width: 1280px) 100vw, 1280px\" srcset=\"https:\/\/www.maga.gob.gt\/wp-content\/uploads\/2025\/11\/III-Congreso-Interuniversitario-de-Biotecnologia-impulsa-agricultura-moderna-7.jpeg 1280w, https:\/\/www.maga.gob.gt\/wp-content\/uploads\/2025\/11\/III-Congreso-Interuniversitario-de-Biotecnologia-impulsa-agricultura-moderna-7-300x200.jpeg 300w, https:\/\/www.maga.gob.gt\/wp-content\/uploads\/2025\/11\/III-Congreso-Interuniversitario-de-Biotecnologia-impulsa-agricultura-moderna-7-1024x682.jpeg 1024w, https:\/\/www.maga.gob.gt\/wp-content\/uploads\/2025\/11\/III-Congreso-Interuniversitario-de-Biotecnologia-impulsa-agricultura-moderna-7-768x512.jpeg 768w, https:\/\/www.maga.gob.gt\/wp-content\/uploads\/2025\/11\/III-Congreso-Interuniversitario-de-Biotecnologia-impulsa-agricultura-moderna-7-500x333.jpeg 500w\" alt=\"\" width=\"1280\" height=\"853\" \/><\/p>\n<p style=\"text-align: justify;\">Por medio de ella, el MAGA busca mejorar la productividad y la resiliencia de los cultivos frente al cambio clim\u00e1tico y contribuir a una mejor nutrici\u00f3n y seguridad alimentaria. El Congreso cont\u00f3 con la colaboraci\u00f3n de la Secretar\u00eda Nacional de Ciencia y Tecnolog\u00eda (SENACYT) y la Asociaci\u00f3n Guatemalteca de Biotecnolog\u00eda (AGBIO).<\/p>\n<p style=\"text-align: justify;\"><img loading=\"lazy\" decoding=\"async\" class=\"alignnone size-full wp-image-649259\" src=\"https:\/\/www.maga.gob.gt\/wp-content\/uploads\/2025\/11\/III-Congreso-Interuniversitario-de-Biotecnologia-impulsa-agricultura-moderna-2.jpeg\" sizes=\"auto, (max-width: 1280px) 100vw, 1280px\" srcset=\"https:\/\/www.maga.gob.gt\/wp-content\/uploads\/2025\/11\/III-Congreso-Interuniversitario-de-Biotecnologia-impulsa-agricultura-moderna-2.jpeg 1280w, https:\/\/www.maga.gob.gt\/wp-content\/uploads\/2025\/11\/III-Congreso-Interuniversitario-de-Biotecnologia-impulsa-agricultura-moderna-2-300x200.jpeg 300w, https:\/\/www.maga.gob.gt\/wp-content\/uploads\/2025\/11\/III-Congreso-Interuniversitario-de-Biotecnologia-impulsa-agricultura-moderna-2-1024x683.jpeg 1024w, https:\/\/www.maga.gob.gt\/wp-content\/uploads\/2025\/11\/III-Congreso-Interuniversitario-de-Biotecnologia-impulsa-agricultura-moderna-2-768x512.jpeg 768w, https:\/\/www.maga.gob.gt\/wp-content\/uploads\/2025\/11\/III-Congreso-Interuniversitario-de-Biotecnologia-impulsa-agricultura-moderna-2-500x334.jpeg 500w\" alt=\"\" width=\"1280\" height=\"854\" \/><\/p>\n<p style=\"text-align: justify;\">Entre los temas expuestos destacan la Exploraci\u00f3n de la Diversidad Gen\u00e9tica de Coffea arabica en Guatemala, Cultivo in Vitro y conservaci\u00f3n de germoplasma, as\u00ed como el estudio del Microbioma de Suelos. En el evento, los representantes del MAGA reafirmaron su compromiso de impulsar, divulgar, vigilar y verificar el manejo seguro de las t\u00e9cnicas modernas.<\/p>\n<p style=\"text-align: justify;\"><img loading=\"lazy\" decoding=\"async\" class=\"alignnone size-full wp-image-649262\" src=\"https:\/\/www.maga.gob.gt\/wp-content\/uploads\/2025\/11\/III-Congreso-Interuniversitario-de-Biotecnologia-impulsa-agricultura-moderna-5.jpeg\" sizes=\"auto, (max-width: 1280px) 100vw, 1280px\" srcset=\"https:\/\/www.maga.gob.gt\/wp-content\/uploads\/2025\/11\/III-Congreso-Interuniversitario-de-Biotecnologia-impulsa-agricultura-moderna-5.jpeg 1280w, https:\/\/www.maga.gob.gt\/wp-content\/uploads\/2025\/11\/III-Congreso-Interuniversitario-de-Biotecnologia-impulsa-agricultura-moderna-5-300x200.jpeg 300w, https:\/\/www.maga.gob.gt\/wp-content\/uploads\/2025\/11\/III-Congreso-Interuniversitario-de-Biotecnologia-impulsa-agricultura-moderna-5-1024x682.jpeg 1024w, https:\/\/www.maga.gob.gt\/wp-content\/uploads\/2025\/11\/III-Congreso-Interuniversitario-de-Biotecnologia-impulsa-agricultura-moderna-5-768x512.jpeg 768w, https:\/\/www.maga.gob.gt\/wp-content\/uploads\/2025\/11\/III-Congreso-Interuniversitario-de-Biotecnologia-impulsa-agricultura-moderna-5-500x333.jpeg 500w\" alt=\"\" width=\"1280\" height=\"853\" \/><\/p>\n<p style=\"text-align: justify;\">La viceministra Motta asegur\u00f3 que el trabajo de los cient\u00edficos y profesionales participantes, es la base para que el pa\u00eds avance hacia una agricultura moderna, sostenible y sustentada en la ciencia y la tecnolog\u00eda. Ello tiene un impacto beneficioso en la poblaci\u00f3n, en el patrimonio ecol\u00f3gico y el de las futuras generaciones.<\/p>\n<p style=\"text-align: justify;\">El Congreso tambi\u00e9n incluye sesiones t\u00e9cnicas relativas a la aplicaci\u00f3n de la biotecnolog\u00eda en la producci\u00f3n de biofertilizantes y el control de calidad de medicamentos, lo que demuestra su potencial para mejorar la calidad de vida de los guatemaltecos (JY\/ea).<\/p>\n<p style=\"text-align: justify;\"><img loading=\"lazy\" decoding=\"async\" class=\"alignnone size-full wp-image-649263\" src=\"https:\/\/www.maga.gob.gt\/wp-content\/uploads\/2025\/11\/III-Congreso-Interuniversitario-de-Biotecnologia-impulsa-agricultura-moderna-6.jpeg\" sizes=\"auto, (max-width: 1280px) 100vw, 1280px\" srcset=\"https:\/\/www.maga.gob.gt\/wp-content\/uploads\/2025\/11\/III-Congreso-Interuniversitario-de-Biotecnologia-impulsa-agricultura-moderna-6.jpeg 1280w, https:\/\/www.maga.gob.gt\/wp-content\/uploads\/2025\/11\/III-Congreso-Interuniversitario-de-Biotecnologia-impulsa-agricultura-moderna-6-300x200.jpeg 300w, https:\/\/www.maga.gob.gt\/wp-content\/uploads\/2025\/11\/III-Congreso-Interuniversitario-de-Biotecnologia-impulsa-agricultura-moderna-6-1024x682.jpeg 1024w, https:\/\/www.maga.gob.gt\/wp-content\/uploads\/2025\/11\/III-Congreso-Interuniversitario-de-Biotecnologia-impulsa-agricultura-moderna-6-768x512.jpeg 768w, https:\/\/www.maga.gob.gt\/wp-content\/uploads\/2025\/11\/III-Congreso-Interuniversitario-de-Biotecnologia-impulsa-agricultura-moderna-6-500x333.jpeg 500w\" alt=\"\" width=\"1280\" height=\"853\" \/><img loading=\"lazy\" decoding=\"async\" class=\"alignnone size-full wp-image-649261\" src=\"https:\/\/www.maga.gob.gt\/wp-content\/uploads\/2025\/11\/III-Congreso-Interuniversitario-de-Biotecnologia-impulsa-agricultura-moderna-4.jpeg\" sizes=\"auto, (max-width: 1269px) 100vw, 1269px\" srcset=\"https:\/\/www.maga.gob.gt\/wp-content\/uploads\/2025\/11\/III-Congreso-Interuniversitario-de-Biotecnologia-impulsa-agricultura-moderna-4.jpeg 1269w, https:\/\/www.maga.gob.gt\/wp-content\/uploads\/2025\/11\/III-Congreso-Interuniversitario-de-Biotecnologia-impulsa-agricultura-moderna-4-300x200.jpeg 300w, https:\/\/www.maga.gob.gt\/wp-content\/uploads\/2025\/11\/III-Congreso-Interuniversitario-de-Biotecnologia-impulsa-agricultura-moderna-4-1024x683.jpeg 1024w, https:\/\/www.maga.gob.gt\/wp-content\/uploads\/2025\/11\/III-Congreso-Interuniversitario-de-Biotecnologia-impulsa-agricultura-moderna-4-768x513.jpeg 768w, https:\/\/www.maga.gob.gt\/wp-content\/uploads\/2025\/11\/III-Congreso-Interuniversitario-de-Biotecnologia-impulsa-agricultura-moderna-4-500x334.jpeg 500w\" alt=\"\" width=\"1269\" height=\"847\" \/><img loading=\"lazy\" decoding=\"async\" class=\"alignnone size-full wp-image-649260\" src=\"https:\/\/www.maga.gob.gt\/wp-content\/uploads\/2025\/11\/III-Congreso-Interuniversitario-de-Biotecnologia-impulsa-agricultura-moderna-3.jpeg\" sizes=\"auto, (max-width: 1280px) 100vw, 1280px\" srcset=\"https:\/\/www.maga.gob.gt\/wp-content\/uploads\/2025\/11\/III-Congreso-Interuniversitario-de-Biotecnologia-impulsa-agricultura-moderna-3.jpeg 1280w, https:\/\/www.maga.gob.gt\/wp-content\/uploads\/2025\/11\/III-Congreso-Interuniversitario-de-Biotecnologia-impulsa-agricultura-moderna-3-300x200.jpeg 300w, https:\/\/www.maga.gob.gt\/wp-content\/uploads\/2025\/11\/III-Congreso-Interuniversitario-de-Biotecnologia-impulsa-agricultura-moderna-3-1024x682.jpeg 1024w, https:\/\/www.maga.gob.gt\/wp-content\/uploads\/2025\/11\/III-Congreso-Interuniversitario-de-Biotecnologia-impulsa-agricultura-moderna-3-768x512.jpeg 768w, https:\/\/www.maga.gob.gt\/wp-content\/uploads\/2025\/11\/III-Congreso-Interuniversitario-de-Biotecnologia-impulsa-agricultura-moderna-3-500x333.jpeg 500w\" alt=\"\" width=\"1280\" height=\"853\" \/><\/p>\n","protected":false},"excerpt":{"rendered":"<p>En pro de la seguridad alimentaria, la productividad agr\u00edcola y la sostenibilidad ambiental de la poblaci\u00f3n, el Ministerio de Agricultura, Ganader\u00eda y Alimentaci\u00f3n (MAGA) particip\u00f3 en la inauguraci\u00f3n del III Congreso Interuniversitario de Biotecnolog\u00eda. Mayra Motta, viceministra de Sanidad Agropecuaria y Regulaciones (VISAR) del MAGA, destac\u00f3 en su discurso que este evento representa una oportunidad [&hellip;]<\/p>\n","protected":false},"author":2,"featured_media":3190,"comment_status":"closed","ping_status":"closed","sticky":false,"template":"","format":"standard","meta":{"footnotes":""},"categories":[3],"tags":[],"class_list":["post-3189","post","type-post","status-publish","format-standard","has-post-thumbnail","hentry","category-principal"],"_links":{"self":[{"href":"https:\/\/www.maga.gob.gt\/sitios\/visar\/wp-json\/wp\/v2\/posts\/3189","targetHints":{"allow":["GET"]}}],"collection":[{"href":"https:\/\/www.maga.gob.gt\/sitios\/visar\/wp-json\/wp\/v2\/posts"}],"about":[{"href":"https:\/\/www.maga.gob.gt\/sitios\/visar\/wp-json\/wp\/v2\/types\/post"}],"author":[{"embeddable":true,"href":"https:\/\/www.maga.gob.gt\/sitios\/visar\/wp-json\/wp\/v2\/users\/2"}],"replies":[{"embeddable":true,"href":"https:\/\/www.maga.gob.gt\/sitios\/visar\/wp-json\/wp\/v2\/comments?post=3189"}],"version-history":[{"count":2,"href":"https:\/\/www.maga.gob.gt\/sitios\/visar\/wp-json\/wp\/v2\/posts\/3189\/revisions"}],"predecessor-version":[{"id":3192,"href":"https:\/\/www.maga.gob.gt\/sitios\/visar\/wp-json\/wp\/v2\/posts\/3189\/revisions\/3192"}],"wp:featuredmedia":[{"embeddable":true,"href":"https:\/\/www.maga.gob.gt\/sitios\/visar\/wp-json\/wp\/v2\/media\/3190"}],"wp:attachment":[{"href":"https:\/\/www.maga.gob.gt\/sitios\/visar\/wp-json\/wp\/v2\/media?parent=3189"}],"wp:term":[{"taxonomy":"category","embeddable":true,"href":"https:\/\/www.maga.gob.gt\/sitios\/visar\/wp-json\/wp\/v2\/categories?post=3189"},{"taxonomy":"post_tag","embeddable":true,"href":"https:\/\/www.maga.gob.gt\/sitios\/visar\/wp-json\/wp\/v2\/tags?post=3189"}],"curies":[{"name":"wp","href":"https:\/\/api.w.org\/{rel}","templated":true}]}}