{"id":3508,"date":"2026-04-29T12:57:55","date_gmt":"2026-04-29T18:57:55","guid":{"rendered":"https:\/\/www.maga.gob.gt\/sitios\/visan\/?p=3508"},"modified":"2026-04-29T12:57:55","modified_gmt":"2026-04-29T18:57:55","slug":"un-ano-sembrando-futuro-mujeres-transforman-huerto-en-motor-del-desarrollo-local","status":"publish","type":"post","link":"https:\/\/www.maga.gob.gt\/sitios\/visan\/un-ano-sembrando-futuro-mujeres-transforman-huerto-en-motor-del-desarrollo-local\/","title":{"rendered":"Un a\u00f1o sembrando futuro: mujeres transforman huerto en motor del desarrollo local"},"content":{"rendered":"<p style=\"text-align: justify;\">El huerto comunal San Jos\u00e9 Obrero, ubicado en el municipio de Esquipulas, Chiquimula, celebr\u00f3 el 25 de abril de 2026 su primer aniversario, consolid\u00e1ndose como un espacio de producci\u00f3n, aprendizaje y organizaci\u00f3n comunitaria impulsado por mujeres.<\/p>\n<p style=\"text-align: justify;\">Este proyecto naci\u00f3 en 2025 como una iniciativa colectiva liderada por mujeres de la comunidad. Ellas asumieron el compromiso de transformar un terreno en una fuente de alimento y oportunidades. Desde entonces, el trabajo constante en la siembra, el riego y la cosecha ha fortalecido la organizaci\u00f3n local y el aprendizaje pr\u00e1ctico.<\/p>\n<p style=\"text-align: justify;\">A lo largo de este primer a\u00f1o, el huerto ha evolucionado m\u00e1s all\u00e1 de la producci\u00f3n b\u00e1sica. Con el acompa\u00f1amiento t\u00e9cnico del Ministerio de Agricultura, Ganader\u00eda y Alimentaci\u00f3n (MAGA), las participantes fortalecieron sus capacidades en el sembrado de hortalizas, especialmente en la elaboraci\u00f3n de pilones, aprendiendo desde la preparaci\u00f3n del sustrato hasta el manejo adecuado de los cultivos.<\/p>\n<p style=\"text-align: justify;\"><img loading=\"lazy\" decoding=\"async\" class=\"alignnone size-full wp-image-659666\" src=\"https:\/\/www.maga.gob.gt\/wp-content\/uploads\/2026\/04\/Un-ano-sembrando-futuro2.jpeg\" sizes=\"(max-width: 1152px) 100vw, 1152px\" srcset=\"https:\/\/www.maga.gob.gt\/wp-content\/uploads\/2026\/04\/Un-ano-sembrando-futuro2.jpeg 1152w, https:\/\/www.maga.gob.gt\/wp-content\/uploads\/2026\/04\/Un-ano-sembrando-futuro2-300x171.jpeg 300w, https:\/\/www.maga.gob.gt\/wp-content\/uploads\/2026\/04\/Un-ano-sembrando-futuro2-1024x582.jpeg 1024w, https:\/\/www.maga.gob.gt\/wp-content\/uploads\/2026\/04\/Un-ano-sembrando-futuro2-768x437.jpeg 768w, https:\/\/www.maga.gob.gt\/wp-content\/uploads\/2026\/04\/Un-ano-sembrando-futuro2-500x284.jpeg 500w\" alt=\"\" width=\"1152\" height=\"655\" \/><\/p>\n<p style=\"text-align: justify;\">El espacio tambi\u00e9n se ha diversificado con la implementaci\u00f3n de distintas \u00e1reas productivas y formativas. Actualmente cuenta con un \u00e1rea de gallinero, huerto escolar con fines pedag\u00f3gicos, parcelas de hortalizas, plantas medicinales, \u00e1rboles frutales y aboneras, lo que permite una producci\u00f3n variada y el aprovechamiento sostenible de los recursos.<\/p>\n<p style=\"text-align: justify;\">Este desarrollo ha tenido un impacto directo en la econom\u00eda local. Las participantes han logrado comercializar productos como lechuga, cilantro, repollo, apio y chile, generando ingresos que contribuyen al sustento de sus hogares y fortalecen su autonom\u00eda y liderazgo dentro de la comunidad.<\/p>\n<p style=\"text-align: justify;\">Un elemento clave en este proceso ha sido la implementaci\u00f3n de la estrategia AGROVIDA, que integra la producci\u00f3n de alimentos con el ahorro comunitario y el acceso a mecanismos solidarios de cr\u00e9dito. Este enfoque ha permitido que el huerto avance hacia la autosostenibilidad y consolide su base organizativa.<\/p>\n<p style=\"text-align: justify;\">A un a\u00f1o de su creaci\u00f3n, el huerto comunal San Jos\u00e9 Obrero se posiciona como un ejemplo de c\u00f3mo la agricultura familiar, impulsada por mujeres organizadas, puede fortalecer la seguridad alimentaria, dinamizar la econom\u00eda local y generar oportunidades sostenibles en las comunidades rurales (VA\/ea).<\/p>\n<p style=\"text-align: justify;\"><img loading=\"lazy\" decoding=\"async\" class=\"alignnone size-full wp-image-659667\" src=\"https:\/\/www.maga.gob.gt\/wp-content\/uploads\/2026\/04\/Un-ano-sembrando-futuro3.jpeg\" sizes=\"(max-width: 1152px) 100vw, 1152px\" srcset=\"https:\/\/www.maga.gob.gt\/wp-content\/uploads\/2026\/04\/Un-ano-sembrando-futuro3.jpeg 1152w, https:\/\/www.maga.gob.gt\/wp-content\/uploads\/2026\/04\/Un-ano-sembrando-futuro3-300x188.jpeg 300w, https:\/\/www.maga.gob.gt\/wp-content\/uploads\/2026\/04\/Un-ano-sembrando-futuro3-1024x640.jpeg 1024w, https:\/\/www.maga.gob.gt\/wp-content\/uploads\/2026\/04\/Un-ano-sembrando-futuro3-768x480.jpeg 768w, https:\/\/www.maga.gob.gt\/wp-content\/uploads\/2026\/04\/Un-ano-sembrando-futuro3-500x313.jpeg 500w\" alt=\"\" width=\"1152\" height=\"720\" \/><\/p>\n","protected":false},"excerpt":{"rendered":"<p>El huerto comunal San Jos\u00e9 Obrero, ubicado en el municipio de Esquipulas, Chiquimula, celebr\u00f3 el 25 de abril de 2026 su primer aniversario, consolid\u00e1ndose como un espacio de producci\u00f3n, aprendizaje y organizaci\u00f3n comunitaria impulsado por mujeres. Este proyecto naci\u00f3 en 2025 como una iniciativa colectiva liderada por mujeres de la comunidad. Ellas asumieron el compromiso [&hellip;]<\/p>\n","protected":false},"author":2,"featured_media":3509,"comment_status":"closed","ping_status":"closed","sticky":false,"template":"","format":"standard","meta":{"footnotes":""},"categories":[2],"tags":[],"class_list":["post-3508","post","type-post","status-publish","format-standard","has-post-thumbnail","hentry","category-feature"],"aioseo_notices":[],"_links":{"self":[{"href":"https:\/\/www.maga.gob.gt\/sitios\/visan\/wp-json\/wp\/v2\/posts\/3508"}],"collection":[{"href":"https:\/\/www.maga.gob.gt\/sitios\/visan\/wp-json\/wp\/v2\/posts"}],"about":[{"href":"https:\/\/www.maga.gob.gt\/sitios\/visan\/wp-json\/wp\/v2\/types\/post"}],"author":[{"embeddable":true,"href":"https:\/\/www.maga.gob.gt\/sitios\/visan\/wp-json\/wp\/v2\/users\/2"}],"replies":[{"embeddable":true,"href":"https:\/\/www.maga.gob.gt\/sitios\/visan\/wp-json\/wp\/v2\/comments?post=3508"}],"version-history":[{"count":1,"href":"https:\/\/www.maga.gob.gt\/sitios\/visan\/wp-json\/wp\/v2\/posts\/3508\/revisions"}],"predecessor-version":[{"id":3510,"href":"https:\/\/www.maga.gob.gt\/sitios\/visan\/wp-json\/wp\/v2\/posts\/3508\/revisions\/3510"}],"wp:featuredmedia":[{"embeddable":true,"href":"https:\/\/www.maga.gob.gt\/sitios\/visan\/wp-json\/wp\/v2\/media\/3509"}],"wp:attachment":[{"href":"https:\/\/www.maga.gob.gt\/sitios\/visan\/wp-json\/wp\/v2\/media?parent=3508"}],"wp:term":[{"taxonomy":"category","embeddable":true,"href":"https:\/\/www.maga.gob.gt\/sitios\/visan\/wp-json\/wp\/v2\/categories?post=3508"},{"taxonomy":"post_tag","embeddable":true,"href":"https:\/\/www.maga.gob.gt\/sitios\/visan\/wp-json\/wp\/v2\/tags?post=3508"}],"curies":[{"name":"wp","href":"https:\/\/api.w.org\/{rel}","templated":true}]}}