{"id":3505,"date":"2026-04-28T16:08:32","date_gmt":"2026-04-28T22:08:32","guid":{"rendered":"https:\/\/www.maga.gob.gt\/sitios\/visan\/?p=3505"},"modified":"2026-04-28T16:08:32","modified_gmt":"2026-04-28T22:08:32","slug":"mesas-agroclimaticas-inician-trabajo-a-nivel-nacional","status":"publish","type":"post","link":"https:\/\/www.maga.gob.gt\/sitios\/visan\/mesas-agroclimaticas-inician-trabajo-a-nivel-nacional\/","title":{"rendered":"Mesas Agroclim\u00e1ticas inician trabajo a nivel nacional"},"content":{"rendered":"<p style=\"text-align: justify;\">La primera temporada de las Mesas T\u00e9cnicas Agroclim\u00e1ticas (MTA), un esfuerzo interinstitucional para acercar informaci\u00f3n clim\u00e1tica y recomendaciones pr\u00e1cticas a productores en todo el pa\u00eds, se desarrolla del 27 de abril al 8 de mayo de 2026, coordinada por el Ministerio de Agricultura, Ganader\u00eda y Alimentaci\u00f3n (MAGA).<\/p>\n<p style=\"text-align: justify;\">Esta es una acci\u00f3n que tiene el objetivo de fortalecer la toma de decisiones en el sector agropecuario. Las MTA son espacios de di\u00e1logo donde se analiza informaci\u00f3n clim\u00e1tica y se generan orientaciones t\u00e9cnicas oportunas para los productores.<\/p>\n<p style=\"text-align: justify;\"><img loading=\"lazy\" decoding=\"async\" class=\"alignnone size-full wp-image-659628\" src=\"https:\/\/www.maga.gob.gt\/wp-content\/uploads\/2026\/04\/temporada-de-mesas-tecnicas2.jpeg\" sizes=\"(max-width: 1152px) 100vw, 1152px\" srcset=\"https:\/\/www.maga.gob.gt\/wp-content\/uploads\/2026\/04\/temporada-de-mesas-tecnicas2.jpeg 1152w, https:\/\/www.maga.gob.gt\/wp-content\/uploads\/2026\/04\/temporada-de-mesas-tecnicas2-300x171.jpeg 300w, https:\/\/www.maga.gob.gt\/wp-content\/uploads\/2026\/04\/temporada-de-mesas-tecnicas2-1024x583.jpeg 1024w, https:\/\/www.maga.gob.gt\/wp-content\/uploads\/2026\/04\/temporada-de-mesas-tecnicas2-768x437.jpeg 768w, https:\/\/www.maga.gob.gt\/wp-content\/uploads\/2026\/04\/temporada-de-mesas-tecnicas2-500x285.jpeg 500w\" alt=\"\" width=\"1152\" height=\"656\" \/><\/p>\n<p style=\"text-align: justify;\">En ellas se re\u00fanen a especialistas en clima, t\u00e9cnicos extensionistas, autoridades locales y actores del sector p\u00fablico y privado, quienes eval\u00faan los escenarios para anticipar riesgos y reducir el impacto de la variabilidad y el cambio clim\u00e1tico en la producci\u00f3n agr\u00edcola, pecuaria e hidrobiol\u00f3gica.<\/p>\n<p style=\"text-align: justify;\"><img loading=\"lazy\" decoding=\"async\" class=\"alignnone size-full wp-image-659629\" src=\"https:\/\/www.maga.gob.gt\/wp-content\/uploads\/2026\/04\/temporada-de-mesas-tecnicas3.jpeg\" sizes=\"(max-width: 1152px) 100vw, 1152px\" srcset=\"https:\/\/www.maga.gob.gt\/wp-content\/uploads\/2026\/04\/temporada-de-mesas-tecnicas3.jpeg 1152w, https:\/\/www.maga.gob.gt\/wp-content\/uploads\/2026\/04\/temporada-de-mesas-tecnicas3-300x178.jpeg 300w, https:\/\/www.maga.gob.gt\/wp-content\/uploads\/2026\/04\/temporada-de-mesas-tecnicas3-1024x608.jpeg 1024w, https:\/\/www.maga.gob.gt\/wp-content\/uploads\/2026\/04\/temporada-de-mesas-tecnicas3-768x456.jpeg 768w, https:\/\/www.maga.gob.gt\/wp-content\/uploads\/2026\/04\/temporada-de-mesas-tecnicas3-500x297.jpeg 500w\" alt=\"\" width=\"1152\" height=\"684\" \/><\/p>\n<p style=\"text-align: justify;\">La primera jornada se realiz\u00f3 el 27 de abril en Zacapa, Totonicap\u00e1n y Escuintla, donde se analiz\u00f3 la perspectiva clim\u00e1tica para los meses de mayo, junio y julio, con base en la informaci\u00f3n del Instituto Nacional de Sismolog\u00eda, Vulcanolog\u00eda, Meteorolog\u00eda e Hidrolog\u00eda (INSIVUMEH).<\/p>\n<p style=\"text-align: justify;\"><img loading=\"lazy\" decoding=\"async\" class=\"alignnone size-full wp-image-659630\" src=\"https:\/\/www.maga.gob.gt\/wp-content\/uploads\/2026\/04\/temporada-de-mesas-tecnicas4.jpeg\" sizes=\"(max-width: 1152px) 100vw, 1152px\" srcset=\"https:\/\/www.maga.gob.gt\/wp-content\/uploads\/2026\/04\/temporada-de-mesas-tecnicas4.jpeg 1152w, https:\/\/www.maga.gob.gt\/wp-content\/uploads\/2026\/04\/temporada-de-mesas-tecnicas4-300x183.jpeg 300w, https:\/\/www.maga.gob.gt\/wp-content\/uploads\/2026\/04\/temporada-de-mesas-tecnicas4-1024x624.jpeg 1024w, https:\/\/www.maga.gob.gt\/wp-content\/uploads\/2026\/04\/temporada-de-mesas-tecnicas4-768x468.jpeg 768w, https:\/\/www.maga.gob.gt\/wp-content\/uploads\/2026\/04\/temporada-de-mesas-tecnicas4-500x305.jpeg 500w\" alt=\"\" width=\"1152\" height=\"702\" \/><\/p>\n<p style=\"text-align: justify;\">El prop\u00f3sito central es traducir los pron\u00f3sticos clim\u00e1ticos en acciones concretas que permitan a los productores prepararse, proteger sus cultivos y fortalecer la resiliencia de sus sistemas productivos.<br \/>\nCalendario de las MTA:<\/p>\n<p style=\"text-align: justify;\">\u2022 28 de abril: Quich\u00e9, Jutiapa y Suroccidente (Suchitep\u00e9quez y Retalhuleu).<br \/>\n\u2022 29 de abril: Quetzaltenango, Chiquimula y Jalapa.<br \/>\n\u2022 30 de abril: San Marcos, Jalapa y Chimaltenango.<br \/>\n\u2022 4 de mayo: Santa Rosa.<br \/>\n\u2022 5 de mayo: Izabal y El Progreso.<br \/>\n\u2022 6 de mayo: Pet\u00e9n y Guatemala.<br \/>\n\u2022 7 de mayo: Alta Verapaz y Sacatep\u00e9quez.<br \/>\n\u2022 8 de mayo: Baja Verapaz y Huehuetenango.<\/p>\n<p style=\"text-align: justify;\">El MAGA, por medio de la Unidad de Cambio Clim\u00e1tico (UCC), la Direcci\u00f3n de Informaci\u00f3n Geogr\u00e1fica, Estrat\u00e9gica y Gesti\u00f3n de Riesgos (DIGEGR) y la Direcci\u00f3n de Coordinaci\u00f3n Regional y Extensi\u00f3n Rural (DICORER), lidera este proceso en coordinaci\u00f3n t\u00e9cnica con el INSIVUMEH (VA\/ea).<\/p>\n<p style=\"text-align: justify;\"><img loading=\"lazy\" decoding=\"async\" class=\"alignnone size-full wp-image-659631\" src=\"https:\/\/www.maga.gob.gt\/wp-content\/uploads\/2026\/04\/temporada-de-mesas-tecnicas5.jpeg\" sizes=\"(max-width: 1152px) 100vw, 1152px\" srcset=\"https:\/\/www.maga.gob.gt\/wp-content\/uploads\/2026\/04\/temporada-de-mesas-tecnicas5.jpeg 1152w, https:\/\/www.maga.gob.gt\/wp-content\/uploads\/2026\/04\/temporada-de-mesas-tecnicas5-300x176.jpeg 300w, https:\/\/www.maga.gob.gt\/wp-content\/uploads\/2026\/04\/temporada-de-mesas-tecnicas5-1024x599.jpeg 1024w, https:\/\/www.maga.gob.gt\/wp-content\/uploads\/2026\/04\/temporada-de-mesas-tecnicas5-768x449.jpeg 768w, https:\/\/www.maga.gob.gt\/wp-content\/uploads\/2026\/04\/temporada-de-mesas-tecnicas5-500x293.jpeg 500w\" alt=\"\" width=\"1152\" height=\"674\" \/><\/p>\n","protected":false},"excerpt":{"rendered":"<p>La primera temporada de las Mesas T\u00e9cnicas Agroclim\u00e1ticas (MTA), un esfuerzo interinstitucional para acercar informaci\u00f3n clim\u00e1tica y recomendaciones pr\u00e1cticas a productores en todo el pa\u00eds, se desarrolla del 27 de abril al 8 de mayo de 2026, coordinada por el Ministerio de Agricultura, Ganader\u00eda y Alimentaci\u00f3n (MAGA). Esta es una acci\u00f3n que tiene el objetivo [&hellip;]<\/p>\n","protected":false},"author":2,"featured_media":3506,"comment_status":"closed","ping_status":"closed","sticky":false,"template":"","format":"standard","meta":{"footnotes":""},"categories":[2],"tags":[],"class_list":["post-3505","post","type-post","status-publish","format-standard","has-post-thumbnail","hentry","category-feature"],"aioseo_notices":[],"_links":{"self":[{"href":"https:\/\/www.maga.gob.gt\/sitios\/visan\/wp-json\/wp\/v2\/posts\/3505"}],"collection":[{"href":"https:\/\/www.maga.gob.gt\/sitios\/visan\/wp-json\/wp\/v2\/posts"}],"about":[{"href":"https:\/\/www.maga.gob.gt\/sitios\/visan\/wp-json\/wp\/v2\/types\/post"}],"author":[{"embeddable":true,"href":"https:\/\/www.maga.gob.gt\/sitios\/visan\/wp-json\/wp\/v2\/users\/2"}],"replies":[{"embeddable":true,"href":"https:\/\/www.maga.gob.gt\/sitios\/visan\/wp-json\/wp\/v2\/comments?post=3505"}],"version-history":[{"count":1,"href":"https:\/\/www.maga.gob.gt\/sitios\/visan\/wp-json\/wp\/v2\/posts\/3505\/revisions"}],"predecessor-version":[{"id":3507,"href":"https:\/\/www.maga.gob.gt\/sitios\/visan\/wp-json\/wp\/v2\/posts\/3505\/revisions\/3507"}],"wp:featuredmedia":[{"embeddable":true,"href":"https:\/\/www.maga.gob.gt\/sitios\/visan\/wp-json\/wp\/v2\/media\/3506"}],"wp:attachment":[{"href":"https:\/\/www.maga.gob.gt\/sitios\/visan\/wp-json\/wp\/v2\/media?parent=3505"}],"wp:term":[{"taxonomy":"category","embeddable":true,"href":"https:\/\/www.maga.gob.gt\/sitios\/visan\/wp-json\/wp\/v2\/categories?post=3505"},{"taxonomy":"post_tag","embeddable":true,"href":"https:\/\/www.maga.gob.gt\/sitios\/visan\/wp-json\/wp\/v2\/tags?post=3505"}],"curies":[{"name":"wp","href":"https:\/\/api.w.org\/{rel}","templated":true}]}}