{"id":3502,"date":"2026-04-22T15:44:35","date_gmt":"2026-04-22T21:44:35","guid":{"rendered":"https:\/\/www.maga.gob.gt\/sitios\/visan\/?p=3502"},"modified":"2026-04-22T15:44:35","modified_gmt":"2026-04-22T21:44:35","slug":"aprender-desde-pequenos-la-siembra-fortalece-la-alimentacion-y-el-futuro","status":"publish","type":"post","link":"https:\/\/www.maga.gob.gt\/sitios\/visan\/aprender-desde-pequenos-la-siembra-fortalece-la-alimentacion-y-el-futuro\/","title":{"rendered":"Aprender desde peque\u00f1os la siembra fortalece la alimentaci\u00f3n y el futuro"},"content":{"rendered":"<p style=\"text-align: justify;\">En la Escuela Oficial de P\u00e1rvulos Matilde Ariza, ubicada en la zona 3 de la ciudad capital, se realiz\u00f3 una capacitaci\u00f3n e implementaci\u00f3n de un huerto escolar pedag\u00f3gico, como parte del convenio entre el Ministerio de Agricultura, Ganader\u00eda y Alimentaci\u00f3n (MAGA) y CARE Guatemala.<\/p>\n<p style=\"text-align: justify;\"><img loading=\"lazy\" decoding=\"async\" class=\"alignnone size-full wp-image-659315\" src=\"https:\/\/www.maga.gob.gt\/wp-content\/uploads\/2026\/04\/Aprender-desde-pequenos-la-siembra-fortalece-la-alimentacion-y-el-futuro2.jpeg\" sizes=\"(max-width: 1152px) 100vw, 1152px\" srcset=\"https:\/\/www.maga.gob.gt\/wp-content\/uploads\/2026\/04\/Aprender-desde-pequenos-la-siembra-fortalece-la-alimentacion-y-el-futuro2.jpeg 1152w, https:\/\/www.maga.gob.gt\/wp-content\/uploads\/2026\/04\/Aprender-desde-pequenos-la-siembra-fortalece-la-alimentacion-y-el-futuro2-300x189.jpeg 300w, https:\/\/www.maga.gob.gt\/wp-content\/uploads\/2026\/04\/Aprender-desde-pequenos-la-siembra-fortalece-la-alimentacion-y-el-futuro2-1024x645.jpeg 1024w, https:\/\/www.maga.gob.gt\/wp-content\/uploads\/2026\/04\/Aprender-desde-pequenos-la-siembra-fortalece-la-alimentacion-y-el-futuro2-768x484.jpeg 768w, https:\/\/www.maga.gob.gt\/wp-content\/uploads\/2026\/04\/Aprender-desde-pequenos-la-siembra-fortalece-la-alimentacion-y-el-futuro2-500x315.jpeg 500w\" alt=\"\" width=\"1152\" height=\"726\" \/><\/p>\n<p style=\"text-align: justify;\">Gracias a esta iniciativa, los estudiantes participan activamente en la siembra y cuidado de cultivos, convirtiendo el aprendizaje en una experiencia pr\u00e1ctica y significativa. Para ellos, el huerto no solo representa un espacio para jugar y aprender, sino tambi\u00e9n una forma de comprender de d\u00f3nde provienen los alimentos y su importancia para el consumo.<\/p>\n<p style=\"text-align: justify;\"><img loading=\"lazy\" decoding=\"async\" class=\"alignnone size-full wp-image-659316\" src=\"https:\/\/www.maga.gob.gt\/wp-content\/uploads\/2026\/04\/Aprender-desde-pequenos-la-siembra-fortalece-la-alimentacion-y-el-futuro3.jpeg\" sizes=\"(max-width: 1152px) 100vw, 1152px\" srcset=\"https:\/\/www.maga.gob.gt\/wp-content\/uploads\/2026\/04\/Aprender-desde-pequenos-la-siembra-fortalece-la-alimentacion-y-el-futuro3.jpeg 1152w, https:\/\/www.maga.gob.gt\/wp-content\/uploads\/2026\/04\/Aprender-desde-pequenos-la-siembra-fortalece-la-alimentacion-y-el-futuro3-300x205.jpeg 300w, https:\/\/www.maga.gob.gt\/wp-content\/uploads\/2026\/04\/Aprender-desde-pequenos-la-siembra-fortalece-la-alimentacion-y-el-futuro3-1024x700.jpeg 1024w, https:\/\/www.maga.gob.gt\/wp-content\/uploads\/2026\/04\/Aprender-desde-pequenos-la-siembra-fortalece-la-alimentacion-y-el-futuro3-768x525.jpeg 768w, https:\/\/www.maga.gob.gt\/wp-content\/uploads\/2026\/04\/Aprender-desde-pequenos-la-siembra-fortalece-la-alimentacion-y-el-futuro3-500x342.jpeg 500w\" alt=\"\" width=\"1152\" height=\"788\" \/><\/p>\n<p style=\"text-align: justify;\">Ense\u00f1ar agricultura desde edades tempranas es fundamental para fomentar h\u00e1bitos saludables, fortalecer el v\u00ednculo con la tierra y formar nuevas generaciones con conciencia sobre la producci\u00f3n de alimentos y la seguridad alimentaria.<\/p>\n<p style=\"text-align: justify;\">La actividad estuvo a cargo del profesional de campo de la Direcci\u00f3n de Apoyo a la Producci\u00f3n Comunitaria de Alimentos (DAPCA), del Viceministerio de Seguridad Alimentaria y Nutricional (VISAN) (VA\/ea).<\/p>\n<p style=\"text-align: justify;\"><img loading=\"lazy\" decoding=\"async\" class=\"alignnone size-full wp-image-659317\" src=\"https:\/\/www.maga.gob.gt\/wp-content\/uploads\/2026\/04\/Aprender-desde-pequenos-la-siembra-fortalece-la-alimentacion-y-el-futuro4.jpeg\" sizes=\"(max-width: 1152px) 100vw, 1152px\" srcset=\"https:\/\/www.maga.gob.gt\/wp-content\/uploads\/2026\/04\/Aprender-desde-pequenos-la-siembra-fortalece-la-alimentacion-y-el-futuro4.jpeg 1152w, https:\/\/www.maga.gob.gt\/wp-content\/uploads\/2026\/04\/Aprender-desde-pequenos-la-siembra-fortalece-la-alimentacion-y-el-futuro4-300x189.jpeg 300w, https:\/\/www.maga.gob.gt\/wp-content\/uploads\/2026\/04\/Aprender-desde-pequenos-la-siembra-fortalece-la-alimentacion-y-el-futuro4-1024x645.jpeg 1024w, https:\/\/www.maga.gob.gt\/wp-content\/uploads\/2026\/04\/Aprender-desde-pequenos-la-siembra-fortalece-la-alimentacion-y-el-futuro4-768x484.jpeg 768w, https:\/\/www.maga.gob.gt\/wp-content\/uploads\/2026\/04\/Aprender-desde-pequenos-la-siembra-fortalece-la-alimentacion-y-el-futuro4-500x315.jpeg 500w\" alt=\"\" width=\"1152\" height=\"726\" \/><\/p>\n","protected":false},"excerpt":{"rendered":"<p>En la Escuela Oficial de P\u00e1rvulos Matilde Ariza, ubicada en la zona 3 de la ciudad capital, se realiz\u00f3 una capacitaci\u00f3n e implementaci\u00f3n de un huerto escolar pedag\u00f3gico, como parte del convenio entre el Ministerio de Agricultura, Ganader\u00eda y Alimentaci\u00f3n (MAGA) y CARE Guatemala. Gracias a esta iniciativa, los estudiantes participan activamente en la siembra [&hellip;]<\/p>\n","protected":false},"author":2,"featured_media":3503,"comment_status":"closed","ping_status":"closed","sticky":false,"template":"","format":"standard","meta":{"footnotes":""},"categories":[2],"tags":[],"class_list":["post-3502","post","type-post","status-publish","format-standard","has-post-thumbnail","hentry","category-feature"],"aioseo_notices":[],"_links":{"self":[{"href":"https:\/\/www.maga.gob.gt\/sitios\/visan\/wp-json\/wp\/v2\/posts\/3502"}],"collection":[{"href":"https:\/\/www.maga.gob.gt\/sitios\/visan\/wp-json\/wp\/v2\/posts"}],"about":[{"href":"https:\/\/www.maga.gob.gt\/sitios\/visan\/wp-json\/wp\/v2\/types\/post"}],"author":[{"embeddable":true,"href":"https:\/\/www.maga.gob.gt\/sitios\/visan\/wp-json\/wp\/v2\/users\/2"}],"replies":[{"embeddable":true,"href":"https:\/\/www.maga.gob.gt\/sitios\/visan\/wp-json\/wp\/v2\/comments?post=3502"}],"version-history":[{"count":1,"href":"https:\/\/www.maga.gob.gt\/sitios\/visan\/wp-json\/wp\/v2\/posts\/3502\/revisions"}],"predecessor-version":[{"id":3504,"href":"https:\/\/www.maga.gob.gt\/sitios\/visan\/wp-json\/wp\/v2\/posts\/3502\/revisions\/3504"}],"wp:featuredmedia":[{"embeddable":true,"href":"https:\/\/www.maga.gob.gt\/sitios\/visan\/wp-json\/wp\/v2\/media\/3503"}],"wp:attachment":[{"href":"https:\/\/www.maga.gob.gt\/sitios\/visan\/wp-json\/wp\/v2\/media?parent=3502"}],"wp:term":[{"taxonomy":"category","embeddable":true,"href":"https:\/\/www.maga.gob.gt\/sitios\/visan\/wp-json\/wp\/v2\/categories?post=3502"},{"taxonomy":"post_tag","embeddable":true,"href":"https:\/\/www.maga.gob.gt\/sitios\/visan\/wp-json\/wp\/v2\/tags?post=3502"}],"curies":[{"name":"wp","href":"https:\/\/api.w.org\/{rel}","templated":true}]}}