{"id":3499,"date":"2026-04-22T15:38:40","date_gmt":"2026-04-22T21:38:40","guid":{"rendered":"https:\/\/www.maga.gob.gt\/sitios\/visan\/?p=3499"},"modified":"2026-04-22T15:38:40","modified_gmt":"2026-04-22T21:38:40","slug":"verifican-aplicacion-de-practicas-y-resultados-en-huertos-comunales-de-san-marcos","status":"publish","type":"post","link":"https:\/\/www.maga.gob.gt\/sitios\/visan\/verifican-aplicacion-de-practicas-y-resultados-en-huertos-comunales-de-san-marcos\/","title":{"rendered":"Verifican aplicaci\u00f3n de pr\u00e1cticas y resultados en huertos comunales de San Marcos"},"content":{"rendered":"<p style=\"text-align: justify;\">Profesionales del Ministerio de Agricultura, Ganader\u00eda y Alimentaci\u00f3n (MAGA) realizaron una jornada de monitoreo en huertos comunales de la Comunidad Agraria Nuevo Para\u00edso, en Catarina, San Marcos, con el objetivo de verificar la aplicaci\u00f3n de pr\u00e1cticas agr\u00edcolas y brindar acompa\u00f1amiento t\u00e9cnico a familias productoras.<\/p>\n<p style=\"text-align: justify;\">Durante la visita, se dio seguimiento al manejo de los cultivos y se reforzaron conocimientos relativos a la aplicaci\u00f3n foliar de insecticidas, fungicidas y fertilizantes, pr\u00e1cticas clave para prevenir plagas y enfermedades y mejorar la nutrici\u00f3n de las plantas.<\/p>\n<p style=\"text-align: justify;\"><img loading=\"lazy\" decoding=\"async\" class=\"alignnone size-full wp-image-659310\" src=\"https:\/\/www.maga.gob.gt\/wp-content\/uploads\/2026\/04\/Verifican-aplicacion-de-practicas-y-resultados-en-huertos2.jpeg\" sizes=\"(max-width: 1152px) 100vw, 1152px\" srcset=\"https:\/\/www.maga.gob.gt\/wp-content\/uploads\/2026\/04\/Verifican-aplicacion-de-practicas-y-resultados-en-huertos2.jpeg 1152w, https:\/\/www.maga.gob.gt\/wp-content\/uploads\/2026\/04\/Verifican-aplicacion-de-practicas-y-resultados-en-huertos2-300x151.jpeg 300w, https:\/\/www.maga.gob.gt\/wp-content\/uploads\/2026\/04\/Verifican-aplicacion-de-practicas-y-resultados-en-huertos2-1024x514.jpeg 1024w, https:\/\/www.maga.gob.gt\/wp-content\/uploads\/2026\/04\/Verifican-aplicacion-de-practicas-y-resultados-en-huertos2-768x385.jpeg 768w, https:\/\/www.maga.gob.gt\/wp-content\/uploads\/2026\/04\/Verifican-aplicacion-de-practicas-y-resultados-en-huertos2-500x251.jpeg 500w\" alt=\"\" width=\"1152\" height=\"578\" \/><\/p>\n<p style=\"text-align: justify;\">Como parte de la jornada, las familias tambi\u00e9n realizaron la cosecha de hierbamora y chipil\u00edn, evidenciando los resultados de un manejo t\u00e9cnico aplicado, pues lo cosechado aporta al autoconsumo y a la alimentaci\u00f3n del hogar.<\/p>\n<p style=\"text-align: justify;\">Estas acciones son parte del acompa\u00f1amiento que brindan profesionales de la Direcci\u00f3n de Apoyo a la Producci\u00f3n Comunitaria de Alimentos (DAPCA), del Viceministerio de Seguridad Alimentaria y Nutricional (VISAN), quienes dan seguimiento continuo a los huertos para fortalecer la producci\u00f3n sostenible a nivel comunitario (VA\/ea).<\/p>\n<p style=\"text-align: justify;\"><img loading=\"lazy\" decoding=\"async\" class=\"alignnone size-full wp-image-659311\" src=\"https:\/\/www.maga.gob.gt\/wp-content\/uploads\/2026\/04\/Verifican-aplicacion-de-practicas-y-resultados-en-huertos3.jpeg\" sizes=\"(max-width: 1152px) 100vw, 1152px\" srcset=\"https:\/\/www.maga.gob.gt\/wp-content\/uploads\/2026\/04\/Verifican-aplicacion-de-practicas-y-resultados-en-huertos3.jpeg 1152w, https:\/\/www.maga.gob.gt\/wp-content\/uploads\/2026\/04\/Verifican-aplicacion-de-practicas-y-resultados-en-huertos3-300x147.jpeg 300w, https:\/\/www.maga.gob.gt\/wp-content\/uploads\/2026\/04\/Verifican-aplicacion-de-practicas-y-resultados-en-huertos3-1024x501.jpeg 1024w, https:\/\/www.maga.gob.gt\/wp-content\/uploads\/2026\/04\/Verifican-aplicacion-de-practicas-y-resultados-en-huertos3-768x376.jpeg 768w, https:\/\/www.maga.gob.gt\/wp-content\/uploads\/2026\/04\/Verifican-aplicacion-de-practicas-y-resultados-en-huertos3-500x245.jpeg 500w\" alt=\"\" width=\"1152\" height=\"564\" \/><\/p>\n","protected":false},"excerpt":{"rendered":"<p>Profesionales del Ministerio de Agricultura, Ganader\u00eda y Alimentaci\u00f3n (MAGA) realizaron una jornada de monitoreo en huertos comunales de la Comunidad Agraria Nuevo Para\u00edso, en Catarina, San Marcos, con el objetivo de verificar la aplicaci\u00f3n de pr\u00e1cticas agr\u00edcolas y brindar acompa\u00f1amiento t\u00e9cnico a familias productoras. Durante la visita, se dio seguimiento al manejo de los cultivos [&hellip;]<\/p>\n","protected":false},"author":2,"featured_media":3500,"comment_status":"closed","ping_status":"closed","sticky":false,"template":"","format":"standard","meta":{"footnotes":""},"categories":[2],"tags":[],"class_list":["post-3499","post","type-post","status-publish","format-standard","has-post-thumbnail","hentry","category-feature"],"aioseo_notices":[],"_links":{"self":[{"href":"https:\/\/www.maga.gob.gt\/sitios\/visan\/wp-json\/wp\/v2\/posts\/3499"}],"collection":[{"href":"https:\/\/www.maga.gob.gt\/sitios\/visan\/wp-json\/wp\/v2\/posts"}],"about":[{"href":"https:\/\/www.maga.gob.gt\/sitios\/visan\/wp-json\/wp\/v2\/types\/post"}],"author":[{"embeddable":true,"href":"https:\/\/www.maga.gob.gt\/sitios\/visan\/wp-json\/wp\/v2\/users\/2"}],"replies":[{"embeddable":true,"href":"https:\/\/www.maga.gob.gt\/sitios\/visan\/wp-json\/wp\/v2\/comments?post=3499"}],"version-history":[{"count":1,"href":"https:\/\/www.maga.gob.gt\/sitios\/visan\/wp-json\/wp\/v2\/posts\/3499\/revisions"}],"predecessor-version":[{"id":3501,"href":"https:\/\/www.maga.gob.gt\/sitios\/visan\/wp-json\/wp\/v2\/posts\/3499\/revisions\/3501"}],"wp:featuredmedia":[{"embeddable":true,"href":"https:\/\/www.maga.gob.gt\/sitios\/visan\/wp-json\/wp\/v2\/media\/3500"}],"wp:attachment":[{"href":"https:\/\/www.maga.gob.gt\/sitios\/visan\/wp-json\/wp\/v2\/media?parent=3499"}],"wp:term":[{"taxonomy":"category","embeddable":true,"href":"https:\/\/www.maga.gob.gt\/sitios\/visan\/wp-json\/wp\/v2\/categories?post=3499"},{"taxonomy":"post_tag","embeddable":true,"href":"https:\/\/www.maga.gob.gt\/sitios\/visan\/wp-json\/wp\/v2\/tags?post=3499"}],"curies":[{"name":"wp","href":"https:\/\/api.w.org\/{rel}","templated":true}]}}