{"id":3493,"date":"2026-04-22T10:59:21","date_gmt":"2026-04-22T16:59:21","guid":{"rendered":"https:\/\/www.maga.gob.gt\/sitios\/visan\/?p=3493"},"modified":"2026-04-22T10:59:21","modified_gmt":"2026-04-22T16:59:21","slug":"sembrar-en-casa-abre-el-camino-para-una-mejor-alimentacion","status":"publish","type":"post","link":"https:\/\/www.maga.gob.gt\/sitios\/visan\/sembrar-en-casa-abre-el-camino-para-una-mejor-alimentacion\/","title":{"rendered":"Sembrar en casa abre el camino para una mejor alimentaci\u00f3n"},"content":{"rendered":"<p style=\"text-align: justify;\">Cultivar ya no es solo una tradici\u00f3n en San Juan Cotzal, Quich\u00e9, pues se est\u00e1 convirtiendo en una alternativa concreta para mejorar la alimentaci\u00f3n familiar.<\/p>\n<p style=\"text-align: justify;\">Este municipio priorizado por la estrategia intersectorial Mano a Mano del Gobierno de Guatemala, cada vez tiene m\u00e1s hogares que transforman sus patios en espacios productivos, donde la siembra representa una oportunidad directa de bienestar.<\/p>\n<p style=\"text-align: justify;\"><img loading=\"lazy\" decoding=\"async\" class=\"alignnone size-full wp-image-659235\" src=\"https:\/\/www.maga.gob.gt\/wp-content\/uploads\/2026\/04\/siembra-en-familia2.jpeg\" sizes=\"(max-width: 1152px) 100vw, 1152px\" srcset=\"https:\/\/www.maga.gob.gt\/wp-content\/uploads\/2026\/04\/siembra-en-familia2.jpeg 1152w, https:\/\/www.maga.gob.gt\/wp-content\/uploads\/2026\/04\/siembra-en-familia2-300x186.jpeg 300w, https:\/\/www.maga.gob.gt\/wp-content\/uploads\/2026\/04\/siembra-en-familia2-1024x635.jpeg 1024w, https:\/\/www.maga.gob.gt\/wp-content\/uploads\/2026\/04\/siembra-en-familia2-768x476.jpeg 768w, https:\/\/www.maga.gob.gt\/wp-content\/uploads\/2026\/04\/siembra-en-familia2-500x310.jpeg 500w\" alt=\"\" width=\"1152\" height=\"714\" \/><\/p>\n<p style=\"text-align: justify;\">Como parte de estas acciones, el Ministerio de Agricultura, Ganader\u00eda y Alimentaci\u00f3n (MAGA) impulsa la implementaci\u00f3n de los huertos familiares mediante la entrega de insumos a peque\u00f1os agricultores, facilitando la producci\u00f3n de alimentos desde casa.<\/p>\n<p style=\"text-align: justify;\">Las familias reciben semillas de hortalizas y especies nativas, as\u00ed como herramientas agr\u00edcolas, bombas de aspersi\u00f3n y abono org\u00e1nico. Estos insumos permiten iniciar o fortalecer cultivos que aportan diversidad a la dieta diaria y reducen la dependencia de la compra de alimentos.<\/p>\n<p style=\"text-align: justify;\"><img loading=\"lazy\" decoding=\"async\" class=\"alignnone size-full wp-image-659236\" src=\"https:\/\/www.maga.gob.gt\/wp-content\/uploads\/2026\/04\/siembra-en-familia3.jpeg\" sizes=\"(max-width: 1152px) 100vw, 1152px\" srcset=\"https:\/\/www.maga.gob.gt\/wp-content\/uploads\/2026\/04\/siembra-en-familia3.jpeg 1152w, https:\/\/www.maga.gob.gt\/wp-content\/uploads\/2026\/04\/siembra-en-familia3-300x172.jpeg 300w, https:\/\/www.maga.gob.gt\/wp-content\/uploads\/2026\/04\/siembra-en-familia3-1024x587.jpeg 1024w, https:\/\/www.maga.gob.gt\/wp-content\/uploads\/2026\/04\/siembra-en-familia3-768x440.jpeg 768w, https:\/\/www.maga.gob.gt\/wp-content\/uploads\/2026\/04\/siembra-en-familia3-500x286.jpeg 500w\" alt=\"\" width=\"1152\" height=\"660\" \/><\/p>\n<p style=\"text-align: justify;\">Las entregas son coordinadas por personal de la Direcci\u00f3n de Apoyo a la Producci\u00f3n Comunitaria de Alimentos, del Viceministerio de Seguridad Alimentaria y Nutricional (VISAN), en articulaci\u00f3n con la estrategia Mano a Mano, que prioriza territorios con mayores niveles de vulnerabilidad.<\/p>\n<p style=\"text-align: justify;\">M\u00e1s all\u00e1 del apoyo material, la iniciativa genera un cambio en los hogares: la posibilidad de producir sus propios alimentos, mejorar su nutrici\u00f3n y contar con una fuente constante para el consumo familiar (VA\/ea).<\/p>\n<p style=\"text-align: justify;\"><img loading=\"lazy\" decoding=\"async\" class=\"alignnone size-full wp-image-659237\" src=\"https:\/\/www.maga.gob.gt\/wp-content\/uploads\/2026\/04\/siembra-en-familia4.jpeg\" sizes=\"(max-width: 1152px) 100vw, 1152px\" srcset=\"https:\/\/www.maga.gob.gt\/wp-content\/uploads\/2026\/04\/siembra-en-familia4.jpeg 1152w, https:\/\/www.maga.gob.gt\/wp-content\/uploads\/2026\/04\/siembra-en-familia4-300x193.jpeg 300w, https:\/\/www.maga.gob.gt\/wp-content\/uploads\/2026\/04\/siembra-en-familia4-1024x660.jpeg 1024w, https:\/\/www.maga.gob.gt\/wp-content\/uploads\/2026\/04\/siembra-en-familia4-768x495.jpeg 768w, https:\/\/www.maga.gob.gt\/wp-content\/uploads\/2026\/04\/siembra-en-familia4-500x322.jpeg 500w\" alt=\"\" width=\"1152\" height=\"743\" \/><\/p>\n","protected":false},"excerpt":{"rendered":"<p>Cultivar ya no es solo una tradici\u00f3n en San Juan Cotzal, Quich\u00e9, pues se est\u00e1 convirtiendo en una alternativa concreta para mejorar la alimentaci\u00f3n familiar. Este municipio priorizado por la estrategia intersectorial Mano a Mano del Gobierno de Guatemala, cada vez tiene m\u00e1s hogares que transforman sus patios en espacios productivos, donde la siembra representa [&hellip;]<\/p>\n","protected":false},"author":2,"featured_media":3494,"comment_status":"closed","ping_status":"closed","sticky":false,"template":"","format":"standard","meta":{"footnotes":""},"categories":[2],"tags":[],"class_list":["post-3493","post","type-post","status-publish","format-standard","has-post-thumbnail","hentry","category-feature"],"aioseo_notices":[],"_links":{"self":[{"href":"https:\/\/www.maga.gob.gt\/sitios\/visan\/wp-json\/wp\/v2\/posts\/3493"}],"collection":[{"href":"https:\/\/www.maga.gob.gt\/sitios\/visan\/wp-json\/wp\/v2\/posts"}],"about":[{"href":"https:\/\/www.maga.gob.gt\/sitios\/visan\/wp-json\/wp\/v2\/types\/post"}],"author":[{"embeddable":true,"href":"https:\/\/www.maga.gob.gt\/sitios\/visan\/wp-json\/wp\/v2\/users\/2"}],"replies":[{"embeddable":true,"href":"https:\/\/www.maga.gob.gt\/sitios\/visan\/wp-json\/wp\/v2\/comments?post=3493"}],"version-history":[{"count":1,"href":"https:\/\/www.maga.gob.gt\/sitios\/visan\/wp-json\/wp\/v2\/posts\/3493\/revisions"}],"predecessor-version":[{"id":3498,"href":"https:\/\/www.maga.gob.gt\/sitios\/visan\/wp-json\/wp\/v2\/posts\/3493\/revisions\/3498"}],"wp:featuredmedia":[{"embeddable":true,"href":"https:\/\/www.maga.gob.gt\/sitios\/visan\/wp-json\/wp\/v2\/media\/3494"}],"wp:attachment":[{"href":"https:\/\/www.maga.gob.gt\/sitios\/visan\/wp-json\/wp\/v2\/media?parent=3493"}],"wp:term":[{"taxonomy":"category","embeddable":true,"href":"https:\/\/www.maga.gob.gt\/sitios\/visan\/wp-json\/wp\/v2\/categories?post=3493"},{"taxonomy":"post_tag","embeddable":true,"href":"https:\/\/www.maga.gob.gt\/sitios\/visan\/wp-json\/wp\/v2\/tags?post=3493"}],"curies":[{"name":"wp","href":"https:\/\/api.w.org\/{rel}","templated":true}]}}