{"id":3484,"date":"2026-04-20T15:43:19","date_gmt":"2026-04-20T21:43:19","guid":{"rendered":"https:\/\/www.maga.gob.gt\/sitios\/visan\/?p=3484"},"modified":"2026-04-20T15:43:19","modified_gmt":"2026-04-20T21:43:19","slug":"impulsan-educacion-nutricional-y-huertos-escolares-en-totonicapan","status":"publish","type":"post","link":"https:\/\/www.maga.gob.gt\/sitios\/visan\/impulsan-educacion-nutricional-y-huertos-escolares-en-totonicapan\/","title":{"rendered":"Impulsan educaci\u00f3n nutricional y huertos escolares en Totonicap\u00e1n"},"content":{"rendered":"<p style=\"text-align: justify;\">Con el objetivo de fortalecer la agricultura familiar y promover h\u00e1bitos de alimentaci\u00f3n saludable desde la ni\u00f1ez, el Ministerio de Agricultura, Ganader\u00eda y Alimentaci\u00f3n (MAGA) desarroll\u00f3 una jornada de capacitaci\u00f3n integral en la Escuela Oficial Rural Mixta de Pacaj\u00e1, Chuacorral, en el municipio de Santa Mar\u00eda Chiquimula, Totonicap\u00e1n.<\/p>\n<p style=\"text-align: justify;\"><img loading=\"lazy\" decoding=\"async\" class=\"alignnone size-full wp-image-659131\" src=\"https:\/\/www.maga.gob.gt\/wp-content\/uploads\/2026\/04\/educacion-nutricional5.jpeg\" sizes=\"(max-width: 936px) 100vw, 936px\" srcset=\"https:\/\/www.maga.gob.gt\/wp-content\/uploads\/2026\/04\/educacion-nutricional5.jpeg 936w, https:\/\/www.maga.gob.gt\/wp-content\/uploads\/2026\/04\/educacion-nutricional5-277x300.jpeg 277w, https:\/\/www.maga.gob.gt\/wp-content\/uploads\/2026\/04\/educacion-nutricional5-768x831.jpeg 768w, https:\/\/www.maga.gob.gt\/wp-content\/uploads\/2026\/04\/educacion-nutricional5-500x541.jpeg 500w\" alt=\"\" width=\"936\" height=\"1013\" \/><\/p>\n<p style=\"text-align: justify;\">Se brind\u00f3 una charla dirigida a 70 estudiantes de cuarto, quinto y sexto primaria, enfocada en la importancia del consumo de frutas, verduras, cereales y prote\u00ednas para un adecuado crecimiento y desarrollo.<\/p>\n<p style=\"text-align: justify;\">En la actividad se utilizaron herramientas l\u00fadicas que permitieron a los participantes comprender, de manera pr\u00e1ctica, los beneficios nutricionales de los alimentos. Esta jornada fue facilitada por la nutricionista del componente de Agricultura Familiar Sensible a la Nutrici\u00f3n y Fomento de Huertos del Viceministerio de Seguridad Alimentaria y Nutricional.<\/p>\n<p style=\"text-align: justify;\"><img loading=\"lazy\" decoding=\"async\" class=\"alignnone size-full wp-image-659128\" src=\"https:\/\/www.maga.gob.gt\/wp-content\/uploads\/2026\/04\/educacion-nutricional2.jpeg\" sizes=\"(max-width: 1080px) 100vw, 1080px\" srcset=\"https:\/\/www.maga.gob.gt\/wp-content\/uploads\/2026\/04\/educacion-nutricional2.jpeg 1080w, https:\/\/www.maga.gob.gt\/wp-content\/uploads\/2026\/04\/educacion-nutricional2-300x240.jpeg 300w, https:\/\/www.maga.gob.gt\/wp-content\/uploads\/2026\/04\/educacion-nutricional2-1024x820.jpeg 1024w, https:\/\/www.maga.gob.gt\/wp-content\/uploads\/2026\/04\/educacion-nutricional2-768x615.jpeg 768w, https:\/\/www.maga.gob.gt\/wp-content\/uploads\/2026\/04\/educacion-nutricional2-500x400.jpeg 500w\" alt=\"\" width=\"1080\" height=\"865\" \/><\/p>\n<p style=\"text-align: justify;\">Como parte del aprendizaje pr\u00e1ctico, se realiz\u00f3 la implementaci\u00f3n de un huerto escolar. Los escolares participaron activamente en el proceso de siembra, actividad a cargo de la profesional del Departamento de Agricultura Urbana (DAU), de la Direcci\u00f3n de Apoyo a la Producci\u00f3n Comunitaria de Alimentos (DAPCA), junto al extensionista de Agricultura Familiar de la Agencia Municipal de Extensi\u00f3n Rural (AMER) del municipio.<\/p>\n<p style=\"text-align: justify;\"><img loading=\"lazy\" decoding=\"async\" class=\"alignnone size-full wp-image-659129\" src=\"https:\/\/www.maga.gob.gt\/wp-content\/uploads\/2026\/04\/educacion-nutricional3.jpeg\" sizes=\"(max-width: 1152px) 100vw, 1152px\" srcset=\"https:\/\/www.maga.gob.gt\/wp-content\/uploads\/2026\/04\/educacion-nutricional3.jpeg 1152w, https:\/\/www.maga.gob.gt\/wp-content\/uploads\/2026\/04\/educacion-nutricional3-300x177.jpeg 300w, https:\/\/www.maga.gob.gt\/wp-content\/uploads\/2026\/04\/educacion-nutricional3-1024x603.jpeg 1024w, https:\/\/www.maga.gob.gt\/wp-content\/uploads\/2026\/04\/educacion-nutricional3-768x452.jpeg 768w, https:\/\/www.maga.gob.gt\/wp-content\/uploads\/2026\/04\/educacion-nutricional3-500x294.jpeg 500w\" alt=\"\" width=\"1152\" height=\"678\" \/><\/p>\n<p style=\"text-align: justify;\">Fueron sembrados cultivos de coliflor, hierba mora, cebolla, acelga, r\u00e1bano y cilantro, especies que contribuir\u00e1n al aprendizaje continuo de los estudiantes sobre la producci\u00f3n de alimentos y su importancia en la alimentaci\u00f3n diaria (VA\/ea).<\/p>\n<p style=\"text-align: justify;\"><img loading=\"lazy\" decoding=\"async\" class=\"alignnone size-full wp-image-659130\" src=\"https:\/\/www.maga.gob.gt\/wp-content\/uploads\/2026\/04\/educacion-nutricional4.jpeg\" sizes=\"(max-width: 1080px) 100vw, 1080px\" srcset=\"https:\/\/www.maga.gob.gt\/wp-content\/uploads\/2026\/04\/educacion-nutricional4.jpeg 1080w, https:\/\/www.maga.gob.gt\/wp-content\/uploads\/2026\/04\/educacion-nutricional4-300x198.jpeg 300w, https:\/\/www.maga.gob.gt\/wp-content\/uploads\/2026\/04\/educacion-nutricional4-1024x674.jpeg 1024w, https:\/\/www.maga.gob.gt\/wp-content\/uploads\/2026\/04\/educacion-nutricional4-768x506.jpeg 768w, https:\/\/www.maga.gob.gt\/wp-content\/uploads\/2026\/04\/educacion-nutricional4-500x329.jpeg 500w\" alt=\"\" width=\"1080\" height=\"711\" \/><\/p>\n","protected":false},"excerpt":{"rendered":"<p>Con el objetivo de fortalecer la agricultura familiar y promover h\u00e1bitos de alimentaci\u00f3n saludable desde la ni\u00f1ez, el Ministerio de Agricultura, Ganader\u00eda y Alimentaci\u00f3n (MAGA) desarroll\u00f3 una jornada de capacitaci\u00f3n integral en la Escuela Oficial Rural Mixta de Pacaj\u00e1, Chuacorral, en el municipio de Santa Mar\u00eda Chiquimula, Totonicap\u00e1n. Se brind\u00f3 una charla dirigida a 70 [&hellip;]<\/p>\n","protected":false},"author":2,"featured_media":3485,"comment_status":"closed","ping_status":"closed","sticky":false,"template":"","format":"standard","meta":{"footnotes":""},"categories":[2],"tags":[],"class_list":["post-3484","post","type-post","status-publish","format-standard","has-post-thumbnail","hentry","category-feature"],"aioseo_notices":[],"_links":{"self":[{"href":"https:\/\/www.maga.gob.gt\/sitios\/visan\/wp-json\/wp\/v2\/posts\/3484"}],"collection":[{"href":"https:\/\/www.maga.gob.gt\/sitios\/visan\/wp-json\/wp\/v2\/posts"}],"about":[{"href":"https:\/\/www.maga.gob.gt\/sitios\/visan\/wp-json\/wp\/v2\/types\/post"}],"author":[{"embeddable":true,"href":"https:\/\/www.maga.gob.gt\/sitios\/visan\/wp-json\/wp\/v2\/users\/2"}],"replies":[{"embeddable":true,"href":"https:\/\/www.maga.gob.gt\/sitios\/visan\/wp-json\/wp\/v2\/comments?post=3484"}],"version-history":[{"count":1,"href":"https:\/\/www.maga.gob.gt\/sitios\/visan\/wp-json\/wp\/v2\/posts\/3484\/revisions"}],"predecessor-version":[{"id":3486,"href":"https:\/\/www.maga.gob.gt\/sitios\/visan\/wp-json\/wp\/v2\/posts\/3484\/revisions\/3486"}],"wp:featuredmedia":[{"embeddable":true,"href":"https:\/\/www.maga.gob.gt\/sitios\/visan\/wp-json\/wp\/v2\/media\/3485"}],"wp:attachment":[{"href":"https:\/\/www.maga.gob.gt\/sitios\/visan\/wp-json\/wp\/v2\/media?parent=3484"}],"wp:term":[{"taxonomy":"category","embeddable":true,"href":"https:\/\/www.maga.gob.gt\/sitios\/visan\/wp-json\/wp\/v2\/categories?post=3484"},{"taxonomy":"post_tag","embeddable":true,"href":"https:\/\/www.maga.gob.gt\/sitios\/visan\/wp-json\/wp\/v2\/tags?post=3484"}],"curies":[{"name":"wp","href":"https:\/\/api.w.org\/{rel}","templated":true}]}}