{"id":3481,"date":"2026-04-17T14:54:43","date_gmt":"2026-04-17T20:54:43","guid":{"rendered":"https:\/\/www.maga.gob.gt\/sitios\/visan\/?p=3481"},"modified":"2026-04-17T14:54:43","modified_gmt":"2026-04-17T20:54:43","slug":"estudiantes-aprenden-de-agricultura-y-alimentacion","status":"publish","type":"post","link":"https:\/\/www.maga.gob.gt\/sitios\/visan\/estudiantes-aprenden-de-agricultura-y-alimentacion\/","title":{"rendered":"Estudiantes aprenden de agricultura y alimentaci\u00f3n"},"content":{"rendered":"<p style=\"text-align: justify;\">Lo que comenz\u00f3 como una salida escolar de los estudiantes del Centro Educativo Miel, en Villa Nueva, culmin\u00f3 en una experiencia pr\u00e1ctica acerca de c\u00f3mo se producen los alimentos, desde la siembra, cosecha y su consumo.<\/p>\n<p style=\"text-align: justify;\"><img loading=\"lazy\" decoding=\"async\" class=\"alignnone size-full wp-image-659000\" src=\"https:\/\/www.maga.gob.gt\/wp-content\/uploads\/2026\/04\/Capacitan-a-grupos-CADER-de-Zacapa2-1.jpeg\" sizes=\"(max-width: 1152px) 100vw, 1152px\" srcset=\"https:\/\/www.maga.gob.gt\/wp-content\/uploads\/2026\/04\/Capacitan-a-grupos-CADER-de-Zacapa2-1.jpeg 1152w, https:\/\/www.maga.gob.gt\/wp-content\/uploads\/2026\/04\/Capacitan-a-grupos-CADER-de-Zacapa2-1-300x186.jpeg 300w, https:\/\/www.maga.gob.gt\/wp-content\/uploads\/2026\/04\/Capacitan-a-grupos-CADER-de-Zacapa2-1-1024x634.jpeg 1024w, https:\/\/www.maga.gob.gt\/wp-content\/uploads\/2026\/04\/Capacitan-a-grupos-CADER-de-Zacapa2-1-768x475.jpeg 768w, https:\/\/www.maga.gob.gt\/wp-content\/uploads\/2026\/04\/Capacitan-a-grupos-CADER-de-Zacapa2-1-500x309.jpeg 500w\" alt=\"\" width=\"1152\" height=\"713\" \/><\/p>\n<p style=\"text-align: justify;\">Los escolares visitaron la Granja Integral Agropecuaria del Ministerio de Agricultura, Ganader\u00eda y Alimentaci\u00f3n (MAGA), en B\u00e1rcena, Villanueva, en donde conocieron de cerca los procesos de siembra, crianza de animales y alimentaci\u00f3n saludable.<\/p>\n<p style=\"text-align: justify;\"><img loading=\"lazy\" decoding=\"async\" class=\"alignnone size-full wp-image-659001\" src=\"https:\/\/www.maga.gob.gt\/wp-content\/uploads\/2026\/04\/Capacitan-a-grupos-CADER-de-Zacapa3-1.jpeg\" sizes=\"(max-width: 1152px) 100vw, 1152px\" srcset=\"https:\/\/www.maga.gob.gt\/wp-content\/uploads\/2026\/04\/Capacitan-a-grupos-CADER-de-Zacapa3-1.jpeg 1152w, https:\/\/www.maga.gob.gt\/wp-content\/uploads\/2026\/04\/Capacitan-a-grupos-CADER-de-Zacapa3-1-300x182.jpeg 300w, https:\/\/www.maga.gob.gt\/wp-content\/uploads\/2026\/04\/Capacitan-a-grupos-CADER-de-Zacapa3-1-1024x620.jpeg 1024w, https:\/\/www.maga.gob.gt\/wp-content\/uploads\/2026\/04\/Capacitan-a-grupos-CADER-de-Zacapa3-1-768x465.jpeg 768w, https:\/\/www.maga.gob.gt\/wp-content\/uploads\/2026\/04\/Capacitan-a-grupos-CADER-de-Zacapa3-1-500x303.jpeg 500w\" alt=\"\" width=\"1152\" height=\"698\" \/><\/p>\n<p style=\"text-align: justify;\">Durante el recorrido, guiado por t\u00e9cnicos del Viceministerio de Seguridad Alimentaria y Nutricional (VISAN), los alumnos participaron en distintas actividades dentro de la granja, como la siembra de hortalizas hasta el manejo de especies como gallinas, conejos, cabras y peces.<\/p>\n<p style=\"text-align: justify;\"><img loading=\"lazy\" decoding=\"async\" class=\"alignnone size-full wp-image-659002\" src=\"https:\/\/www.maga.gob.gt\/wp-content\/uploads\/2026\/04\/Capacitan-a-grupos-CADER-de-Zacapa4.jpeg\" sizes=\"(max-width: 1152px) 100vw, 1152px\" srcset=\"https:\/\/www.maga.gob.gt\/wp-content\/uploads\/2026\/04\/Capacitan-a-grupos-CADER-de-Zacapa4.jpeg 1152w, https:\/\/www.maga.gob.gt\/wp-content\/uploads\/2026\/04\/Capacitan-a-grupos-CADER-de-Zacapa4-300x163.jpeg 300w, https:\/\/www.maga.gob.gt\/wp-content\/uploads\/2026\/04\/Capacitan-a-grupos-CADER-de-Zacapa4-1024x555.jpeg 1024w, https:\/\/www.maga.gob.gt\/wp-content\/uploads\/2026\/04\/Capacitan-a-grupos-CADER-de-Zacapa4-768x416.jpeg 768w, https:\/\/www.maga.gob.gt\/wp-content\/uploads\/2026\/04\/Capacitan-a-grupos-CADER-de-Zacapa4-500x271.jpeg 500w\" alt=\"\" width=\"1152\" height=\"624\" \/><\/p>\n<p style=\"text-align: justify;\">La jornada tambi\u00e9n incluy\u00f3 pr\u00e1cticas relativas a c\u00f3mo iniciar huertos escolares o familiares, as\u00ed como el uso de plantas medicinales como alternativa para el cuidado de la salud, vinculando el aprendizaje con la vida cotidiana.<\/p>\n<p style=\"text-align: justify;\">Adem\u00e1s, los estudiantes recibieron orientaci\u00f3n sobre el valor nutricional de los alimentos y la importancia de una dieta balanceada, especialmente en etapas de crecimiento (VA\/ea).<\/p>\n<p style=\"text-align: justify;\"><img loading=\"lazy\" decoding=\"async\" class=\"alignnone size-full wp-image-659003\" src=\"https:\/\/www.maga.gob.gt\/wp-content\/uploads\/2026\/04\/Capacitan-a-grupos-CADER-de-Zacapa5.jpeg\" sizes=\"(max-width: 1152px) 100vw, 1152px\" srcset=\"https:\/\/www.maga.gob.gt\/wp-content\/uploads\/2026\/04\/Capacitan-a-grupos-CADER-de-Zacapa5.jpeg 1152w, https:\/\/www.maga.gob.gt\/wp-content\/uploads\/2026\/04\/Capacitan-a-grupos-CADER-de-Zacapa5-300x167.jpeg 300w, https:\/\/www.maga.gob.gt\/wp-content\/uploads\/2026\/04\/Capacitan-a-grupos-CADER-de-Zacapa5-1024x571.jpeg 1024w, https:\/\/www.maga.gob.gt\/wp-content\/uploads\/2026\/04\/Capacitan-a-grupos-CADER-de-Zacapa5-768x428.jpeg 768w, https:\/\/www.maga.gob.gt\/wp-content\/uploads\/2026\/04\/Capacitan-a-grupos-CADER-de-Zacapa5-500x279.jpeg 500w\" alt=\"\" width=\"1152\" height=\"642\" \/><\/p>\n","protected":false},"excerpt":{"rendered":"<p>Lo que comenz\u00f3 como una salida escolar de los estudiantes del Centro Educativo Miel, en Villa Nueva, culmin\u00f3 en una experiencia pr\u00e1ctica acerca de c\u00f3mo se producen los alimentos, desde la siembra, cosecha y su consumo. Los escolares visitaron la Granja Integral Agropecuaria del Ministerio de Agricultura, Ganader\u00eda y Alimentaci\u00f3n (MAGA), en B\u00e1rcena, Villanueva, en [&hellip;]<\/p>\n","protected":false},"author":2,"featured_media":3482,"comment_status":"closed","ping_status":"closed","sticky":false,"template":"","format":"standard","meta":{"footnotes":""},"categories":[2],"tags":[],"class_list":["post-3481","post","type-post","status-publish","format-standard","has-post-thumbnail","hentry","category-feature"],"aioseo_notices":[],"_links":{"self":[{"href":"https:\/\/www.maga.gob.gt\/sitios\/visan\/wp-json\/wp\/v2\/posts\/3481"}],"collection":[{"href":"https:\/\/www.maga.gob.gt\/sitios\/visan\/wp-json\/wp\/v2\/posts"}],"about":[{"href":"https:\/\/www.maga.gob.gt\/sitios\/visan\/wp-json\/wp\/v2\/types\/post"}],"author":[{"embeddable":true,"href":"https:\/\/www.maga.gob.gt\/sitios\/visan\/wp-json\/wp\/v2\/users\/2"}],"replies":[{"embeddable":true,"href":"https:\/\/www.maga.gob.gt\/sitios\/visan\/wp-json\/wp\/v2\/comments?post=3481"}],"version-history":[{"count":1,"href":"https:\/\/www.maga.gob.gt\/sitios\/visan\/wp-json\/wp\/v2\/posts\/3481\/revisions"}],"predecessor-version":[{"id":3483,"href":"https:\/\/www.maga.gob.gt\/sitios\/visan\/wp-json\/wp\/v2\/posts\/3481\/revisions\/3483"}],"wp:featuredmedia":[{"embeddable":true,"href":"https:\/\/www.maga.gob.gt\/sitios\/visan\/wp-json\/wp\/v2\/media\/3482"}],"wp:attachment":[{"href":"https:\/\/www.maga.gob.gt\/sitios\/visan\/wp-json\/wp\/v2\/media?parent=3481"}],"wp:term":[{"taxonomy":"category","embeddable":true,"href":"https:\/\/www.maga.gob.gt\/sitios\/visan\/wp-json\/wp\/v2\/categories?post=3481"},{"taxonomy":"post_tag","embeddable":true,"href":"https:\/\/www.maga.gob.gt\/sitios\/visan\/wp-json\/wp\/v2\/tags?post=3481"}],"curies":[{"name":"wp","href":"https:\/\/api.w.org\/{rel}","templated":true}]}}