{"id":3472,"date":"2026-04-15T12:25:47","date_gmt":"2026-04-15T18:25:47","guid":{"rendered":"https:\/\/www.maga.gob.gt\/sitios\/visan\/?p=3472"},"modified":"2026-04-15T12:25:47","modified_gmt":"2026-04-15T18:25:47","slug":"personal-del-visan-aprende-uso-del-registro-unico-de-agricultores-rua","status":"publish","type":"post","link":"https:\/\/www.maga.gob.gt\/sitios\/visan\/personal-del-visan-aprende-uso-del-registro-unico-de-agricultores-rua\/","title":{"rendered":"Personal del VISAN aprende uso del Registro \u00danico de Agricultores (RUA)"},"content":{"rendered":"<p style=\"text-align: justify;\">T\u00e9cnicos y profesionales del Viceministerio de Seguridad Alimentaria y Nutricional (VISAN) participan en jornadas de capacitaci\u00f3n relativas al uso del Registro \u00danico de Agricultores (RUA), impulsado por el Ministerio de Agricultura, Ganader\u00eda y Alimentaci\u00f3n (MAGA).<\/p>\n<p style=\"text-align: justify;\">El prop\u00f3sito de dichas capacitaciones es fortalecer los procesos de registro y generaci\u00f3n de informaci\u00f3n en el sector agropecuario. El RUA es una plataforma digital que permitir\u00e1 el registro actualizado y ordenado de los productores a nivel nacional.<\/p>\n<p style=\"text-align: justify;\"><img loading=\"lazy\" decoding=\"async\" class=\"alignnone size-full wp-image-658831\" src=\"https:\/\/www.maga.gob.gt\/wp-content\/uploads\/2026\/04\/Personal-del-VISAN-aprende-uso-del-Registro-Unico-de-Agricultores-RUA2.jpeg\" sizes=\"(max-width: 1152px) 100vw, 1152px\" srcset=\"https:\/\/www.maga.gob.gt\/wp-content\/uploads\/2026\/04\/Personal-del-VISAN-aprende-uso-del-Registro-Unico-de-Agricultores-RUA2.jpeg 1152w, https:\/\/www.maga.gob.gt\/wp-content\/uploads\/2026\/04\/Personal-del-VISAN-aprende-uso-del-Registro-Unico-de-Agricultores-RUA2-300x202.jpeg 300w, https:\/\/www.maga.gob.gt\/wp-content\/uploads\/2026\/04\/Personal-del-VISAN-aprende-uso-del-Registro-Unico-de-Agricultores-RUA2-1024x689.jpeg 1024w, https:\/\/www.maga.gob.gt\/wp-content\/uploads\/2026\/04\/Personal-del-VISAN-aprende-uso-del-Registro-Unico-de-Agricultores-RUA2-768x517.jpeg 768w, https:\/\/www.maga.gob.gt\/wp-content\/uploads\/2026\/04\/Personal-del-VISAN-aprende-uso-del-Registro-Unico-de-Agricultores-RUA2-500x336.jpeg 500w\" alt=\"\" width=\"1152\" height=\"775\" \/><\/p>\n<p style=\"text-align: justify;\">Esto facilita la planificaci\u00f3n, el an\u00e1lisis y la toma de decisiones en la implementaci\u00f3n de programas y acciones en el territorio.<\/p>\n<p style=\"text-align: justify;\">Las capacitaciones se desarrollan del 14 al 16 de abril, organizadas en tres grupos, con la participaci\u00f3n de personal de la Direcci\u00f3n de Apoyo a la Producci\u00f3n Comunitaria de Alimentos (DAPCA) y la Direcci\u00f3n de Asistencia Alimentaria y Nutricional (DAAN).<\/p>\n<p style=\"text-align: justify;\">En el marco de estas jornadas, Dinorah Herrera, viceministra del VISAN, realiz\u00f3 un acercamiento con el personal participante, reiterando el compromiso institucional de fortalecer las capacidades t\u00e9cnicas y promover el trabajo articulado para el adecuado desarrollo del proceso de registro en el territorio.<\/p>\n<p style=\"text-align: justify;\"><img loading=\"lazy\" decoding=\"async\" class=\"alignnone size-full wp-image-658833\" src=\"https:\/\/www.maga.gob.gt\/wp-content\/uploads\/2026\/04\/Personal-del-VISAN-aprende-uso-del-Registro-Unico-de-Agricultores-RUA4.jpeg\" sizes=\"(max-width: 1152px) 100vw, 1152px\" srcset=\"https:\/\/www.maga.gob.gt\/wp-content\/uploads\/2026\/04\/Personal-del-VISAN-aprende-uso-del-Registro-Unico-de-Agricultores-RUA4.jpeg 1152w, https:\/\/www.maga.gob.gt\/wp-content\/uploads\/2026\/04\/Personal-del-VISAN-aprende-uso-del-Registro-Unico-de-Agricultores-RUA4-300x203.jpeg 300w, https:\/\/www.maga.gob.gt\/wp-content\/uploads\/2026\/04\/Personal-del-VISAN-aprende-uso-del-Registro-Unico-de-Agricultores-RUA4-1024x693.jpeg 1024w, https:\/\/www.maga.gob.gt\/wp-content\/uploads\/2026\/04\/Personal-del-VISAN-aprende-uso-del-Registro-Unico-de-Agricultores-RUA4-768x520.jpeg 768w, https:\/\/www.maga.gob.gt\/wp-content\/uploads\/2026\/04\/Personal-del-VISAN-aprende-uso-del-Registro-Unico-de-Agricultores-RUA4-500x339.jpeg 500w\" alt=\"\" width=\"1152\" height=\"780\" \/><\/p>\n<p style=\"text-align: justify;\">El equipo del RUA de la Direcci\u00f3n de Coordinaci\u00f3n Regional y Extensi\u00f3n Rural (DICORER) presenta el funcionamiento de la plataforma, el uso de la aplicaci\u00f3n m\u00f3vil y los lineamientos para el correcto llenado de la boleta digital.<\/p>\n<p style=\"text-align: justify;\">El RUA constituye una herramienta de registro y an\u00e1lisis de informaci\u00f3n, la cual no implica por s\u00ed misma, la asignaci\u00f3n directa de beneficios, sino que contribuye a orientar de mejor manera las intervenciones institucionales y el uso eficiente de los recursos.<\/p>\n<p style=\"text-align: justify;\">Con esta iniciativa, el MAGA contin\u00faa fortaleciendo sus capacidades t\u00e9cnicas para mejorar la gesti\u00f3n de la informaci\u00f3n y la atenci\u00f3n en el territorio (VA\/ea).<\/p>\n<p style=\"text-align: justify;\"><img loading=\"lazy\" decoding=\"async\" class=\"alignnone size-full wp-image-658832\" src=\"https:\/\/www.maga.gob.gt\/wp-content\/uploads\/2026\/04\/Personal-del-VISAN-aprende-uso-del-Registro-Unico-de-Agricultores-RUA3.jpeg\" sizes=\"(max-width: 1600px) 100vw, 1600px\" srcset=\"https:\/\/www.maga.gob.gt\/wp-content\/uploads\/2026\/04\/Personal-del-VISAN-aprende-uso-del-Registro-Unico-de-Agricultores-RUA3.jpeg 1600w, https:\/\/www.maga.gob.gt\/wp-content\/uploads\/2026\/04\/Personal-del-VISAN-aprende-uso-del-Registro-Unico-de-Agricultores-RUA3-300x225.jpeg 300w, https:\/\/www.maga.gob.gt\/wp-content\/uploads\/2026\/04\/Personal-del-VISAN-aprende-uso-del-Registro-Unico-de-Agricultores-RUA3-1024x768.jpeg 1024w, https:\/\/www.maga.gob.gt\/wp-content\/uploads\/2026\/04\/Personal-del-VISAN-aprende-uso-del-Registro-Unico-de-Agricultores-RUA3-768x576.jpeg 768w, https:\/\/www.maga.gob.gt\/wp-content\/uploads\/2026\/04\/Personal-del-VISAN-aprende-uso-del-Registro-Unico-de-Agricultores-RUA3-1536x1152.jpeg 1536w, https:\/\/www.maga.gob.gt\/wp-content\/uploads\/2026\/04\/Personal-del-VISAN-aprende-uso-del-Registro-Unico-de-Agricultores-RUA3-500x375.jpeg 500w\" alt=\"\" width=\"1600\" height=\"1200\" \/><\/p>\n","protected":false},"excerpt":{"rendered":"<p>T\u00e9cnicos y profesionales del Viceministerio de Seguridad Alimentaria y Nutricional (VISAN) participan en jornadas de capacitaci\u00f3n relativas al uso del Registro \u00danico de Agricultores (RUA), impulsado por el Ministerio de Agricultura, Ganader\u00eda y Alimentaci\u00f3n (MAGA). El prop\u00f3sito de dichas capacitaciones es fortalecer los procesos de registro y generaci\u00f3n de informaci\u00f3n en el sector agropecuario. El [&hellip;]<\/p>\n","protected":false},"author":2,"featured_media":3473,"comment_status":"closed","ping_status":"closed","sticky":false,"template":"","format":"standard","meta":{"footnotes":""},"categories":[2],"tags":[],"class_list":["post-3472","post","type-post","status-publish","format-standard","has-post-thumbnail","hentry","category-feature"],"aioseo_notices":[],"_links":{"self":[{"href":"https:\/\/www.maga.gob.gt\/sitios\/visan\/wp-json\/wp\/v2\/posts\/3472"}],"collection":[{"href":"https:\/\/www.maga.gob.gt\/sitios\/visan\/wp-json\/wp\/v2\/posts"}],"about":[{"href":"https:\/\/www.maga.gob.gt\/sitios\/visan\/wp-json\/wp\/v2\/types\/post"}],"author":[{"embeddable":true,"href":"https:\/\/www.maga.gob.gt\/sitios\/visan\/wp-json\/wp\/v2\/users\/2"}],"replies":[{"embeddable":true,"href":"https:\/\/www.maga.gob.gt\/sitios\/visan\/wp-json\/wp\/v2\/comments?post=3472"}],"version-history":[{"count":1,"href":"https:\/\/www.maga.gob.gt\/sitios\/visan\/wp-json\/wp\/v2\/posts\/3472\/revisions"}],"predecessor-version":[{"id":3474,"href":"https:\/\/www.maga.gob.gt\/sitios\/visan\/wp-json\/wp\/v2\/posts\/3472\/revisions\/3474"}],"wp:featuredmedia":[{"embeddable":true,"href":"https:\/\/www.maga.gob.gt\/sitios\/visan\/wp-json\/wp\/v2\/media\/3473"}],"wp:attachment":[{"href":"https:\/\/www.maga.gob.gt\/sitios\/visan\/wp-json\/wp\/v2\/media?parent=3472"}],"wp:term":[{"taxonomy":"category","embeddable":true,"href":"https:\/\/www.maga.gob.gt\/sitios\/visan\/wp-json\/wp\/v2\/categories?post=3472"},{"taxonomy":"post_tag","embeddable":true,"href":"https:\/\/www.maga.gob.gt\/sitios\/visan\/wp-json\/wp\/v2\/tags?post=3472"}],"curies":[{"name":"wp","href":"https:\/\/api.w.org\/{rel}","templated":true}]}}