{"id":2282,"date":"2026-04-23T22:54:01","date_gmt":"2026-04-23T20:54:01","guid":{"rendered":"https:\/\/www.maga.gob.gt\/sitios\/vipeten\/?p=2282"},"modified":"2026-04-23T22:54:01","modified_gmt":"2026-04-23T20:54:01","slug":"intercambio-de-experiencias-promueve-la-ganaderia-sostenible-en-peten","status":"publish","type":"post","link":"https:\/\/www.maga.gob.gt\/sitios\/vipeten\/2026\/04\/23\/intercambio-de-experiencias-promueve-la-ganaderia-sostenible-en-peten\/","title":{"rendered":"Intercambio de experiencias promueve la ganader\u00eda sostenible en Pet\u00e9n"},"content":{"rendered":"<p style=\"text-align: justify;\">Ganaderos de los municipios de El Chal, Dolores, Popt\u00fan y San Luis visitaron una finca modelo de ganader\u00eda sostenible ubicada en el caser\u00edo Santo Domingo, municipio de Popt\u00fan, Pet\u00e9n, con el objetivo de intercambiar experiencias y promover la transici\u00f3n de la ganader\u00eda tradicional hacia un modelo m\u00e1s sostenible.<\/p>\n<p style=\"text-align: justify;\"><img loading=\"lazy\" decoding=\"async\" class=\"alignnone size-full wp-image-659397\" src=\"https:\/\/www.maga.gob.gt\/wp-content\/uploads\/2026\/04\/fortalecen-capacidade-en-gira6.jpeg\" sizes=\"auto, (max-width: 1152px) 100vw, 1152px\" srcset=\"https:\/\/www.maga.gob.gt\/wp-content\/uploads\/2026\/04\/fortalecen-capacidade-en-gira6.jpeg 1152w, https:\/\/www.maga.gob.gt\/wp-content\/uploads\/2026\/04\/fortalecen-capacidade-en-gira6-300x186.jpeg 300w, https:\/\/www.maga.gob.gt\/wp-content\/uploads\/2026\/04\/fortalecen-capacidade-en-gira6-1024x636.jpeg 1024w, https:\/\/www.maga.gob.gt\/wp-content\/uploads\/2026\/04\/fortalecen-capacidade-en-gira6-768x477.jpeg 768w, https:\/\/www.maga.gob.gt\/wp-content\/uploads\/2026\/04\/fortalecen-capacidade-en-gira6-500x310.jpeg 500w\" alt=\"\" width=\"1152\" height=\"715\" \/><\/p>\n<p style=\"text-align: justify;\">La actividad forma parte del proceso de implementaci\u00f3n del Modelo de Ganader\u00eda sin Deforestaci\u00f3n y de Bajas Emisiones, impulsado por el Ministerio de Agricultura, Ganader\u00eda y Alimentaci\u00f3n (MAGA), por medio de la Direcci\u00f3n de Recursos Naturales y Agroturismo (DIRNA), del Viceministerio Encargado de Asuntos del Pet\u00e9n (VIPET\u00c9N)<\/p>\n<p style=\"text-align: justify;\"><img loading=\"lazy\" decoding=\"async\" class=\"alignnone size-full wp-image-659396\" src=\"https:\/\/www.maga.gob.gt\/wp-content\/uploads\/2026\/04\/fortalecen-capacidade-en-gira5.jpeg\" sizes=\"auto, (max-width: 1152px) 100vw, 1152px\" srcset=\"https:\/\/www.maga.gob.gt\/wp-content\/uploads\/2026\/04\/fortalecen-capacidade-en-gira5.jpeg 1152w, https:\/\/www.maga.gob.gt\/wp-content\/uploads\/2026\/04\/fortalecen-capacidade-en-gira5-300x186.jpeg 300w, https:\/\/www.maga.gob.gt\/wp-content\/uploads\/2026\/04\/fortalecen-capacidade-en-gira5-1024x636.jpeg 1024w, https:\/\/www.maga.gob.gt\/wp-content\/uploads\/2026\/04\/fortalecen-capacidade-en-gira5-768x477.jpeg 768w, https:\/\/www.maga.gob.gt\/wp-content\/uploads\/2026\/04\/fortalecen-capacidade-en-gira5-500x311.jpeg 500w\" alt=\"\" width=\"1152\" height=\"716\" \/><\/p>\n<p style=\"text-align: justify;\">Durante la jornada, los productores participantes del programa 2026 observaron de manera directa el manejo implementado por un productor local, lo que permiti\u00f3 fortalecer sus conocimientos t\u00e9cnicos y reforzar buenas pr\u00e1cticas en el campo.<\/p>\n<p style=\"text-align: justify;\"><img loading=\"lazy\" decoding=\"async\" class=\"alignnone size-full wp-image-659395\" src=\"https:\/\/www.maga.gob.gt\/wp-content\/uploads\/2026\/04\/fortalecen-capacidade-en-gira4.jpeg\" sizes=\"auto, (max-width: 1152px) 100vw, 1152px\" srcset=\"https:\/\/www.maga.gob.gt\/wp-content\/uploads\/2026\/04\/fortalecen-capacidade-en-gira4.jpeg 1152w, https:\/\/www.maga.gob.gt\/wp-content\/uploads\/2026\/04\/fortalecen-capacidade-en-gira4-300x207.jpeg 300w, https:\/\/www.maga.gob.gt\/wp-content\/uploads\/2026\/04\/fortalecen-capacidade-en-gira4-1024x705.jpeg 1024w, https:\/\/www.maga.gob.gt\/wp-content\/uploads\/2026\/04\/fortalecen-capacidade-en-gira4-768x529.jpeg 768w, https:\/\/www.maga.gob.gt\/wp-content\/uploads\/2026\/04\/fortalecen-capacidade-en-gira4-500x344.jpeg 500w\" alt=\"\" width=\"1152\" height=\"793\" \/><\/p>\n<p style=\"text-align: justify;\">Entre los temas abordados destacaron la cosecha de agua, bancos proteicos y energ\u00e9ticos, establecimiento de pastos mejorados, sistemas silvopastoriles, cercas vivas, rotaci\u00f3n de potreros, elaboraci\u00f3n de ensilaje, uso de cercas el\u00e9ctricas, integraci\u00f3n de \u00e1rboles dispersos en potreros y la adecuada gesti\u00f3n del esti\u00e9rcol.<\/p>\n<p style=\"text-align: justify;\"><img loading=\"lazy\" decoding=\"async\" class=\"alignnone size-full wp-image-659394\" src=\"https:\/\/www.maga.gob.gt\/wp-content\/uploads\/2026\/04\/fortalecen-capacidade-en-gira3.jpeg\" sizes=\"auto, (max-width: 1152px) 100vw, 1152px\" srcset=\"https:\/\/www.maga.gob.gt\/wp-content\/uploads\/2026\/04\/fortalecen-capacidade-en-gira3.jpeg 1152w, https:\/\/www.maga.gob.gt\/wp-content\/uploads\/2026\/04\/fortalecen-capacidade-en-gira3-300x197.jpeg 300w, https:\/\/www.maga.gob.gt\/wp-content\/uploads\/2026\/04\/fortalecen-capacidade-en-gira3-1024x671.jpeg 1024w, https:\/\/www.maga.gob.gt\/wp-content\/uploads\/2026\/04\/fortalecen-capacidade-en-gira3-768x503.jpeg 768w, https:\/\/www.maga.gob.gt\/wp-content\/uploads\/2026\/04\/fortalecen-capacidade-en-gira3-500x328.jpeg 500w\" alt=\"\" width=\"1152\" height=\"755\" \/><\/p>\n<p style=\"text-align: justify;\">Asimismo, se llev\u00f3 a cabo la socializaci\u00f3n de los Incentivos Forestales, a cargo de un t\u00e9cnico del Instituto Nacional de Bosques (INAB), resaltando su importancia como herramienta complementaria para promover la sostenibilidad y la conservaci\u00f3n en los sistemas productivos.<\/p>\n<p style=\"text-align: justify;\">Estas acciones se enmarcan en el proceso de planificaci\u00f3n y acompa\u00f1amiento t\u00e9cnico que el MAGA ha fortalecido durante 2026, reafirmando su compromiso con el desarrollo sostenible del sector ganadero en el departamento de Pet\u00e9n (ER\/YL\/ea).<\/p>\n<p style=\"text-align: justify;\"><img loading=\"lazy\" decoding=\"async\" class=\"alignnone size-full wp-image-659393\" src=\"https:\/\/www.maga.gob.gt\/wp-content\/uploads\/2026\/04\/fortalecen-capacidade-en-gira2.jpeg\" sizes=\"auto, (max-width: 1152px) 100vw, 1152px\" srcset=\"https:\/\/www.maga.gob.gt\/wp-content\/uploads\/2026\/04\/fortalecen-capacidade-en-gira2.jpeg 1152w, https:\/\/www.maga.gob.gt\/wp-content\/uploads\/2026\/04\/fortalecen-capacidade-en-gira2-300x196.jpeg 300w, https:\/\/www.maga.gob.gt\/wp-content\/uploads\/2026\/04\/fortalecen-capacidade-en-gira2-1024x668.jpeg 1024w, https:\/\/www.maga.gob.gt\/wp-content\/uploads\/2026\/04\/fortalecen-capacidade-en-gira2-768x501.jpeg 768w, https:\/\/www.maga.gob.gt\/wp-content\/uploads\/2026\/04\/fortalecen-capacidade-en-gira2-500x326.jpeg 500w\" alt=\"\" width=\"1152\" height=\"752\" \/><\/p>\n","protected":false},"excerpt":{"rendered":"<p>Ganaderos de los municipios de El Chal, Dolores, Popt\u00fan y San Luis visitaron una finca modelo de ganader\u00eda sostenible ubicada en el caser\u00edo Santo Domingo, municipio de Popt\u00fan, Pet\u00e9n, con el objetivo de intercambiar experiencias y promover la transici\u00f3n de la ganader\u00eda tradicional hacia un modelo m\u00e1s sostenible. La actividad forma parte del proceso de [&hellip;]<\/p>\n","protected":false},"author":2,"featured_media":2283,"comment_status":"closed","ping_status":"open","sticky":false,"template":"","format":"standard","meta":{"footnotes":""},"categories":[2],"tags":[],"class_list":["post-2282","post","type-post","status-publish","format-standard","has-post-thumbnail","hentry","category-principal"],"_links":{"self":[{"href":"https:\/\/www.maga.gob.gt\/sitios\/vipeten\/wp-json\/wp\/v2\/posts\/2282","targetHints":{"allow":["GET"]}}],"collection":[{"href":"https:\/\/www.maga.gob.gt\/sitios\/vipeten\/wp-json\/wp\/v2\/posts"}],"about":[{"href":"https:\/\/www.maga.gob.gt\/sitios\/vipeten\/wp-json\/wp\/v2\/types\/post"}],"author":[{"embeddable":true,"href":"https:\/\/www.maga.gob.gt\/sitios\/vipeten\/wp-json\/wp\/v2\/users\/2"}],"replies":[{"embeddable":true,"href":"https:\/\/www.maga.gob.gt\/sitios\/vipeten\/wp-json\/wp\/v2\/comments?post=2282"}],"version-history":[{"count":1,"href":"https:\/\/www.maga.gob.gt\/sitios\/vipeten\/wp-json\/wp\/v2\/posts\/2282\/revisions"}],"predecessor-version":[{"id":2284,"href":"https:\/\/www.maga.gob.gt\/sitios\/vipeten\/wp-json\/wp\/v2\/posts\/2282\/revisions\/2284"}],"wp:featuredmedia":[{"embeddable":true,"href":"https:\/\/www.maga.gob.gt\/sitios\/vipeten\/wp-json\/wp\/v2\/media\/2283"}],"wp:attachment":[{"href":"https:\/\/www.maga.gob.gt\/sitios\/vipeten\/wp-json\/wp\/v2\/media?parent=2282"}],"wp:term":[{"taxonomy":"category","embeddable":true,"href":"https:\/\/www.maga.gob.gt\/sitios\/vipeten\/wp-json\/wp\/v2\/categories?post=2282"},{"taxonomy":"post_tag","embeddable":true,"href":"https:\/\/www.maga.gob.gt\/sitios\/vipeten\/wp-json\/wp\/v2\/tags?post=2282"}],"curies":[{"name":"wp","href":"https:\/\/api.w.org\/{rel}","templated":true}]}}