{"id":2279,"date":"2026-04-23T17:44:15","date_gmt":"2026-04-23T15:44:15","guid":{"rendered":"https:\/\/www.maga.gob.gt\/sitios\/vipeten\/?p=2279"},"modified":"2026-04-23T17:44:15","modified_gmt":"2026-04-23T15:44:15","slug":"entregan-semillas-para-huertos-familiares-en-melchor-de-mencos","status":"publish","type":"post","link":"https:\/\/www.maga.gob.gt\/sitios\/vipeten\/2026\/04\/23\/entregan-semillas-para-huertos-familiares-en-melchor-de-mencos\/","title":{"rendered":"Entregan semillas para huertos familiares en Melchor de Mencos"},"content":{"rendered":"<p style=\"text-align: justify;\">En el caser\u00edo Nuevo Para\u00edso del municipio de Melchor de Mencos, Pet\u00e9n, se realiz\u00f3 la entrega de semillas de hortalizas destinadas a la implementaci\u00f3n de huertos familiares, con el objetivo de fortalecer la seguridad alimentaria de las familias de la comunidad.<\/p>\n<p style=\"text-align: justify;\"><img loading=\"lazy\" decoding=\"async\" class=\"alignnone size-full wp-image-659332\" src=\"https:\/\/www.maga.gob.gt\/wp-content\/uploads\/2026\/04\/Entregan-semillas-para-huertos-familiares-en-Melchor-de-Mencos2.jpeg\" sizes=\"auto, (max-width: 1152px) 100vw, 1152px\" srcset=\"https:\/\/www.maga.gob.gt\/wp-content\/uploads\/2026\/04\/Entregan-semillas-para-huertos-familiares-en-Melchor-de-Mencos2.jpeg 1152w, https:\/\/www.maga.gob.gt\/wp-content\/uploads\/2026\/04\/Entregan-semillas-para-huertos-familiares-en-Melchor-de-Mencos2-300x170.jpeg 300w, https:\/\/www.maga.gob.gt\/wp-content\/uploads\/2026\/04\/Entregan-semillas-para-huertos-familiares-en-Melchor-de-Mencos2-1024x579.jpeg 1024w, https:\/\/www.maga.gob.gt\/wp-content\/uploads\/2026\/04\/Entregan-semillas-para-huertos-familiares-en-Melchor-de-Mencos2-768x434.jpeg 768w, https:\/\/www.maga.gob.gt\/wp-content\/uploads\/2026\/04\/Entregan-semillas-para-huertos-familiares-en-Melchor-de-Mencos2-500x283.jpeg 500w\" alt=\"\" width=\"1152\" height=\"651\" \/><\/p>\n<p style=\"text-align: justify;\">Durante la actividad se distribuyeron semillas de pepino, acelga, sand\u00eda, perejil, cilantro, cebolla y zucchini, con el prop\u00f3sito de que los beneficiarios puedan producir hortalizas para el consumo en sus hogares.<\/p>\n<p style=\"text-align: justify;\"><img loading=\"lazy\" decoding=\"async\" class=\"alignnone size-full wp-image-659333\" src=\"https:\/\/www.maga.gob.gt\/wp-content\/uploads\/2026\/04\/Entregan-semillas-para-huertos-familiares-en-Melchor-de-Mencos3.jpeg\" sizes=\"auto, (max-width: 1152px) 100vw, 1152px\" srcset=\"https:\/\/www.maga.gob.gt\/wp-content\/uploads\/2026\/04\/Entregan-semillas-para-huertos-familiares-en-Melchor-de-Mencos3.jpeg 1152w, https:\/\/www.maga.gob.gt\/wp-content\/uploads\/2026\/04\/Entregan-semillas-para-huertos-familiares-en-Melchor-de-Mencos3-300x196.jpeg 300w, https:\/\/www.maga.gob.gt\/wp-content\/uploads\/2026\/04\/Entregan-semillas-para-huertos-familiares-en-Melchor-de-Mencos3-1024x668.jpeg 1024w, https:\/\/www.maga.gob.gt\/wp-content\/uploads\/2026\/04\/Entregan-semillas-para-huertos-familiares-en-Melchor-de-Mencos3-768x501.jpeg 768w, https:\/\/www.maga.gob.gt\/wp-content\/uploads\/2026\/04\/Entregan-semillas-para-huertos-familiares-en-Melchor-de-Mencos3-500x326.jpeg 500w\" alt=\"\" width=\"1152\" height=\"751\" \/><\/p>\n<p style=\"text-align: justify;\">La jornada fue coordinada por la extensionista Maybelin Gregori, del Programa de Agricultura Familiar de la Agencia Municipal de Extensi\u00f3n Rural (AMER), del Ministerio de Agricultura, Ganader\u00eda y Alimentaci\u00f3n (MAGA), junto al ingeniero Emanuel Marroqu\u00edn, de la Direcci\u00f3n de Desarrollo Agropecuario (DAGRO), del Viceministerio Encargado de Asuntos del Pet\u00e9n (VIPET\u00c9N) (YL\/ea).<\/p>\n<p style=\"text-align: justify;\"><img loading=\"lazy\" decoding=\"async\" class=\"alignnone size-full wp-image-659334\" src=\"https:\/\/www.maga.gob.gt\/wp-content\/uploads\/2026\/04\/Entregan-semillas-para-huertos-familiares-en-Melchor-de-Mencos4.jpeg\" sizes=\"auto, (max-width: 1152px) 100vw, 1152px\" srcset=\"https:\/\/www.maga.gob.gt\/wp-content\/uploads\/2026\/04\/Entregan-semillas-para-huertos-familiares-en-Melchor-de-Mencos4.jpeg 1152w, https:\/\/www.maga.gob.gt\/wp-content\/uploads\/2026\/04\/Entregan-semillas-para-huertos-familiares-en-Melchor-de-Mencos4-300x162.jpeg 300w, https:\/\/www.maga.gob.gt\/wp-content\/uploads\/2026\/04\/Entregan-semillas-para-huertos-familiares-en-Melchor-de-Mencos4-1024x552.jpeg 1024w, https:\/\/www.maga.gob.gt\/wp-content\/uploads\/2026\/04\/Entregan-semillas-para-huertos-familiares-en-Melchor-de-Mencos4-768x414.jpeg 768w, https:\/\/www.maga.gob.gt\/wp-content\/uploads\/2026\/04\/Entregan-semillas-para-huertos-familiares-en-Melchor-de-Mencos4-500x270.jpeg 500w\" alt=\"\" width=\"1152\" height=\"621\" \/><\/p>\n","protected":false},"excerpt":{"rendered":"<p>En el caser\u00edo Nuevo Para\u00edso del municipio de Melchor de Mencos, Pet\u00e9n, se realiz\u00f3 la entrega de semillas de hortalizas destinadas a la implementaci\u00f3n de huertos familiares, con el objetivo de fortalecer la seguridad alimentaria de las familias de la comunidad. Durante la actividad se distribuyeron semillas de pepino, acelga, sand\u00eda, perejil, cilantro, cebolla y [&hellip;]<\/p>\n","protected":false},"author":2,"featured_media":2280,"comment_status":"closed","ping_status":"open","sticky":false,"template":"","format":"standard","meta":{"footnotes":""},"categories":[2],"tags":[],"class_list":["post-2279","post","type-post","status-publish","format-standard","has-post-thumbnail","hentry","category-principal"],"_links":{"self":[{"href":"https:\/\/www.maga.gob.gt\/sitios\/vipeten\/wp-json\/wp\/v2\/posts\/2279","targetHints":{"allow":["GET"]}}],"collection":[{"href":"https:\/\/www.maga.gob.gt\/sitios\/vipeten\/wp-json\/wp\/v2\/posts"}],"about":[{"href":"https:\/\/www.maga.gob.gt\/sitios\/vipeten\/wp-json\/wp\/v2\/types\/post"}],"author":[{"embeddable":true,"href":"https:\/\/www.maga.gob.gt\/sitios\/vipeten\/wp-json\/wp\/v2\/users\/2"}],"replies":[{"embeddable":true,"href":"https:\/\/www.maga.gob.gt\/sitios\/vipeten\/wp-json\/wp\/v2\/comments?post=2279"}],"version-history":[{"count":1,"href":"https:\/\/www.maga.gob.gt\/sitios\/vipeten\/wp-json\/wp\/v2\/posts\/2279\/revisions"}],"predecessor-version":[{"id":2281,"href":"https:\/\/www.maga.gob.gt\/sitios\/vipeten\/wp-json\/wp\/v2\/posts\/2279\/revisions\/2281"}],"wp:featuredmedia":[{"embeddable":true,"href":"https:\/\/www.maga.gob.gt\/sitios\/vipeten\/wp-json\/wp\/v2\/media\/2280"}],"wp:attachment":[{"href":"https:\/\/www.maga.gob.gt\/sitios\/vipeten\/wp-json\/wp\/v2\/media?parent=2279"}],"wp:term":[{"taxonomy":"category","embeddable":true,"href":"https:\/\/www.maga.gob.gt\/sitios\/vipeten\/wp-json\/wp\/v2\/categories?post=2279"},{"taxonomy":"post_tag","embeddable":true,"href":"https:\/\/www.maga.gob.gt\/sitios\/vipeten\/wp-json\/wp\/v2\/tags?post=2279"}],"curies":[{"name":"wp","href":"https:\/\/api.w.org\/{rel}","templated":true}]}}