{"id":2276,"date":"2026-04-22T23:33:14","date_gmt":"2026-04-22T21:33:14","guid":{"rendered":"https:\/\/www.maga.gob.gt\/sitios\/vipeten\/?p=2276"},"modified":"2026-04-22T23:33:14","modified_gmt":"2026-04-22T21:33:14","slug":"avanza-construccion-de-centro-de-adaptacion-al-cambio-climatico-en-peten","status":"publish","type":"post","link":"https:\/\/www.maga.gob.gt\/sitios\/vipeten\/2026\/04\/22\/avanza-construccion-de-centro-de-adaptacion-al-cambio-climatico-en-peten\/","title":{"rendered":"Avanza construcci\u00f3n de Centro de Adaptaci\u00f3n al Cambio Clim\u00e1tico en Pet\u00e9n"},"content":{"rendered":"<p style=\"text-align: justify;\">Una gira de campo para verificar los avances en la construcci\u00f3n del Centro de Adaptaci\u00f3n al Cambio Clim\u00e1tico (CAC), realizaron las autoridades del Ministerio de Agricultura, Ganader\u00eda y Alimentaci\u00f3n (MAGA), encabezadas por el Elmer Salazar, viceministro Encargado de Asuntos del Pet\u00e9n (VIPET\u00c9N).<\/p>\n<p style=\"text-align: justify;\">Dicho centro est\u00e1 ubicado en la comunidad El Sub\u00edn, municipio de Las Cruces, Pet\u00e9n. Salazar destac\u00f3 que el proyecto fortalecer\u00e1 al viceministerio, especialmente por la presencia de numerosos grupos organizados en la regi\u00f3n<\/p>\n<p style=\"text-align: justify;\"><img loading=\"lazy\" decoding=\"async\" class=\"alignnone size-full wp-image-659303\" src=\"https:\/\/www.maga.gob.gt\/wp-content\/uploads\/2026\/04\/Avanza-construccion-de-Centro-de-Adaptacion-al-Cambio-Climatico-en-Peten2.jpeg\" sizes=\"auto, (max-width: 1152px) 100vw, 1152px\" srcset=\"https:\/\/www.maga.gob.gt\/wp-content\/uploads\/2026\/04\/Avanza-construccion-de-Centro-de-Adaptacion-al-Cambio-Climatico-en-Peten2.jpeg 1152w, https:\/\/www.maga.gob.gt\/wp-content\/uploads\/2026\/04\/Avanza-construccion-de-Centro-de-Adaptacion-al-Cambio-Climatico-en-Peten2-300x184.jpeg 300w, https:\/\/www.maga.gob.gt\/wp-content\/uploads\/2026\/04\/Avanza-construccion-de-Centro-de-Adaptacion-al-Cambio-Climatico-en-Peten2-1024x629.jpeg 1024w, https:\/\/www.maga.gob.gt\/wp-content\/uploads\/2026\/04\/Avanza-construccion-de-Centro-de-Adaptacion-al-Cambio-Climatico-en-Peten2-768x472.jpeg 768w, https:\/\/www.maga.gob.gt\/wp-content\/uploads\/2026\/04\/Avanza-construccion-de-Centro-de-Adaptacion-al-Cambio-Climatico-en-Peten2-500x307.jpeg 500w\" alt=\"\" width=\"1152\" height=\"708\" \/><\/p>\n<p style=\"text-align: justify;\">La edificaci\u00f3n de este centro tiene como objetivo final fortalecer la productividad agropecuaria frente a los efectos del cambio clim\u00e1tico. Uno de los componentes es el de formaci\u00f3n agr\u00edcola, orientado a estandarizar conocimientos entre los productores, con el fin de mejorar la producci\u00f3n en el departamento de Pet\u00e9n.<\/p>\n<p style=\"text-align: justify;\">El proyecto es parte de la iniciativa RELIVE RESILIMA, impulsada por la Organizaci\u00f3n de las Naciones Unidas para la Alimentaci\u00f3n y la Agricultura (FAO) y financiada por la Agencia de Cooperaci\u00f3n Internacional de Corea (KOICA).<\/p>\n<p style=\"text-align: justify;\"><img loading=\"lazy\" decoding=\"async\" class=\"alignnone size-full wp-image-659304\" src=\"https:\/\/www.maga.gob.gt\/wp-content\/uploads\/2026\/04\/Avanza-construccion-de-Centro-de-Adaptacion-al-Cambio-Climatico-en-Peten3.jpeg\" sizes=\"auto, (max-width: 1152px) 100vw, 1152px\" srcset=\"https:\/\/www.maga.gob.gt\/wp-content\/uploads\/2026\/04\/Avanza-construccion-de-Centro-de-Adaptacion-al-Cambio-Climatico-en-Peten3.jpeg 1152w, https:\/\/www.maga.gob.gt\/wp-content\/uploads\/2026\/04\/Avanza-construccion-de-Centro-de-Adaptacion-al-Cambio-Climatico-en-Peten3-300x166.jpeg 300w, https:\/\/www.maga.gob.gt\/wp-content\/uploads\/2026\/04\/Avanza-construccion-de-Centro-de-Adaptacion-al-Cambio-Climatico-en-Peten3-1024x566.jpeg 1024w, https:\/\/www.maga.gob.gt\/wp-content\/uploads\/2026\/04\/Avanza-construccion-de-Centro-de-Adaptacion-al-Cambio-Climatico-en-Peten3-768x425.jpeg 768w, https:\/\/www.maga.gob.gt\/wp-content\/uploads\/2026\/04\/Avanza-construccion-de-Centro-de-Adaptacion-al-Cambio-Climatico-en-Peten3-500x276.jpeg 500w\" alt=\"\" width=\"1152\" height=\"637\" \/><\/p>\n<p style=\"text-align: justify;\">Al finalizarlo, se promover\u00e1n pr\u00e1cticas sostenibles que permitan a los productores fortalecer sus sistemas productivos con mayor resiliencia ambiental.<\/p>\n<p style=\"text-align: justify;\">El centro funcionar\u00e1 como un espacio de formaci\u00f3n y capacitaci\u00f3n dirigido a diversos grupos de productores agropecuarios del departamento de Pet\u00e9n, a los que brindar\u00e1 herramientas t\u00e9cnicas para enfrentar los desaf\u00edos derivados del cambio clim\u00e1tico.<\/p>\n<p style=\"text-align: justify;\"><img loading=\"lazy\" decoding=\"async\" class=\"alignnone size-full wp-image-659305\" src=\"https:\/\/www.maga.gob.gt\/wp-content\/uploads\/2026\/04\/Avanza-construccion-de-Centro-de-Adaptacion-al-Cambio-Climatico-en-Peten4.jpeg\" sizes=\"auto, (max-width: 1152px) 100vw, 1152px\" srcset=\"https:\/\/www.maga.gob.gt\/wp-content\/uploads\/2026\/04\/Avanza-construccion-de-Centro-de-Adaptacion-al-Cambio-Climatico-en-Peten4.jpeg 1152w, https:\/\/www.maga.gob.gt\/wp-content\/uploads\/2026\/04\/Avanza-construccion-de-Centro-de-Adaptacion-al-Cambio-Climatico-en-Peten4-300x159.jpeg 300w, https:\/\/www.maga.gob.gt\/wp-content\/uploads\/2026\/04\/Avanza-construccion-de-Centro-de-Adaptacion-al-Cambio-Climatico-en-Peten4-1024x541.jpeg 1024w, https:\/\/www.maga.gob.gt\/wp-content\/uploads\/2026\/04\/Avanza-construccion-de-Centro-de-Adaptacion-al-Cambio-Climatico-en-Peten4-768x406.jpeg 768w, https:\/\/www.maga.gob.gt\/wp-content\/uploads\/2026\/04\/Avanza-construccion-de-Centro-de-Adaptacion-al-Cambio-Climatico-en-Peten4-500x264.jpeg 500w\" alt=\"\" width=\"1152\" height=\"609\" \/><\/p>\n<p style=\"text-align: justify;\">Tendr\u00e1 instalaciones para la realizaci\u00f3n de reuniones y tambi\u00e9n \u00e1reas de hospedaje y de lactancia, destinadas a productora. Habr\u00e1 un espacio de juegos que facilitar\u00e1 la participaci\u00f3n de madres y que asistan con sus hijos. De esta manera, se promover\u00e1 un entorno inclusivo y accesible para las familias rurales.<\/p>\n<p style=\"text-align: justify;\">En la actividad tambi\u00e9n participaron el director de la Direcci\u00f3n de Desarrollo Agropecuario (DAGRO) de VIPET\u00c9N, ingeniero Maynor Ar\u00e9valo, as\u00ed como delegados de la FAO y KOICA, quienes destacaron la importancia de este tipo de iniciativas para impulsar el desarrollo sostenible en la regi\u00f3n (BA\/YL\/ea).<\/p>\n<p style=\"text-align: justify;\"><img loading=\"lazy\" decoding=\"async\" class=\"alignnone size-full wp-image-659306\" src=\"https:\/\/www.maga.gob.gt\/wp-content\/uploads\/2026\/04\/Avanza-construccion-de-Centro-de-Adaptacion-al-Cambio-Climatico-en-Peten5.jpeg\" sizes=\"auto, (max-width: 1152px) 100vw, 1152px\" srcset=\"https:\/\/www.maga.gob.gt\/wp-content\/uploads\/2026\/04\/Avanza-construccion-de-Centro-de-Adaptacion-al-Cambio-Climatico-en-Peten5.jpeg 1152w, https:\/\/www.maga.gob.gt\/wp-content\/uploads\/2026\/04\/Avanza-construccion-de-Centro-de-Adaptacion-al-Cambio-Climatico-en-Peten5-300x158.jpeg 300w, https:\/\/www.maga.gob.gt\/wp-content\/uploads\/2026\/04\/Avanza-construccion-de-Centro-de-Adaptacion-al-Cambio-Climatico-en-Peten5-1024x539.jpeg 1024w, https:\/\/www.maga.gob.gt\/wp-content\/uploads\/2026\/04\/Avanza-construccion-de-Centro-de-Adaptacion-al-Cambio-Climatico-en-Peten5-768x404.jpeg 768w, https:\/\/www.maga.gob.gt\/wp-content\/uploads\/2026\/04\/Avanza-construccion-de-Centro-de-Adaptacion-al-Cambio-Climatico-en-Peten5-500x263.jpeg 500w\" alt=\"\" width=\"1152\" height=\"606\" \/><\/p>\n","protected":false},"excerpt":{"rendered":"<p>Una gira de campo para verificar los avances en la construcci\u00f3n del Centro de Adaptaci\u00f3n al Cambio Clim\u00e1tico (CAC), realizaron las autoridades del Ministerio de Agricultura, Ganader\u00eda y Alimentaci\u00f3n (MAGA), encabezadas por el Elmer Salazar, viceministro Encargado de Asuntos del Pet\u00e9n (VIPET\u00c9N). Dicho centro est\u00e1 ubicado en la comunidad El Sub\u00edn, municipio de Las Cruces, [&hellip;]<\/p>\n","protected":false},"author":2,"featured_media":2277,"comment_status":"closed","ping_status":"open","sticky":false,"template":"","format":"standard","meta":{"footnotes":""},"categories":[2],"tags":[],"class_list":["post-2276","post","type-post","status-publish","format-standard","has-post-thumbnail","hentry","category-principal"],"_links":{"self":[{"href":"https:\/\/www.maga.gob.gt\/sitios\/vipeten\/wp-json\/wp\/v2\/posts\/2276","targetHints":{"allow":["GET"]}}],"collection":[{"href":"https:\/\/www.maga.gob.gt\/sitios\/vipeten\/wp-json\/wp\/v2\/posts"}],"about":[{"href":"https:\/\/www.maga.gob.gt\/sitios\/vipeten\/wp-json\/wp\/v2\/types\/post"}],"author":[{"embeddable":true,"href":"https:\/\/www.maga.gob.gt\/sitios\/vipeten\/wp-json\/wp\/v2\/users\/2"}],"replies":[{"embeddable":true,"href":"https:\/\/www.maga.gob.gt\/sitios\/vipeten\/wp-json\/wp\/v2\/comments?post=2276"}],"version-history":[{"count":1,"href":"https:\/\/www.maga.gob.gt\/sitios\/vipeten\/wp-json\/wp\/v2\/posts\/2276\/revisions"}],"predecessor-version":[{"id":2278,"href":"https:\/\/www.maga.gob.gt\/sitios\/vipeten\/wp-json\/wp\/v2\/posts\/2276\/revisions\/2278"}],"wp:featuredmedia":[{"embeddable":true,"href":"https:\/\/www.maga.gob.gt\/sitios\/vipeten\/wp-json\/wp\/v2\/media\/2277"}],"wp:attachment":[{"href":"https:\/\/www.maga.gob.gt\/sitios\/vipeten\/wp-json\/wp\/v2\/media?parent=2276"}],"wp:term":[{"taxonomy":"category","embeddable":true,"href":"https:\/\/www.maga.gob.gt\/sitios\/vipeten\/wp-json\/wp\/v2\/categories?post=2276"},{"taxonomy":"post_tag","embeddable":true,"href":"https:\/\/www.maga.gob.gt\/sitios\/vipeten\/wp-json\/wp\/v2\/tags?post=2276"}],"curies":[{"name":"wp","href":"https:\/\/api.w.org\/{rel}","templated":true}]}}