{"id":2270,"date":"2026-04-20T17:01:39","date_gmt":"2026-04-20T15:01:39","guid":{"rendered":"https:\/\/www.maga.gob.gt\/sitios\/vipeten\/?p=2270"},"modified":"2026-04-20T17:01:39","modified_gmt":"2026-04-20T15:01:39","slug":"jornada-de-vacunacion-avicola-en-el-chal-2","status":"publish","type":"post","link":"https:\/\/www.maga.gob.gt\/sitios\/vipeten\/2026\/04\/20\/jornada-de-vacunacion-avicola-en-el-chal-2\/","title":{"rendered":"Jornada de vacunaci\u00f3n av\u00edcola en El Chal"},"content":{"rendered":"<p style=\"text-align: justify;\">Con el objetivo de fortalecer el manejo sanitario en las granjas y prevenir enfermedades comunes en la producci\u00f3n av\u00edcola, se realiz\u00f3 una jornada de vacunaci\u00f3n de aves de engorde en las comunidades de La Puente y San Carlos, municipio de El Chal, Pet\u00e9n.<\/p>\n<p style=\"text-align: justify;\">Durante la actividad, los extensionistas de Agricultura Familiar, Keny Aza\u00f1\u00f3n y Alexander Reyes, de la Agencia Municipal de Extensi\u00f3n Rural (AMER) del Ministerio de Agricultura, Ganader\u00eda y Alimentaci\u00f3n (MAGA), en coordinaci\u00f3n con la Municipalidad de El Chal, brindaron asistencia t\u00e9cnica en la aplicaci\u00f3n de vacunas.<\/p>\n<p style=\"text-align: justify;\"><img loading=\"lazy\" decoding=\"async\" class=\"alignnone size-full wp-image-659050\" src=\"https:\/\/www.maga.gob.gt\/wp-content\/uploads\/2026\/04\/Jornada-de-vacunacion-avicola-en-El-Chal2.jpeg\" sizes=\"auto, (max-width: 1008px) 100vw, 1008px\" srcset=\"https:\/\/www.maga.gob.gt\/wp-content\/uploads\/2026\/04\/Jornada-de-vacunacion-avicola-en-El-Chal2.jpeg 1008w, https:\/\/www.maga.gob.gt\/wp-content\/uploads\/2026\/04\/Jornada-de-vacunacion-avicola-en-El-Chal2-300x266.jpeg 300w, https:\/\/www.maga.gob.gt\/wp-content\/uploads\/2026\/04\/Jornada-de-vacunacion-avicola-en-El-Chal2-768x680.jpeg 768w, https:\/\/www.maga.gob.gt\/wp-content\/uploads\/2026\/04\/Jornada-de-vacunacion-avicola-en-El-Chal2-500x443.jpeg 500w\" alt=\"\" width=\"1008\" height=\"893\" \/><\/p>\n<p style=\"text-align: justify;\">Asimismo, proporcionaron a los productores recomendaciones b\u00e1sicas relativas a las buenas pr\u00e1cticas de manejo av\u00edcola.<\/p>\n<p style=\"text-align: justify;\">Por su parte, personal de la Direcci\u00f3n de Desarrollo Agropecuario (DAGRO), del Viceministerio Encargado de Asuntos del Pet\u00e9n (VIPET\u00c9N), apoy\u00f3 en la vacunaci\u00f3n de las aves de los productores beneficiarios, con el prop\u00f3sito de mejorar la salud y la productividad de las mismas (YL\/ea).<\/p>\n<p style=\"text-align: justify;\"><img loading=\"lazy\" decoding=\"async\" class=\"alignnone size-full wp-image-659051\" src=\"https:\/\/www.maga.gob.gt\/wp-content\/uploads\/2026\/04\/Jornada-de-vacunacion-avicola-en-El-Chal3.jpeg\" sizes=\"auto, (max-width: 1080px) 100vw, 1080px\" srcset=\"https:\/\/www.maga.gob.gt\/wp-content\/uploads\/2026\/04\/Jornada-de-vacunacion-avicola-en-El-Chal3.jpeg 1080w, https:\/\/www.maga.gob.gt\/wp-content\/uploads\/2026\/04\/Jornada-de-vacunacion-avicola-en-El-Chal3-300x224.jpeg 300w, https:\/\/www.maga.gob.gt\/wp-content\/uploads\/2026\/04\/Jornada-de-vacunacion-avicola-en-El-Chal3-1024x764.jpeg 1024w, https:\/\/www.maga.gob.gt\/wp-content\/uploads\/2026\/04\/Jornada-de-vacunacion-avicola-en-El-Chal3-768x573.jpeg 768w, https:\/\/www.maga.gob.gt\/wp-content\/uploads\/2026\/04\/Jornada-de-vacunacion-avicola-en-El-Chal3-500x373.jpeg 500w\" alt=\"\" width=\"1080\" height=\"806\" \/><\/p>\n","protected":false},"excerpt":{"rendered":"<p>Con el objetivo de fortalecer el manejo sanitario en las granjas y prevenir enfermedades comunes en la producci\u00f3n av\u00edcola, se realiz\u00f3 una jornada de vacunaci\u00f3n de aves de engorde en las comunidades de La Puente y San Carlos, municipio de El Chal, Pet\u00e9n. Durante la actividad, los extensionistas de Agricultura Familiar, Keny Aza\u00f1\u00f3n y Alexander [&hellip;]<\/p>\n","protected":false},"author":2,"featured_media":2271,"comment_status":"closed","ping_status":"open","sticky":false,"template":"","format":"standard","meta":{"footnotes":""},"categories":[2],"tags":[],"class_list":["post-2270","post","type-post","status-publish","format-standard","has-post-thumbnail","hentry","category-principal"],"_links":{"self":[{"href":"https:\/\/www.maga.gob.gt\/sitios\/vipeten\/wp-json\/wp\/v2\/posts\/2270","targetHints":{"allow":["GET"]}}],"collection":[{"href":"https:\/\/www.maga.gob.gt\/sitios\/vipeten\/wp-json\/wp\/v2\/posts"}],"about":[{"href":"https:\/\/www.maga.gob.gt\/sitios\/vipeten\/wp-json\/wp\/v2\/types\/post"}],"author":[{"embeddable":true,"href":"https:\/\/www.maga.gob.gt\/sitios\/vipeten\/wp-json\/wp\/v2\/users\/2"}],"replies":[{"embeddable":true,"href":"https:\/\/www.maga.gob.gt\/sitios\/vipeten\/wp-json\/wp\/v2\/comments?post=2270"}],"version-history":[{"count":1,"href":"https:\/\/www.maga.gob.gt\/sitios\/vipeten\/wp-json\/wp\/v2\/posts\/2270\/revisions"}],"predecessor-version":[{"id":2272,"href":"https:\/\/www.maga.gob.gt\/sitios\/vipeten\/wp-json\/wp\/v2\/posts\/2270\/revisions\/2272"}],"wp:featuredmedia":[{"embeddable":true,"href":"https:\/\/www.maga.gob.gt\/sitios\/vipeten\/wp-json\/wp\/v2\/media\/2271"}],"wp:attachment":[{"href":"https:\/\/www.maga.gob.gt\/sitios\/vipeten\/wp-json\/wp\/v2\/media?parent=2270"}],"wp:term":[{"taxonomy":"category","embeddable":true,"href":"https:\/\/www.maga.gob.gt\/sitios\/vipeten\/wp-json\/wp\/v2\/categories?post=2270"},{"taxonomy":"post_tag","embeddable":true,"href":"https:\/\/www.maga.gob.gt\/sitios\/vipeten\/wp-json\/wp\/v2\/tags?post=2270"}],"curies":[{"name":"wp","href":"https:\/\/api.w.org\/{rel}","templated":true}]}}