{"id":2255,"date":"2026-04-13T23:01:57","date_gmt":"2026-04-13T21:01:57","guid":{"rendered":"https:\/\/www.maga.gob.gt\/sitios\/vipeten\/?p=2255"},"modified":"2026-04-13T23:01:57","modified_gmt":"2026-04-13T21:01:57","slug":"jornada-de-vacunacion-avicola-beneficia-a-comunidades-de-san-luis","status":"publish","type":"post","link":"https:\/\/www.maga.gob.gt\/sitios\/vipeten\/2026\/04\/13\/jornada-de-vacunacion-avicola-beneficia-a-comunidades-de-san-luis\/","title":{"rendered":"Jornada de vacunaci\u00f3n av\u00edcola beneficia a comunidades de San Luis"},"content":{"rendered":"<p style=\"text-align: justify;\">En las comunidades de Barrio Nuevo Ixbob\u00f3, San Fernando, Cangreal y Actel\u00e1, del municipio de San Luis, Pet\u00e9n, se realiz\u00f3 una jornada de vacunaci\u00f3n dirigida a pollos de engorde.<\/p>\n<p style=\"text-align: justify;\">La actividad se realiz\u00f3 con la participaci\u00f3n de cuatro grupos del Centro de Aprendizaje para el Desarrollo Rural (CADER), con el prop\u00f3sito de fortalecer la sanidad av\u00edcola y mejorar la producci\u00f3n en las comunidades beneficiadas.<\/p>\n<p style=\"text-align: justify;\"><img loading=\"lazy\" decoding=\"async\" class=\"alignnone size-full wp-image-658663\" src=\"https:\/\/www.maga.gob.gt\/wp-content\/uploads\/2026\/04\/Jornada-de-vacunacion-avicola-beneficia-a-comunidades-de-San-Luis2.jpeg\" sizes=\"auto, (max-width: 1152px) 100vw, 1152px\" srcset=\"https:\/\/www.maga.gob.gt\/wp-content\/uploads\/2026\/04\/Jornada-de-vacunacion-avicola-beneficia-a-comunidades-de-San-Luis2.jpeg 1152w, https:\/\/www.maga.gob.gt\/wp-content\/uploads\/2026\/04\/Jornada-de-vacunacion-avicola-beneficia-a-comunidades-de-San-Luis2-300x172.jpeg 300w, https:\/\/www.maga.gob.gt\/wp-content\/uploads\/2026\/04\/Jornada-de-vacunacion-avicola-beneficia-a-comunidades-de-San-Luis2-1024x588.jpeg 1024w, https:\/\/www.maga.gob.gt\/wp-content\/uploads\/2026\/04\/Jornada-de-vacunacion-avicola-beneficia-a-comunidades-de-San-Luis2-768x441.jpeg 768w, https:\/\/www.maga.gob.gt\/wp-content\/uploads\/2026\/04\/Jornada-de-vacunacion-avicola-beneficia-a-comunidades-de-San-Luis2-500x287.jpeg 500w\" alt=\"\" width=\"1152\" height=\"661\" \/><\/p>\n<p style=\"text-align: justify;\">La jornada cont\u00f3 con el apoyo del extensionista Rigoberto Hern\u00e1ndez, de la Agencia Municipal de Extensi\u00f3n Rural (AMER) de San Luis, del Ministerio de Agricultura, Ganader\u00eda y Alimentaci\u00f3n (MAGA), as\u00ed como del licenciado Jos\u00e9 Molina, representante de la Direcci\u00f3n de Desarrollo Agropecuario (DAGRO) del Viceministerio Encargado de Asuntos del Pet\u00e9n (VIPET\u00c9N) (YL\/ea).<\/p>\n<p style=\"text-align: justify;\"><img loading=\"lazy\" decoding=\"async\" class=\"alignnone size-full wp-image-658664\" src=\"https:\/\/www.maga.gob.gt\/wp-content\/uploads\/2026\/04\/Jornada-de-vacunacion-avicola-beneficia-a-comunidades-de-San-Luis3.jpeg\" sizes=\"auto, (max-width: 1152px) 100vw, 1152px\" srcset=\"https:\/\/www.maga.gob.gt\/wp-content\/uploads\/2026\/04\/Jornada-de-vacunacion-avicola-beneficia-a-comunidades-de-San-Luis3.jpeg 1152w, https:\/\/www.maga.gob.gt\/wp-content\/uploads\/2026\/04\/Jornada-de-vacunacion-avicola-beneficia-a-comunidades-de-San-Luis3-300x161.jpeg 300w, https:\/\/www.maga.gob.gt\/wp-content\/uploads\/2026\/04\/Jornada-de-vacunacion-avicola-beneficia-a-comunidades-de-San-Luis3-1024x551.jpeg 1024w, https:\/\/www.maga.gob.gt\/wp-content\/uploads\/2026\/04\/Jornada-de-vacunacion-avicola-beneficia-a-comunidades-de-San-Luis3-768x413.jpeg 768w, https:\/\/www.maga.gob.gt\/wp-content\/uploads\/2026\/04\/Jornada-de-vacunacion-avicola-beneficia-a-comunidades-de-San-Luis3-500x269.jpeg 500w\" alt=\"\" width=\"1152\" height=\"620\" \/><\/p>\n","protected":false},"excerpt":{"rendered":"<p>En las comunidades de Barrio Nuevo Ixbob\u00f3, San Fernando, Cangreal y Actel\u00e1, del municipio de San Luis, Pet\u00e9n, se realiz\u00f3 una jornada de vacunaci\u00f3n dirigida a pollos de engorde. La actividad se realiz\u00f3 con la participaci\u00f3n de cuatro grupos del Centro de Aprendizaje para el Desarrollo Rural (CADER), con el prop\u00f3sito de fortalecer la sanidad [&hellip;]<\/p>\n","protected":false},"author":2,"featured_media":2256,"comment_status":"closed","ping_status":"open","sticky":false,"template":"","format":"standard","meta":{"footnotes":""},"categories":[2],"tags":[],"class_list":["post-2255","post","type-post","status-publish","format-standard","has-post-thumbnail","hentry","category-principal"],"_links":{"self":[{"href":"https:\/\/www.maga.gob.gt\/sitios\/vipeten\/wp-json\/wp\/v2\/posts\/2255","targetHints":{"allow":["GET"]}}],"collection":[{"href":"https:\/\/www.maga.gob.gt\/sitios\/vipeten\/wp-json\/wp\/v2\/posts"}],"about":[{"href":"https:\/\/www.maga.gob.gt\/sitios\/vipeten\/wp-json\/wp\/v2\/types\/post"}],"author":[{"embeddable":true,"href":"https:\/\/www.maga.gob.gt\/sitios\/vipeten\/wp-json\/wp\/v2\/users\/2"}],"replies":[{"embeddable":true,"href":"https:\/\/www.maga.gob.gt\/sitios\/vipeten\/wp-json\/wp\/v2\/comments?post=2255"}],"version-history":[{"count":1,"href":"https:\/\/www.maga.gob.gt\/sitios\/vipeten\/wp-json\/wp\/v2\/posts\/2255\/revisions"}],"predecessor-version":[{"id":2257,"href":"https:\/\/www.maga.gob.gt\/sitios\/vipeten\/wp-json\/wp\/v2\/posts\/2255\/revisions\/2257"}],"wp:featuredmedia":[{"embeddable":true,"href":"https:\/\/www.maga.gob.gt\/sitios\/vipeten\/wp-json\/wp\/v2\/media\/2256"}],"wp:attachment":[{"href":"https:\/\/www.maga.gob.gt\/sitios\/vipeten\/wp-json\/wp\/v2\/media?parent=2255"}],"wp:term":[{"taxonomy":"category","embeddable":true,"href":"https:\/\/www.maga.gob.gt\/sitios\/vipeten\/wp-json\/wp\/v2\/categories?post=2255"},{"taxonomy":"post_tag","embeddable":true,"href":"https:\/\/www.maga.gob.gt\/sitios\/vipeten\/wp-json\/wp\/v2\/tags?post=2255"}],"curies":[{"name":"wp","href":"https:\/\/api.w.org\/{rel}","templated":true}]}}