{"id":1438,"date":"2026-03-13T11:56:42","date_gmt":"2026-03-13T17:56:42","guid":{"rendered":"https:\/\/www.maga.gob.gt\/sitios\/vider\/?p=1438"},"modified":"2026-03-13T11:56:42","modified_gmt":"2026-03-13T17:56:42","slug":"vacunan-ganado-y-fortalecen-la-productividad-en-chicaman","status":"publish","type":"post","link":"https:\/\/www.maga.gob.gt\/sitios\/vider\/vacunan-ganado-y-fortalecen-la-productividad-en-chicaman\/","title":{"rendered":"Vacunan ganado y fortalecen la productividad en Chicam\u00e1n"},"content":{"rendered":"<p style=\"text-align: justify;\">Una jornada de vacunaci\u00f3n que benefici\u00f3 a trece ganaderos de la Comunidad Chocorral, municipio de Chic\u00e1m\u00e1n, Quich\u00e9, realiz\u00f3 el Ministerio de Agricultura, Ganader\u00eda y Alimentaci\u00f3n (MAGA).<\/p>\n<p style=\"text-align: justify;\">Se aplicaron vacunas contra la rabia parat\u00edtica bovina y se inmunizaron 51 cabezas de ganado, lo cual fortaleci\u00f3 el patrimonio productivo de sus familias. La actividad fue organizada por el Viceministerio de Desarrollo Econ\u00f3mico Rural (VIDER) y el Viceministerio de Sanidad Agropecuaria y Regulaciones (VISAR).<\/p>\n<p style=\"text-align: justify;\"><img loading=\"lazy\" decoding=\"async\" class=\"alignnone size-full wp-image-656723\" src=\"https:\/\/www.maga.gob.gt\/wp-content\/uploads\/2026\/03\/Vacunan-ganado-y-fortalecen-la-productividad-en-Chicaman2.jpeg\" sizes=\"auto, (max-width: 1152px) 100vw, 1152px\" srcset=\"https:\/\/www.maga.gob.gt\/wp-content\/uploads\/2026\/03\/Vacunan-ganado-y-fortalecen-la-productividad-en-Chicaman2.jpeg 1152w, https:\/\/www.maga.gob.gt\/wp-content\/uploads\/2026\/03\/Vacunan-ganado-y-fortalecen-la-productividad-en-Chicaman2-300x169.jpeg 300w, https:\/\/www.maga.gob.gt\/wp-content\/uploads\/2026\/03\/Vacunan-ganado-y-fortalecen-la-productividad-en-Chicaman2-1024x576.jpeg 1024w, https:\/\/www.maga.gob.gt\/wp-content\/uploads\/2026\/03\/Vacunan-ganado-y-fortalecen-la-productividad-en-Chicaman2-768x432.jpeg 768w, https:\/\/www.maga.gob.gt\/wp-content\/uploads\/2026\/03\/Vacunan-ganado-y-fortalecen-la-productividad-en-Chicaman2-500x281.jpeg 500w\" alt=\"\" width=\"1152\" height=\"648\"><\/p>\n<p style=\"text-align: justify;\">Los productores, 10 hombres y 3 mujeres, tambi\u00e9n recibieron orientaci\u00f3n pr\u00e1ctica acerca de buenas pr\u00e1cticas de manejo ganadero y medidas sanitarias para prevenir enfermedades. Estas acciones les permitir\u00e1n incrementar su productividad, mejorar la calidad de sus animales y fortalecer la competitividad de la actividad ganadera en la regi\u00f3n.<\/p>\n<p style=\"text-align: justify;\"><img loading=\"lazy\" decoding=\"async\" class=\"alignnone size-full wp-image-656724\" src=\"https:\/\/www.maga.gob.gt\/wp-content\/uploads\/2026\/03\/Vacunan-ganado-y-fortalecen-la-productividad-en-Chicaman3.jpeg\" sizes=\"auto, (max-width: 1280px) 100vw, 1280px\" srcset=\"https:\/\/www.maga.gob.gt\/wp-content\/uploads\/2026\/03\/Vacunan-ganado-y-fortalecen-la-productividad-en-Chicaman3.jpeg 1280w, https:\/\/www.maga.gob.gt\/wp-content\/uploads\/2026\/03\/Vacunan-ganado-y-fortalecen-la-productividad-en-Chicaman3-300x169.jpeg 300w, https:\/\/www.maga.gob.gt\/wp-content\/uploads\/2026\/03\/Vacunan-ganado-y-fortalecen-la-productividad-en-Chicaman3-1024x576.jpeg 1024w, https:\/\/www.maga.gob.gt\/wp-content\/uploads\/2026\/03\/Vacunan-ganado-y-fortalecen-la-productividad-en-Chicaman3-768x432.jpeg 768w, https:\/\/www.maga.gob.gt\/wp-content\/uploads\/2026\/03\/Vacunan-ganado-y-fortalecen-la-productividad-en-Chicaman3-500x281.jpeg 500w\" alt=\"\" width=\"1280\" height=\"720\"><\/p>\n<p style=\"text-align: justify;\">La rabia parat\u00edtica bovina representa un riesgo serio en esta zona, ya que el murci\u00e9lago hemat\u00f3fago, su principal transmisor, tiene presencia activa en la regi\u00f3n. Esta enfermedad puede causar la muerte del ganado y, en casos extremos, afectar a otros animales e incluso a las personas. Vacunar a tiempo es la medida m\u00e1s efectiva para prevenir p\u00e9rdidas y proteger la inversi\u00f3n de los productores.<\/p>\n<p style=\"text-align: justify;\">El MAGA reafirma su compromiso de llegar a las comunidades rurales con servicios de sanidad animal y asistencia t\u00e9cnica. Porque un productor bien apoyado es la base del desarrollo agropecuario sostenible de Guatemala (WA\/NG\/ea).<\/p>\n<p style=\"text-align: justify;\"><img loading=\"lazy\" decoding=\"async\" class=\"alignnone size-full wp-image-656725\" src=\"https:\/\/www.maga.gob.gt\/wp-content\/uploads\/2026\/03\/Vacunan-ganado-y-fortalecen-la-productividad-en-Chicaman4.jpeg\" sizes=\"auto, (max-width: 1152px) 100vw, 1152px\" srcset=\"https:\/\/www.maga.gob.gt\/wp-content\/uploads\/2026\/03\/Vacunan-ganado-y-fortalecen-la-productividad-en-Chicaman4.jpeg 1152w, https:\/\/www.maga.gob.gt\/wp-content\/uploads\/2026\/03\/Vacunan-ganado-y-fortalecen-la-productividad-en-Chicaman4-300x181.jpeg 300w, https:\/\/www.maga.gob.gt\/wp-content\/uploads\/2026\/03\/Vacunan-ganado-y-fortalecen-la-productividad-en-Chicaman4-1024x617.jpeg 1024w, https:\/\/www.maga.gob.gt\/wp-content\/uploads\/2026\/03\/Vacunan-ganado-y-fortalecen-la-productividad-en-Chicaman4-768x463.jpeg 768w, https:\/\/www.maga.gob.gt\/wp-content\/uploads\/2026\/03\/Vacunan-ganado-y-fortalecen-la-productividad-en-Chicaman4-500x301.jpeg 500w\" alt=\"\" width=\"1152\" height=\"694\"><\/p>\n","protected":false},"excerpt":{"rendered":"<p>Una jornada de vacunaci\u00f3n que benefici\u00f3 a trece ganaderos de la Comunidad Chocorral, municipio de Chic\u00e1m\u00e1n, Quich\u00e9, realiz\u00f3 el Ministerio de Agricultura, Ganader\u00eda y Alimentaci\u00f3n (MAGA). Se aplicaron vacunas contra la rabia parat\u00edtica bovina y se inmunizaron 51 cabezas de ganado, lo cual fortaleci\u00f3 el patrimonio productivo de sus familias. La actividad fue organizada por [&hellip;]<\/p>\n","protected":false},"author":3,"featured_media":1439,"comment_status":"closed","ping_status":"closed","sticky":false,"template":"","format":"standard","meta":{"ngg_post_thumbnail":0,"footnotes":""},"categories":[3],"tags":[],"class_list":["post-1438","post","type-post","status-publish","format-standard","has-post-thumbnail","hentry","category-principal"],"aioseo_notices":[],"_links":{"self":[{"href":"https:\/\/www.maga.gob.gt\/sitios\/vider\/wp-json\/wp\/v2\/posts\/1438","targetHints":{"allow":["GET"]}}],"collection":[{"href":"https:\/\/www.maga.gob.gt\/sitios\/vider\/wp-json\/wp\/v2\/posts"}],"about":[{"href":"https:\/\/www.maga.gob.gt\/sitios\/vider\/wp-json\/wp\/v2\/types\/post"}],"author":[{"embeddable":true,"href":"https:\/\/www.maga.gob.gt\/sitios\/vider\/wp-json\/wp\/v2\/users\/3"}],"replies":[{"embeddable":true,"href":"https:\/\/www.maga.gob.gt\/sitios\/vider\/wp-json\/wp\/v2\/comments?post=1438"}],"version-history":[{"count":1,"href":"https:\/\/www.maga.gob.gt\/sitios\/vider\/wp-json\/wp\/v2\/posts\/1438\/revisions"}],"predecessor-version":[{"id":1440,"href":"https:\/\/www.maga.gob.gt\/sitios\/vider\/wp-json\/wp\/v2\/posts\/1438\/revisions\/1440"}],"wp:featuredmedia":[{"embeddable":true,"href":"https:\/\/www.maga.gob.gt\/sitios\/vider\/wp-json\/wp\/v2\/media\/1439"}],"wp:attachment":[{"href":"https:\/\/www.maga.gob.gt\/sitios\/vider\/wp-json\/wp\/v2\/media?parent=1438"}],"wp:term":[{"taxonomy":"category","embeddable":true,"href":"https:\/\/www.maga.gob.gt\/sitios\/vider\/wp-json\/wp\/v2\/categories?post=1438"},{"taxonomy":"post_tag","embeddable":true,"href":"https:\/\/www.maga.gob.gt\/sitios\/vider\/wp-json\/wp\/v2\/tags?post=1438"}],"curies":[{"name":"wp","href":"https:\/\/api.w.org\/{rel}","templated":true}]}}