{"id":1435,"date":"2026-03-11T09:53:17","date_gmt":"2026-03-11T15:53:17","guid":{"rendered":"https:\/\/www.maga.gob.gt\/sitios\/vider\/?p=1435"},"modified":"2026-03-11T09:53:17","modified_gmt":"2026-03-11T15:53:17","slug":"guatemala-participa-en-la-quinta-asamblea-general-de-kolfaci","status":"publish","type":"post","link":"https:\/\/www.maga.gob.gt\/sitios\/vider\/guatemala-participa-en-la-quinta-asamblea-general-de-kolfaci\/","title":{"rendered":"Guatemala participa en la Quinta Asamblea General de KoLFACI"},"content":{"rendered":"<p style=\"text-align: justify;\">El viceministro de Desarrollo Econ\u00f3mico Rural (VIDER), Jos\u00e9 Antonio L\u00f3pez Leonardo, acompa\u00f1ado de Edilsar Rudecindo Mazariegos Hern\u00e1ndez, director de Frutales del Instituto de Ciencia y Tecnolog\u00eda Agr\u00edcolas (ICTA), integran la delegaci\u00f3n guatemalteca que participa en la Quinta Asamblea General de la Korea\u2013Latin America Food &amp; Agriculture Cooperation Initiative (KoLFACI), celebrada en Asunci\u00f3n, Paraguay.<\/p>\n<p style=\"text-align: justify;\">KoLFACI es una plataforma de cooperaci\u00f3n cient\u00edfica y tecnol\u00f3gica que une a la Rep\u00fablica de Corea con 15 pa\u00edses de Am\u00e9rica Latina y el Caribe. Su objetivo es impulsar la innovaci\u00f3n agr\u00edcola y el intercambio de conocimiento para fortalecer el desarrollo sostenible del sector agroalimentario en la regi\u00f3n.<\/p>\n<p style=\"text-align: justify;\"><img loading=\"lazy\" decoding=\"async\" class=\"alignnone size-full wp-image-656492\" src=\"https:\/\/www.maga.gob.gt\/wp-content\/uploads\/2026\/03\/Asamblea-General-de-KoLFACI-en-Paraguay2.jpeg\" sizes=\"auto, (max-width: 1152px) 100vw, 1152px\" srcset=\"https:\/\/www.maga.gob.gt\/wp-content\/uploads\/2026\/03\/Asamblea-General-de-KoLFACI-en-Paraguay2.jpeg 1152w, https:\/\/www.maga.gob.gt\/wp-content\/uploads\/2026\/03\/Asamblea-General-de-KoLFACI-en-Paraguay2-300x170.jpeg 300w, https:\/\/www.maga.gob.gt\/wp-content\/uploads\/2026\/03\/Asamblea-General-de-KoLFACI-en-Paraguay2-1024x581.jpeg 1024w, https:\/\/www.maga.gob.gt\/wp-content\/uploads\/2026\/03\/Asamblea-General-de-KoLFACI-en-Paraguay2-768x436.jpeg 768w, https:\/\/www.maga.gob.gt\/wp-content\/uploads\/2026\/03\/Asamblea-General-de-KoLFACI-en-Paraguay2-500x284.jpeg 500w\" alt=\"\" width=\"1152\" height=\"654\"><\/p>\n<p style=\"text-align: justify;\">Durante la asamblea, los pa\u00edses miembros acordaron avanzar en investigaci\u00f3n conjunta en \u00e1reas prioritarias: mejoramiento del cultivo de papa y camote frente al cambio clim\u00e1tico, control de plagas agravadas por el cambio clim\u00e1tico, recolecci\u00f3n de recursos gen\u00e9ticos ganaderos y gesti\u00f3n digital.<\/p>\n<p style=\"text-align: justify;\">Estos compromisos abren la puerta a la investigaci\u00f3n conjunta con Corea y los dem\u00e1s pa\u00edses latinoamericanos, con el prop\u00f3sito de llevar tecnolog\u00eda y conocimiento directamente a los productores guatemaltecos.<\/p>\n<p style=\"text-align: justify;\"><img loading=\"lazy\" decoding=\"async\" class=\"alignnone size-full wp-image-656493\" src=\"https:\/\/www.maga.gob.gt\/wp-content\/uploads\/2026\/03\/Asamblea-General-de-KoLFACI-en-Paraguay3.jpeg\" sizes=\"auto, (max-width: 1152px) 100vw, 1152px\" srcset=\"https:\/\/www.maga.gob.gt\/wp-content\/uploads\/2026\/03\/Asamblea-General-de-KoLFACI-en-Paraguay3.jpeg 1152w, https:\/\/www.maga.gob.gt\/wp-content\/uploads\/2026\/03\/Asamblea-General-de-KoLFACI-en-Paraguay3-300x193.jpeg 300w, https:\/\/www.maga.gob.gt\/wp-content\/uploads\/2026\/03\/Asamblea-General-de-KoLFACI-en-Paraguay3-1024x660.jpeg 1024w, https:\/\/www.maga.gob.gt\/wp-content\/uploads\/2026\/03\/Asamblea-General-de-KoLFACI-en-Paraguay3-768x495.jpeg 768w, https:\/\/www.maga.gob.gt\/wp-content\/uploads\/2026\/03\/Asamblea-General-de-KoLFACI-en-Paraguay3-500x322.jpeg 500w\" alt=\"\" width=\"1152\" height=\"743\"><\/p>\n<p style=\"text-align: justify;\">La asamblea cont\u00f3 con la coordinaci\u00f3n del Instituto Paraguayo de Tecnolog\u00eda Agraria (IPTA) y el apoyo del Instituto Interamericano de Cooperaci\u00f3n para la Agricultura (IICA). Reuni\u00f3 a representantes de 15 institutos de investigaci\u00f3n agr\u00edcola de la regi\u00f3n.<\/p>\n<p style=\"text-align: justify;\">La participaci\u00f3n en estos espacios es clave para el MAGA, pues permite fortalecer el campo guatemalteco, enfrentar el cambio clim\u00e1tico, proteger los cultivos y modernizar el sector pecuario con respaldo cient\u00edfico internacional (NG\/ea).<\/p>\n<p style=\"text-align: justify;\"><img loading=\"lazy\" decoding=\"async\" class=\"alignnone size-full wp-image-656494\" src=\"https:\/\/www.maga.gob.gt\/wp-content\/uploads\/2026\/03\/Asamblea-General-de-KoLFACI-en-Paraguay4.jpeg\" sizes=\"auto, (max-width: 1152px) 100vw, 1152px\" srcset=\"https:\/\/www.maga.gob.gt\/wp-content\/uploads\/2026\/03\/Asamblea-General-de-KoLFACI-en-Paraguay4.jpeg 1152w, https:\/\/www.maga.gob.gt\/wp-content\/uploads\/2026\/03\/Asamblea-General-de-KoLFACI-en-Paraguay4-300x162.jpeg 300w, https:\/\/www.maga.gob.gt\/wp-content\/uploads\/2026\/03\/Asamblea-General-de-KoLFACI-en-Paraguay4-1024x552.jpeg 1024w, https:\/\/www.maga.gob.gt\/wp-content\/uploads\/2026\/03\/Asamblea-General-de-KoLFACI-en-Paraguay4-768x414.jpeg 768w, https:\/\/www.maga.gob.gt\/wp-content\/uploads\/2026\/03\/Asamblea-General-de-KoLFACI-en-Paraguay4-500x270.jpeg 500w\" alt=\"\" width=\"1152\" height=\"621\"><\/p>\n","protected":false},"excerpt":{"rendered":"<p>El viceministro de Desarrollo Econ\u00f3mico Rural (VIDER), Jos\u00e9 Antonio L\u00f3pez Leonardo, acompa\u00f1ado de Edilsar Rudecindo Mazariegos Hern\u00e1ndez, director de Frutales del Instituto de Ciencia y Tecnolog\u00eda Agr\u00edcolas (ICTA), integran la delegaci\u00f3n guatemalteca que participa en la Quinta Asamblea General de la Korea\u2013Latin America Food &amp; Agriculture Cooperation Initiative (KoLFACI), celebrada en Asunci\u00f3n, Paraguay. KoLFACI es [&hellip;]<\/p>\n","protected":false},"author":3,"featured_media":1436,"comment_status":"closed","ping_status":"closed","sticky":false,"template":"","format":"standard","meta":{"ngg_post_thumbnail":0,"footnotes":""},"categories":[3],"tags":[],"class_list":["post-1435","post","type-post","status-publish","format-standard","has-post-thumbnail","hentry","category-principal"],"aioseo_notices":[],"_links":{"self":[{"href":"https:\/\/www.maga.gob.gt\/sitios\/vider\/wp-json\/wp\/v2\/posts\/1435","targetHints":{"allow":["GET"]}}],"collection":[{"href":"https:\/\/www.maga.gob.gt\/sitios\/vider\/wp-json\/wp\/v2\/posts"}],"about":[{"href":"https:\/\/www.maga.gob.gt\/sitios\/vider\/wp-json\/wp\/v2\/types\/post"}],"author":[{"embeddable":true,"href":"https:\/\/www.maga.gob.gt\/sitios\/vider\/wp-json\/wp\/v2\/users\/3"}],"replies":[{"embeddable":true,"href":"https:\/\/www.maga.gob.gt\/sitios\/vider\/wp-json\/wp\/v2\/comments?post=1435"}],"version-history":[{"count":1,"href":"https:\/\/www.maga.gob.gt\/sitios\/vider\/wp-json\/wp\/v2\/posts\/1435\/revisions"}],"predecessor-version":[{"id":1437,"href":"https:\/\/www.maga.gob.gt\/sitios\/vider\/wp-json\/wp\/v2\/posts\/1435\/revisions\/1437"}],"wp:featuredmedia":[{"embeddable":true,"href":"https:\/\/www.maga.gob.gt\/sitios\/vider\/wp-json\/wp\/v2\/media\/1436"}],"wp:attachment":[{"href":"https:\/\/www.maga.gob.gt\/sitios\/vider\/wp-json\/wp\/v2\/media?parent=1435"}],"wp:term":[{"taxonomy":"category","embeddable":true,"href":"https:\/\/www.maga.gob.gt\/sitios\/vider\/wp-json\/wp\/v2\/categories?post=1435"},{"taxonomy":"post_tag","embeddable":true,"href":"https:\/\/www.maga.gob.gt\/sitios\/vider\/wp-json\/wp\/v2\/tags?post=1435"}],"curies":[{"name":"wp","href":"https:\/\/api.w.org\/{rel}","templated":true}]}}