{"id":1429,"date":"2026-03-09T11:53:41","date_gmt":"2026-03-09T17:53:41","guid":{"rendered":"https:\/\/www.maga.gob.gt\/sitios\/vider\/?p=1429"},"modified":"2026-03-09T11:53:41","modified_gmt":"2026-03-09T17:53:41","slug":"fortalecen-capacidades-de-pequenos-caficultores-previo-al-coffee-trade-2026","status":"publish","type":"post","link":"https:\/\/www.maga.gob.gt\/sitios\/vider\/fortalecen-capacidades-de-pequenos-caficultores-previo-al-coffee-trade-2026\/","title":{"rendered":"Fortalecen capacidades de peque\u00f1os caficultores previo al Coffee Trade 2026"},"content":{"rendered":"<p style=\"text-align: justify;\">Un grupo de diecis\u00e9is productores de caf\u00e9, de ocho organizaciones, participaron en una jornada de capacitaci\u00f3n t\u00e9cnica y comercial organizada, con el objetivo de prepararlos para competir con \u00e9xito en el Coffee Trade 2026 y aprovechar al m\u00e1ximo las oportunidades que ofrece el mercado internacional.<\/p>\n<p style=\"text-align: justify;\">La instrucci\u00f3n estuvo a cargo de personal de la Direcci\u00f3n de Fortalecimiento para la Organizaci\u00f3n Productiva y Comercializaci\u00f3n (DIFOPROCO) del Viceministerio de Desarrollo Econ\u00f3mico Rural (VIDER), del Ministerio de Agricultura, Ganader\u00eda y Alimentaci\u00f3n (MAGA).<\/p>\n<p style=\"text-align: justify;\">Durante la jornada, los participantes accedieron a informaci\u00f3n actualizada relativas a estad\u00edsticas del sector, tendencias globales y estrategias de exportaci\u00f3n. Con ello, no solo ampl\u00edan sus conocimientos, sino su capacidad de tomar mejores decisiones para sus familias y comunidades.<\/p>\n<p style=\"text-align: justify;\"><img loading=\"lazy\" decoding=\"async\" class=\"alignnone size-full wp-image-656200\" src=\"https:\/\/www.maga.gob.gt\/wp-content\/uploads\/2026\/03\/Fortalecen-capacidades-de-pequenos-caficultores-previo-al-Coffee-Trade-20262.jpeg\" sizes=\"auto, (max-width: 1600px) 100vw, 1600px\" srcset=\"https:\/\/www.maga.gob.gt\/wp-content\/uploads\/2026\/03\/Fortalecen-capacidades-de-pequenos-caficultores-previo-al-Coffee-Trade-20262.jpeg 1600w, https:\/\/www.maga.gob.gt\/wp-content\/uploads\/2026\/03\/Fortalecen-capacidades-de-pequenos-caficultores-previo-al-Coffee-Trade-20262-300x225.jpeg 300w, https:\/\/www.maga.gob.gt\/wp-content\/uploads\/2026\/03\/Fortalecen-capacidades-de-pequenos-caficultores-previo-al-Coffee-Trade-20262-1024x768.jpeg 1024w, https:\/\/www.maga.gob.gt\/wp-content\/uploads\/2026\/03\/Fortalecen-capacidades-de-pequenos-caficultores-previo-al-Coffee-Trade-20262-768x576.jpeg 768w, https:\/\/www.maga.gob.gt\/wp-content\/uploads\/2026\/03\/Fortalecen-capacidades-de-pequenos-caficultores-previo-al-Coffee-Trade-20262-1536x1152.jpeg 1536w, https:\/\/www.maga.gob.gt\/wp-content\/uploads\/2026\/03\/Fortalecen-capacidades-de-pequenos-caficultores-previo-al-Coffee-Trade-20262-500x375.jpeg 500w\" alt=\"\" width=\"1600\" height=\"1200\"><\/p>\n<p style=\"text-align: justify;\">Las organizaciones participantes fueron: Cooperativa COAFI, Cooperativa San Miguel Due\u00f1as, Asociaci\u00f3n APROCOLIS, Cooperativa San Lucas Tolim\u00e1n, Cooperativa Rancho Viejo, Cooperativa La Voz que Clama en el Desierto, Asociaci\u00f3n ADECNISA y Cooperativa COSAMAJ.<\/p>\n<p style=\"text-align: justify;\">Guatemala cuenta con 376 mil hect\u00e1reas dedicadas al cultivo de caf\u00e9. Esta \u00e1rea es considerada como el sistema agroforestal m\u00e1s grande del pa\u00eds y se posiciona en el puesto 11 de las exportaciones mundiales, con una participaci\u00f3n del 2.46% seg\u00fan datos del USDA. Un logro que se construye, en gran medida, gracias al trabajo de productores como los que participaron en esta jornada.<\/p>\n<p style=\"text-align: justify;\">Coffee Trade se realizar\u00e1 del 18 al 20 de marzo en La Antigua Guatemala y tiene como objetivo mostrar la oferta exportable del pa\u00eds y, sobre todo, generar negocios concretos con mercados internacionales que buscan caf\u00e9s de alta calidad, trazabilidad y sostenibilidad.<\/p>\n<p style=\"text-align: justify;\">Con acciones como esta, el MAGA reafirma su compromiso de poner al productor en el centro: d\u00e1ndole herramientas reales para crecer, conectarse con el mundo y llevar el caf\u00e9 guatemalteco a\u00fan m\u00e1s lejos (WA\/NG).<\/p>\n<p style=\"text-align: justify;\"><img loading=\"lazy\" decoding=\"async\" class=\"alignnone size-full wp-image-656201\" src=\"https:\/\/www.maga.gob.gt\/wp-content\/uploads\/2026\/03\/Fortalecen-capacidades-de-pequenos-caficultores-previo-al-Coffee-Trade-20263.jpeg\" sizes=\"auto, (max-width: 1600px) 100vw, 1600px\" srcset=\"https:\/\/www.maga.gob.gt\/wp-content\/uploads\/2026\/03\/Fortalecen-capacidades-de-pequenos-caficultores-previo-al-Coffee-Trade-20263.jpeg 1600w, https:\/\/www.maga.gob.gt\/wp-content\/uploads\/2026\/03\/Fortalecen-capacidades-de-pequenos-caficultores-previo-al-Coffee-Trade-20263-300x225.jpeg 300w, https:\/\/www.maga.gob.gt\/wp-content\/uploads\/2026\/03\/Fortalecen-capacidades-de-pequenos-caficultores-previo-al-Coffee-Trade-20263-1024x768.jpeg 1024w, https:\/\/www.maga.gob.gt\/wp-content\/uploads\/2026\/03\/Fortalecen-capacidades-de-pequenos-caficultores-previo-al-Coffee-Trade-20263-768x576.jpeg 768w, https:\/\/www.maga.gob.gt\/wp-content\/uploads\/2026\/03\/Fortalecen-capacidades-de-pequenos-caficultores-previo-al-Coffee-Trade-20263-1536x1152.jpeg 1536w, https:\/\/www.maga.gob.gt\/wp-content\/uploads\/2026\/03\/Fortalecen-capacidades-de-pequenos-caficultores-previo-al-Coffee-Trade-20263-500x375.jpeg 500w\" alt=\"\" width=\"1600\" height=\"1200\"><\/p>\n","protected":false},"excerpt":{"rendered":"<p>Un grupo de diecis\u00e9is productores de caf\u00e9, de ocho organizaciones, participaron en una jornada de capacitaci\u00f3n t\u00e9cnica y comercial organizada, con el objetivo de prepararlos para competir con \u00e9xito en el Coffee Trade 2026 y aprovechar al m\u00e1ximo las oportunidades que ofrece el mercado internacional. La instrucci\u00f3n estuvo a cargo de personal de la Direcci\u00f3n [&hellip;]<\/p>\n","protected":false},"author":3,"featured_media":1430,"comment_status":"closed","ping_status":"closed","sticky":false,"template":"","format":"standard","meta":{"ngg_post_thumbnail":0,"footnotes":""},"categories":[3],"tags":[],"class_list":["post-1429","post","type-post","status-publish","format-standard","has-post-thumbnail","hentry","category-principal"],"aioseo_notices":[],"_links":{"self":[{"href":"https:\/\/www.maga.gob.gt\/sitios\/vider\/wp-json\/wp\/v2\/posts\/1429","targetHints":{"allow":["GET"]}}],"collection":[{"href":"https:\/\/www.maga.gob.gt\/sitios\/vider\/wp-json\/wp\/v2\/posts"}],"about":[{"href":"https:\/\/www.maga.gob.gt\/sitios\/vider\/wp-json\/wp\/v2\/types\/post"}],"author":[{"embeddable":true,"href":"https:\/\/www.maga.gob.gt\/sitios\/vider\/wp-json\/wp\/v2\/users\/3"}],"replies":[{"embeddable":true,"href":"https:\/\/www.maga.gob.gt\/sitios\/vider\/wp-json\/wp\/v2\/comments?post=1429"}],"version-history":[{"count":1,"href":"https:\/\/www.maga.gob.gt\/sitios\/vider\/wp-json\/wp\/v2\/posts\/1429\/revisions"}],"predecessor-version":[{"id":1431,"href":"https:\/\/www.maga.gob.gt\/sitios\/vider\/wp-json\/wp\/v2\/posts\/1429\/revisions\/1431"}],"wp:featuredmedia":[{"embeddable":true,"href":"https:\/\/www.maga.gob.gt\/sitios\/vider\/wp-json\/wp\/v2\/media\/1430"}],"wp:attachment":[{"href":"https:\/\/www.maga.gob.gt\/sitios\/vider\/wp-json\/wp\/v2\/media?parent=1429"}],"wp:term":[{"taxonomy":"category","embeddable":true,"href":"https:\/\/www.maga.gob.gt\/sitios\/vider\/wp-json\/wp\/v2\/categories?post=1429"},{"taxonomy":"post_tag","embeddable":true,"href":"https:\/\/www.maga.gob.gt\/sitios\/vider\/wp-json\/wp\/v2\/tags?post=1429"}],"curies":[{"name":"wp","href":"https:\/\/api.w.org\/{rel}","templated":true}]}}